{"id":151605,"date":"2025-10-07T15:27:09","date_gmt":"2025-10-07T15:27:09","guid":{"rendered":"https:\/\/www.europesays.com\/it\/151605\/"},"modified":"2025-10-07T15:27:09","modified_gmt":"2025-10-07T15:27:09","slug":"ricordiamo-i-cristiani-che-sconfissero-lislam","status":"publish","type":"post","link":"https:\/\/www.europesays.com\/it\/151605\/","title":{"rendered":"Ricordiamo i cristiani che sconfissero l\u2019islam"},"content":{"rendered":"<p>La Battaglia di Lepanto del 7 ottobre 1571 di Andries Van Eertvelt, dipinto del 1640 (Getty Images)\n    <\/p>\n<p>La grande lezione della battaglia di Lepanto, combattuta il 7 ottobre 1571, e la jihad dei giorni nostri.Stamane a mezzogiorno in punto, come accade da 454 anni, le campane di tutte le chiese cattoliche batteranno rintocchi di gioia. Molti, increduli, si chiederanno perch\u00e9. \u00c8 il nostro 7 ottobre che offre all\u2019Europa un\u2019eccezionale occasione: commemorare le vittime ebree della strage perpetrata da Hamas nel 2023 e ribadire le nostre radici cristiane. Papa Pio V l\u2019inquisitore &#8211; narra la leggenda &#8211; ebbe la visione, favorita dalla Madonna, della vittoria a Lepanto della Lega Santa sulla flotta ottomana proprio alle 12 del 7 ottobre e ordin\u00f2 che si desse l\u2019annuncio con rintocchi di festa. La conferma della vittoria arriver\u00e0 a Roma quasi un mese pi\u00f9 tardi quando l\u2019ammiraglio Marcantonio Colonna &#8211; uno degli artefici della vittoria unitamente alle navi toscane, veneziane e con Giovanni d\u2019Austria a capo di tutta la spedizione &#8211; che comandava le galee pontificie fece rientro trionfale. A Subiaco nella biblioteca del primo monastero di San Benedetto sono custoditi i diari di bordo di Marcantonio Colonna e c\u2019\u00e8 questa eccezionale sintonia tra il patrono d\u2019Europa e l\u2019ammiraglio che salv\u00f2 l\u2019Europa. Noi di quel sette ottobre, della battaglia di Lepanto ci siamo dimenticati. Non loro; i discendenti di Selim II il sultano ottomano che voleva conquistare il Mediterraneo e rendere schiavi i cristiani se ne sono ricordati: il 7 ottobre giorno delle stragi che Hamas ha compiuto in Israele con la cosiddetta \u00aboperazione diluvio\u00bb ha una sola ricorrenza di calendario: la sconfitta dei mussulmani a Lepanto. Si \u00e8 tentato di affermare che il massacro operato dai jihadisti partiti da Gaza e che hanno ucciso almeno 1200 ebrei di cui 900 civili, hanno rapito 300 israeliani tra cui almeno 50 bambini, hanno stuprato centinaia di donne, hanno bruciato i feti strappati dalle mamme incinte che sono state squartate, era una ritorsione per l\u2019attacco alla moschea di al-Aqsa o che cadeva nel cinquantesimo anniversario della guerra dello Yom Kippur del 1973. Ma quel conflitto scoppi\u00f2 il 6 ottobre. Il riferimento \u00e8 Lepanto! Non \u00e8 un caso che la Turchia appoggi apertamente i terroristi arabi. Recep Tayyp Erdogan il quasi-dittatore turco che sta nella Nato, ma \u00e8 contro l\u2019Occidente ha affermato che \u00abHamas \u00e8 composta e sostenuta da combattenti per la liberazione, non da terroristi\u00bb. Il loro sette ottobre \u00e8 massacro di ebrei e sfida all\u2019Occidente; \u00e8 una rivincita alla memoria della battaglia di Lepanto. Sentendo oggi a mezzogiorno il rintocco delle campane dovremmo rammentarcela quella data che dovrebbe assurgere a Festa Nazionale dell\u2019Europa. \u00c8 manifesto che dietro il sostegno a Gaza si cela un disegno anti occidentale. A disvelarlo bastano le analogie tra Lepanto e l\u2019oggi. La Flotilla s\u2019\u00e8 mossa lungo la stessa rotta delle galee della Lega Santa che si radunarono a Messina per concentrarsi poi a Cefalonia il e andare allo scontro finale davanti a Lepanto. Su quelle 215 tra galee e galeazze era riunita la Lega a difesa della cristianit\u00e0, sulla Flotilla era imbarcata una lega contro la cristianit\u00e0 che viene oggi esaltata dai filo-mussulmani arrivati con i barconi in Occidente per inverare la \u00absunna\u00bb. Le analogie non sono finite; Papa Pio V costitu\u00ec la Lega Santa dopo che a Famagosta &#8211; citt\u00e0 veneziana che la Serenissima aveva perduto ed esortava la cristianit\u00e0 alla riconquista &#8211; i turchi avevano sterminato la popolazione civile, scuoiato vivo il comandante veneziano Marcantonio Bragadin tradendo gli accordi di pace sottoscritti da Lala Mustaf\u00e0. \u00c8 la cronaca di oggi: Hamas ha tradito gli accordi di Abramo, ha scuoiato i bambini ebrei, ma conta sull\u2019ignavia dell\u2019Occidente. Perci\u00f2 il sette ottobre non deve essere la commemorazione in cui Israele da solo ricorda i suoi morti, ma deve diventare di nuovo una celebrazione della cristianit\u00e0 e dell\u2019Occidente. Oggi nelle nostre scuole si dovrebbe ricordare la battaglia di Lepanto. Quando eravamo studenti, noi a Pisa s\u2019andava nella chiesa di Santo Stefano in piazza dei Cavalieri a fianco della Sapienza a chiedere \u00abmisericordia\u00bb prima di un esame tosto sotto le bandiere catturate ai turchi. Oggi quell\u2019universit\u00e0 ripudia gli ebrei. A Loreto la Madonna nera \u00e8 celebrata anche come \u00abNostra Signora della Vittoria\u00bb &#8211; a Porto Recanati furono accolti e curati i nobili cristiani feriti nel conflitto navale &#8211; e sfogliando il Don Chisciotte &#8211; manifesto della cultura europea &#8211; si riconosce il Miguel de Cervantes ufficiale sulle galee spagnole. Ma n\u00e9 a Loreto n\u00e9 nelle biblioteche c\u2019\u00e8 traccia dello spirito di Lepanto. Mentre al Cairo si tratta ci si dovrebbe ricordare di come Venezia dopo due anni da Lepanto fu costretta comunque a pattegiare con il gran visir Sokollu perch\u00e9 la Lega Santa tra mille dispute si era dissolta. E il turco disse al doge Alvise Moncenigo: \u00abSe concedi a me potrai fidarti pi\u00f9 dei turchi che dei cristiani.\u00bb Non sono forse le stesse blandizie di Erdogan che si propone come mediatore di tutto di fronte alle debolezze europee sul fronte ucraino e su quello palestinese? Il nostro sette ottobre potrebbe ricordarci che Papa Pio V rinchiuse gli ebrei nei ghetti di Roma, Avignone e Ancona, li espropri\u00f2 di ogni avere e tent\u00f2 di convertirli a forza. Niente per\u00f2 in confronto di ci\u00f2 che accade oggi quando Francesca Albanese &#8211; diventata l\u2019anti-madonna pellegrina dei pro-Pal &#8211; fugge rabbiosa di fronte all\u2019evocazione di Liliana Segre, deportata ad Auschwitz, che la sinistra ha voluto senatrice a vita per innalzarla come simbolo della resistenza contro la destra al potere, ma che \u00e8 oggi incapace di difendere dalla furia antisemita rivelando tutta la sua ipocrisia. Contro questa ipocrisia che nasconde dietro le bandiere della Palestina innalzate da Elly Schlein e da Maurizio Landini la volont\u00e0 di distruggere l\u2019Occidente e di liquidare il governo di Giorgia Meloni democraticamente eletto, dovrebbe tornare a garrire il vessillo di Lepanto: l\u2019ultimo simbolo della coscienza cristiana dell\u2019Europa.\n<\/p>\n<p>\n        La neo premier giapponese Sanae Takaichi (Ansa)\n    <\/p>\n<p>\n        Andrej Babis (Getty Images)\n    <\/p>\n<p>\n        (Totaleu)\n    <\/p>\n<p>Lo ha dichiarato l&#8217;eurodeputato di Fratelli d&#8217;Italia in un intervento durante la sessione plenaria del Parlamento europeo di Strasburgo.<\/p>\n","protected":false},"excerpt":{"rendered":"La Battaglia di Lepanto del 7 ottobre 1571 di Andries Van Eertvelt, dipinto del 1640 (Getty Images) La&hellip;\n","protected":false},"author":3,"featured_media":151606,"comment_status":"","ping_status":"","sticky":false,"template":"","format":"standard","meta":{"footnotes":""},"categories":[160],"tags":[93775,93747,30826,2233,93776,8789,14,164,165,1634,62576,93774,166,966,7,15,1567,11,167,12,168,161,162,163],"class_list":{"0":"post-151605","1":"post","2":"type-post","3":"status-publish","4":"format-standard","5":"has-post-thumbnail","7":"category-mondo","8":"tag-93775","9":"tag-7-ottobre","10":"tag-anniversario","11":"tag-battaglia","12":"tag-battaglia-lepanto","13":"tag-cristiani","14":"tag-cronaca","15":"tag-dal-mondo","16":"tag-dalmondo","17":"tag-islam","18":"tag-jihad","19":"tag-lepanto","20":"tag-mondo","21":"tag-musulmani","22":"tag-news","23":"tag-notizie","24":"tag-storia","25":"tag-ultime-notizie","26":"tag-ultime-notizie-di-mondo","27":"tag-ultimenotizie","28":"tag-ultimenotiziedimondo","29":"tag-world","30":"tag-world-news","31":"tag-worldnews"},"share_on_mastodon":{"url":"","error":""},"_links":{"self":[{"href":"https:\/\/www.europesays.com\/it\/wp-json\/wp\/v2\/posts\/151605","targetHints":{"allow":["GET"]}}],"collection":[{"href":"https:\/\/www.europesays.com\/it\/wp-json\/wp\/v2\/posts"}],"about":[{"href":"https:\/\/www.europesays.com\/it\/wp-json\/wp\/v2\/types\/post"}],"author":[{"embeddable":true,"href":"https:\/\/www.europesays.com\/it\/wp-json\/wp\/v2\/users\/3"}],"replies":[{"embeddable":true,"href":"https:\/\/www.europesays.com\/it\/wp-json\/wp\/v2\/comments?post=151605"}],"version-history":[{"count":0,"href":"https:\/\/www.europesays.com\/it\/wp-json\/wp\/v2\/posts\/151605\/revisions"}],"wp:featuredmedia":[{"embeddable":true,"href":"https:\/\/www.europesays.com\/it\/wp-json\/wp\/v2\/media\/151606"}],"wp:attachment":[{"href":"https:\/\/www.europesays.com\/it\/wp-json\/wp\/v2\/media?parent=151605"}],"wp:term":[{"taxonomy":"category","embeddable":true,"href":"https:\/\/www.europesays.com\/it\/wp-json\/wp\/v2\/categories?post=151605"},{"taxonomy":"post_tag","embeddable":true,"href":"https:\/\/www.europesays.com\/it\/wp-json\/wp\/v2\/tags?post=151605"}],"curies":[{"name":"wp","href":"https:\/\/api.w.org\/{rel}","templated":true}]}}