{"id":151613,"date":"2025-10-07T15:32:10","date_gmt":"2025-10-07T15:32:10","guid":{"rendered":"https:\/\/www.europesays.com\/it\/151613\/"},"modified":"2025-10-07T15:32:10","modified_gmt":"2025-10-07T15:32:10","slug":"vicino-ai-bisogni-del-territorio","status":"publish","type":"post","link":"https:\/\/www.europesays.com\/it\/151613\/","title":{"rendered":"Vicino ai bisogni del territorio"},"content":{"rendered":"<p>Un servizio &#8220;vicino ai bisogni del territorio, rimodulato per rispondere ancora meglio alle necessit\u00e0 dei residenti durante tutto l&#8217;anno, e dei turisti nei periodi estivi&#8221;. Una nota dell&#8217;Ausl ha spiegato che &#8220;a partire da luned\u00ec 13 ottobre 2025, il <strong>Centro Assistenza Urgenza<\/strong> di Comacchio, situato nella Casa della comunit\u00e0 di via Raimondo Felletti 2, sar\u00e0 aperto con libero accesso per necessit\u00e0 cliniche urgenti tutti i giorni dalle ore 8 alle 20&#8243;.<\/p>\n<p><a href=\"https:\/\/www.whatsapp.com\/channel\/0029VaFzqNtE50Uj3r6Tng2B\" rel=\"nofollow noopener\" target=\"_blank\"><strong>Iscriviti al canale WhatsApp di FerraraToday<\/strong><\/a><\/p>\n<p>In questa fascia oraria di attivit\u00e0 &#8220;sar\u00e0 possibile rispondere alla maggior parte dei bisogni urgenti dei cittadini che effettivamente ricorrono alle cure mediche nella struttura e continueranno a trovare medico, infermiere e tecnologie di supporto alla diagnosi&#8221;.<\/p>\n<p>La nota ha aggiunto che &#8220;le poche urgenze notturne che si sono verificate nei mesi estivi a carico soprattutto dei turisti, a partire dal mese di settembre si sono ulteriormente ridotte e i cittadini residenti potranno continuare ad avere risposta all&#8217;urgenza da parte del servizio di Continuit\u00e0 assistenziale&#8221;.<\/p>\n<p>Per accedere al servizio di Continuit\u00e0 assistenziale \u00e8 obbligatorio contattare il numero verde 800087601, &#8220;per ottenere i migliori consigli e le necessarie indicazioni sanitarie sulla base delle condizioni cliniche che devono essere riferite all&#8217;operatore. Sar\u00e0 possibile ricevere l&#8217;indicazione di recarsi a visita in ambulatorio (fino alle ore 22) e\/o ricevere la visita domiciliare in base alle reali ed effettive necessit\u00e0&#8221;.<\/p>\n","protected":false},"excerpt":{"rendered":"Un servizio &#8220;vicino ai bisogni del territorio, rimodulato per rispondere ancora meglio alle necessit\u00e0 dei residenti durante tutto&hellip;\n","protected":false},"author":3,"featured_media":151614,"comment_status":"","ping_status":"","sticky":false,"template":"","format":"standard","meta":{"footnotes":""},"categories":[1481],"tags":[2065,2066,21260,22919,239,2063,2064,1537,90,89,16559,93798,240,301,669,440,93797],"class_list":{"0":"post-151613","1":"post","2":"type-post","3":"status-publish","4":"format-standard","5":"has-post-thumbnail","7":"category-assistenza-sanitaria","8":"tag-assistenza-sanitaria","9":"tag-assistenzasanitaria","10":"tag-bisogni","11":"tag-cau","12":"tag-health","13":"tag-health-care","14":"tag-healthcare","15":"tag-it","16":"tag-italia","17":"tag-italy","18":"tag-riduzione","19":"tag-rimodulazione","20":"tag-salute","21":"tag-sanita","22":"tag-servizio","23":"tag-territorio","24":"tag-urgenze"},"share_on_mastodon":{"url":"","error":""},"_links":{"self":[{"href":"https:\/\/www.europesays.com\/it\/wp-json\/wp\/v2\/posts\/151613","targetHints":{"allow":["GET"]}}],"collection":[{"href":"https:\/\/www.europesays.com\/it\/wp-json\/wp\/v2\/posts"}],"about":[{"href":"https:\/\/www.europesays.com\/it\/wp-json\/wp\/v2\/types\/post"}],"author":[{"embeddable":true,"href":"https:\/\/www.europesays.com\/it\/wp-json\/wp\/v2\/users\/3"}],"replies":[{"embeddable":true,"href":"https:\/\/www.europesays.com\/it\/wp-json\/wp\/v2\/comments?post=151613"}],"version-history":[{"count":0,"href":"https:\/\/www.europesays.com\/it\/wp-json\/wp\/v2\/posts\/151613\/revisions"}],"wp:featuredmedia":[{"embeddable":true,"href":"https:\/\/www.europesays.com\/it\/wp-json\/wp\/v2\/media\/151614"}],"wp:attachment":[{"href":"https:\/\/www.europesays.com\/it\/wp-json\/wp\/v2\/media?parent=151613"}],"wp:term":[{"taxonomy":"category","embeddable":true,"href":"https:\/\/www.europesays.com\/it\/wp-json\/wp\/v2\/categories?post=151613"},{"taxonomy":"post_tag","embeddable":true,"href":"https:\/\/www.europesays.com\/it\/wp-json\/wp\/v2\/tags?post=151613"}],"curies":[{"name":"wp","href":"https:\/\/api.w.org\/{rel}","templated":true}]}}