{"id":151619,"date":"2025-10-07T15:36:09","date_gmt":"2025-10-07T15:36:09","guid":{"rendered":"https:\/\/www.europesays.com\/it\/151619\/"},"modified":"2025-10-07T15:36:09","modified_gmt":"2025-10-07T15:36:09","slug":"benevento-intitola-larea-fitness-di-viale-aldo-moro-a-francesco-de-nigris-bandiera-del-rugby-benevento","status":"publish","type":"post","link":"https:\/\/www.europesays.com\/it\/151619\/","title":{"rendered":"Benevento intitola l\u2019area fitness di viale Aldo Moro a Francesco De Nigris, bandiera del Rugby Benevento"},"content":{"rendered":"<p>La Giunta Comunale di Benevento, guidata dal sindaco Clemente Mastella, ha approvato oggi l\u2019intitolazione dell\u2019area fitness di viale Aldo Moro \u2013 al Rione Pacevecchia \u2013 a Francesco De Nigris, giovane beneventano scomparso prematuramente nel 2015 all\u2019et\u00e0 di 36 anni.<\/p>\n<p>Un gesto carico di significato, che unisce la memoria di un ragazzo straordinario alla vitalit\u00e0 di uno spazio cittadino dedicato allo sport, alla salute e alla condivisione.<\/p>\n<p>Nato a Benevento il 21 luglio 1979, Francesco ha sempre vissuto lo sport come una vera e propria missione educativa. Sin da piccolo ha indossato con orgoglio la maglia della squadra di rugby della sua citt\u00e0, il Rugby Benevento, distinguendosi per talento, determinazione e spirito di squadra. Le sue qualit\u00e0 lo hanno portato a vestire la maglia delle nazionali giovanili under 15, under 17 e under 19, e in seguito a giocare in campionati di Serie A e B. Con la stessa passione ha poi scelto di restituire quanto ricevuto, dedicandosi all\u2019allenamento dei pi\u00f9 piccoli nelle categorie under 8, under 10 e under 12.<\/p>\n<p>Ma Francesco non \u00e8 stato solo un grande sportivo. Brillante anche negli studi, ha conseguito con lode la laurea in Economia e Commercio, completando il suo percorso con un Master in Marketing e Qualit\u00e0. L\u2019amore per il sapere lo ha accompagnato anche nella sua vita professionale, culminata nel ruolo di impiegato amministrativo presso l\u2019ufficio Progetti e Programmi di Ricerca dell\u2019Universit\u00e0 degli Studi del Sannio.<\/p>\n<p>Durante gli anni universitari ha conosciuto Josephine, compagna di vita e madre delle sue due figlie, Gioia e Francesca.<\/p>\n<p>L\u2019area fitness recentemente realizzata in viale Aldo Moro, a pochi passi dal campo rugby Dell\u2019Oste \u2013 che Francesco frequentava assiduamente con i compagni dopo gli allenamenti \u2013 rappresenta un luogo simbolico per la comunit\u00e0 sportiva cittadina. Dotata di attrezzi all\u2019aperto come step up, bike, panca inclinata e altro, \u00e8 oggi uno spazio pensato per incentivare uno stile di vita sano e attivo, proprio come Francesco avrebbe voluto.<\/p>\n<p>La proposta di intitolazione, protocollata lo scorso 29 agosto, ha trovato immediato accoglimento da parte dell\u2019Amministrazione, che ha voluto riconoscere con questo gesto il valore umano, sportivo e civico di De Nigris. \u201cArea Fitness Francesco De Nigris\u201d: cos\u00ec sar\u00e0 ufficialmente denominato lo spazio. Un nome che continuer\u00e0 a ispirare generazioni di giovani atleti e cittadini, nel segno dello sport, dell\u2019impegno e della memoria condivisa.<\/p>\n<p>Foto: facebook<\/p>\n","protected":false},"excerpt":{"rendered":"La Giunta Comunale di Benevento, guidata dal sindaco Clemente Mastella, ha approvato oggi l\u2019intitolazione dell\u2019area fitness di viale&hellip;\n","protected":false},"author":3,"featured_media":151620,"comment_status":"","ping_status":"","sticky":false,"template":"","format":"standard","meta":{"footnotes":""},"categories":[1458],"tags":[93799,44321,1537,90,89,1840,245,244],"class_list":{"0":"post-151619","1":"post","2":"type-post","3":"status-publish","4":"format-standard","5":"has-post-thumbnail","7":"category-rugby","8":"tag-comune-di-benevento","9":"tag-intitolazione","10":"tag-it","11":"tag-italia","12":"tag-italy","13":"tag-rugby","14":"tag-sport","15":"tag-sports"},"share_on_mastodon":{"url":"","error":""},"_links":{"self":[{"href":"https:\/\/www.europesays.com\/it\/wp-json\/wp\/v2\/posts\/151619","targetHints":{"allow":["GET"]}}],"collection":[{"href":"https:\/\/www.europesays.com\/it\/wp-json\/wp\/v2\/posts"}],"about":[{"href":"https:\/\/www.europesays.com\/it\/wp-json\/wp\/v2\/types\/post"}],"author":[{"embeddable":true,"href":"https:\/\/www.europesays.com\/it\/wp-json\/wp\/v2\/users\/3"}],"replies":[{"embeddable":true,"href":"https:\/\/www.europesays.com\/it\/wp-json\/wp\/v2\/comments?post=151619"}],"version-history":[{"count":0,"href":"https:\/\/www.europesays.com\/it\/wp-json\/wp\/v2\/posts\/151619\/revisions"}],"wp:featuredmedia":[{"embeddable":true,"href":"https:\/\/www.europesays.com\/it\/wp-json\/wp\/v2\/media\/151620"}],"wp:attachment":[{"href":"https:\/\/www.europesays.com\/it\/wp-json\/wp\/v2\/media?parent=151619"}],"wp:term":[{"taxonomy":"category","embeddable":true,"href":"https:\/\/www.europesays.com\/it\/wp-json\/wp\/v2\/categories?post=151619"},{"taxonomy":"post_tag","embeddable":true,"href":"https:\/\/www.europesays.com\/it\/wp-json\/wp\/v2\/tags?post=151619"}],"curies":[{"name":"wp","href":"https:\/\/api.w.org\/{rel}","templated":true}]}}