{"id":151631,"date":"2025-10-07T15:53:11","date_gmt":"2025-10-07T15:53:11","guid":{"rendered":"https:\/\/www.europesays.com\/it\/151631\/"},"modified":"2025-10-07T15:53:11","modified_gmt":"2025-10-07T15:53:11","slug":"avviso-ai-pensionati-linps-ricorda-lobbligo-annuale-di-dichiarazione-per-aliquote-e-detrazioni","status":"publish","type":"post","link":"https:\/\/www.europesays.com\/it\/151631\/","title":{"rendered":"Avviso ai pensionati: l\u2019Inps ricorda l\u2019obbligo annuale di dichiarazione per aliquote e detrazioni"},"content":{"rendered":"<p>L\u2019Inps torna a richiamare l\u2019attenzione dei pensionati su un adempimento spesso sottovalutato ma essenziale per evitare conguagli fiscali indesiderati. Con il messaggio n. 2916 del 2025, pubblicato sul portale istituzionale, l\u2019Istituto ha ricordato che la richiesta di applicazione della maggiore aliquota o la rinuncia \u2013 totale o parziale \u2013 alle detrazioni d\u2019imposta deve essere presentata ogni anno.<br \/>Per l\u2019anno fiscale 2026, le dichiarazioni potranno essere inviate a partire dal 15 ottobre 2025 attraverso il servizio online dedicato \u201cDichiarazione per il diritto alle detrazioni d\u2019imposta per reddito e per carichi di famiglia\u201d.<\/p>\n<p>Un obbligo di trasparenza fiscale<\/p>\n<p>Il richiamo dell\u2019Inps si fonda sull\u2019articolo 13 del TUIR (Testo unico delle imposte sui redditi) e sulla circolare dell\u2019Agenzia delle Entrate n. 15\/E del 5 marzo 2008, secondo la quale le detrazioni spettanti devono essere applicate dal sostituto d\u2019imposta \u2013 in questo caso l\u2019Inps \u2013 in base al reddito erogato. Tuttavia, \u00e8 il contribuente stesso a dover segnalare se desidera una diversa applicazione delle detrazioni, ad esempio perch\u00e9 dispone di altri redditi o rientra in condizioni che comportano detrazioni minime. L\u2019istituto chiarisce che, in assenza di comunicazione, proceder\u00e0 automaticamente al riconoscimento delle detrazioni standard, determinando la tassazione solo sul reddito da pensione. Chi invece preferisce una tassazione pi\u00f9 elevata (per evitare conguagli futuri o agevolare la gestione dei redditi complessivi) dovr\u00e0 indicarlo esplicitamente ogni anno.<\/p>\n<p>Detrazioni e figli a carico<\/p>\n<p>Un ulteriore aspetto riguarda la comunicazione dei dati relativi ai figli fiscalmente a carico, anche per coloro che gi\u00e0 percepiscono l\u2019assegno unico universale. L\u2019obbligo deriva dalla risoluzione n. 55\/E del 3 ottobre 2023 dell\u2019Agenzia delle Entrate e ha l\u2019obiettivo di consentire una certificazione fiscale pi\u00f9 precisa nella CU 2026, facilitando anche la compilazione automatica della dichiarazione dei redditi precompilata. Come chiarito dalla circolare n. 6\/E del 29 maggio 2025, ai sensi del comma 4-ter dell\u2019articolo 12 del TUIR, i figli \u201crilevano\u201d anche qualora il contribuente non benefici della detrazione, in quanto destinatario dell\u2019assegno unico o nel caso in cui il figlio abbia superato i requisiti anagrafici ordinari. Una precisazione che conferma l\u2019integrazione progressiva tra sistema fiscale e welfare familiare.<\/p>\n<p>Dichiarazione online e scadenze<\/p>\n<p>Dal 15 ottobre 2025 i pensionati potranno trasmettere la dichiarazione per l\u2019anno d\u2019imposta 2026 direttamente online, tramite il servizio dedicato sul portale Inps. In mancanza di una nuova comunicazione, resteranno valide le aliquote e le detrazioni applicate in automatico dall\u2019Istituto in qualit\u00e0 di sostituto d\u2019imposta. L\u2019Inps raccomanda particolare attenzione a chi ha pi\u00f9 fonti di reddito o variazioni significative rispetto all\u2019anno precedente, per evitare di dover restituire somme in sede di conguaglio o, al contrario, di subire trattenute eccessive.<\/p>\n<p>Un tassello di un quadro pi\u00f9 ampio<\/p>\n<p>L\u2019avvertimento ai pensionati si inserisce in una serie di aggiornamenti con cui l\u2019Inps, nelle ultime settimane, ha fatto il punto sulle principali novit\u00e0 in materia previdenziale e fiscale. Tra questi, la pubblicazione degli avvisi bonari per la contribuzione agricola 2024, la possibilit\u00e0 di totalizzare i contributi lavorativi con la Moldova e la conferma dell\u2019impignorabilit\u00e0 delle indennit\u00e0 di malattia e maternit\u00e0.\n<\/p>\n<p> Un mosaico di interventi che mira a garantire maggiore chiarezza e uniformit\u00e0 nel sistema previdenziale, in vista dell\u2019entrata in vigore \u2013 dal 1\u00b0 gennaio 2026 \u2013 delle nuove norme in materia di pignoramenti e ritenute fiscali introdotte dal decreto legislativo n. 33\/2025.<\/p>\n","protected":false},"excerpt":{"rendered":"L\u2019Inps torna a richiamare l\u2019attenzione dei pensionati su un adempimento spesso sottovalutato ma essenziale per evitare conguagli fiscali&hellip;\n","protected":false},"author":3,"featured_media":151632,"comment_status":"","ping_status":"","sticky":false,"template":"","format":"standard","meta":{"footnotes":""},"categories":[172],"tags":[178,177,7710,1537,90,89,71077],"class_list":{"0":"post-151631","1":"post","2":"type-post","3":"status-publish","4":"format-standard","5":"has-post-thumbnail","7":"category-affari","8":"tag-affari","9":"tag-business","10":"tag-inps","11":"tag-it","12":"tag-italia","13":"tag-italy","14":"tag-previdenza"},"share_on_mastodon":{"url":"","error":""},"_links":{"self":[{"href":"https:\/\/www.europesays.com\/it\/wp-json\/wp\/v2\/posts\/151631","targetHints":{"allow":["GET"]}}],"collection":[{"href":"https:\/\/www.europesays.com\/it\/wp-json\/wp\/v2\/posts"}],"about":[{"href":"https:\/\/www.europesays.com\/it\/wp-json\/wp\/v2\/types\/post"}],"author":[{"embeddable":true,"href":"https:\/\/www.europesays.com\/it\/wp-json\/wp\/v2\/users\/3"}],"replies":[{"embeddable":true,"href":"https:\/\/www.europesays.com\/it\/wp-json\/wp\/v2\/comments?post=151631"}],"version-history":[{"count":0,"href":"https:\/\/www.europesays.com\/it\/wp-json\/wp\/v2\/posts\/151631\/revisions"}],"wp:featuredmedia":[{"embeddable":true,"href":"https:\/\/www.europesays.com\/it\/wp-json\/wp\/v2\/media\/151632"}],"wp:attachment":[{"href":"https:\/\/www.europesays.com\/it\/wp-json\/wp\/v2\/media?parent=151631"}],"wp:term":[{"taxonomy":"category","embeddable":true,"href":"https:\/\/www.europesays.com\/it\/wp-json\/wp\/v2\/categories?post=151631"},{"taxonomy":"post_tag","embeddable":true,"href":"https:\/\/www.europesays.com\/it\/wp-json\/wp\/v2\/tags?post=151631"}],"curies":[{"name":"wp","href":"https:\/\/api.w.org\/{rel}","templated":true}]}}