{"id":151681,"date":"2025-10-07T16:44:10","date_gmt":"2025-10-07T16:44:10","guid":{"rendered":"https:\/\/www.europesays.com\/it\/151681\/"},"modified":"2025-10-07T16:44:10","modified_gmt":"2025-10-07T16:44:10","slug":"curasept-battocletti-apre-giornata-nazionale-erosione-dentale-salute-e-benessere","status":"publish","type":"post","link":"https:\/\/www.europesays.com\/it\/151681\/","title":{"rendered":"Curasept, Battocletti apre giornata nazionale erosione dentale &#8211; Salute e Benessere"},"content":{"rendered":"<p>ANSAcom &#8211; In collaborazione con<\/p>\n<p>                            Curasept<\/p>\n<p>\u00a0E&#8217; stata la campionessa olimpica Nadia Battocletti ad aprire la Giornata Nazionale dell&#8217;Erosione Dentale insieme al consolato generale d&#8217;Italia a Nizza (Francia) nella cerimonia inaugurale del congresso internazionale di Curasept in corso a Nizza dal 5 all&#8217;8 ottobre. <br \/>\u00a0\u00a0\u00a0 Un&#8217;occasione di confronto, alla presenza di autorevoli esponenti della comunit\u00e0 scientifica, dirigenti, dentisti, farmacisti, igienisti e informatori, nel quale Curasept aprir\u00e0 uno spazio di riflessione che metter\u00e0 al centro la persona e porr\u00e0 in evidenza le istanze dell&#8217;Oms su prevenzione e cura della salute orale nel quadro pi\u00f9 ampio del benessere generale, dall&#8217;infanzia all&#8217;et\u00e0 adulta. Presentati in anteprima dall&#8217;azienda italiana i pi\u00f9 recenti sviluppi di una linea di prodotti nata da 7 anni di intenso lavoro con il Cnr e Fondazione Filarete, sulla remineralizzazione e sulla protezione dello smalto dei denti. &#8220;Una linea &#8211; spiega il ceo di Curasept Stefano Giovannardi &#8211; che si propone di definire una routine di prevenzione quotidiana contro i numerosi fattori di rischio, quali alimentazione, sport, gravidanza e assunzione di medicine&#8221;. <br \/>\u00a0\u00a0\u00a0 E proprio qui scende in campo la campionessa, primatista italiana dei 5 mila e 10 mila metri piani, testimonial d&#8217;eccellenza dell&#8217;azienda. &#8220;Con l&#8217;apertura alla Giornata Nazionale dell&#8217;Erosione Dentale Nadia Battocletti accende i riflettori sulla necessit\u00e0 di identificare precocemente i segni dell&#8217;erosione dentale e promuovere comportamenti e protocolli di prevenzione efficaci &#8211; ha detto Giovannardi -. Sensibilizzare l&#8217;opinione pubblica e i professionisti del settore significa, infatti, offrire a ciascuno la possibilit\u00e0 di preservare nel tempo la salute dei propri denti, riducendo il rischio di danni irreversibili e di un peggioramento della salute generale &#8211; conclude -. Siamo convinti che prendersi cura della propria bocca significhi tutelare non solo il benessere fisico, ma anche quello mentale e relazionale di ciascun individuo. \u00c8 una consapevolezza che vogliamo diffondere, perch\u00e9 la prevenzione inizia proprio dalla conoscenza e dall&#8217;attenzione quotidiana&#8221;. <br \/>\u00a0<br \/>\u00a0\u00a0\u00a0<\/p>\n<p>ANSAcom &#8211; In collaborazione con<\/p>\n<p>                            Curasept<\/p>\n","protected":false},"excerpt":{"rendered":"ANSAcom &#8211; In collaborazione con Curasept \u00a0E&#8217; stata la campionessa olimpica Nadia Battocletti ad aprire la Giornata Nazionale&hellip;\n","protected":false},"author":3,"featured_media":151682,"comment_status":"","ping_status":"","sticky":false,"template":"","format":"standard","meta":{"footnotes":""},"categories":[175],"tags":[4072,1719,2664,93836,43644,51790,5183,239,1537,90,89,4781,25635,32510,374,2441,240],"class_list":{"0":"post-151681","1":"post","2":"type-post","3":"status-publish","4":"format-standard","5":"has-post-thumbnail","7":"category-salute","8":"tag-azienda","9":"tag-benessere","10":"tag-cura","11":"tag-curasept","12":"tag-dente","13":"tag-erosione","14":"tag-giornata","15":"tag-health","16":"tag-it","17":"tag-italia","18":"tag-italy","19":"tag-linea","20":"tag-nadia-battocletti","21":"tag-nizza","22":"tag-prevenzione","23":"tag-rischio","24":"tag-salute"},"share_on_mastodon":{"url":"","error":""},"_links":{"self":[{"href":"https:\/\/www.europesays.com\/it\/wp-json\/wp\/v2\/posts\/151681","targetHints":{"allow":["GET"]}}],"collection":[{"href":"https:\/\/www.europesays.com\/it\/wp-json\/wp\/v2\/posts"}],"about":[{"href":"https:\/\/www.europesays.com\/it\/wp-json\/wp\/v2\/types\/post"}],"author":[{"embeddable":true,"href":"https:\/\/www.europesays.com\/it\/wp-json\/wp\/v2\/users\/3"}],"replies":[{"embeddable":true,"href":"https:\/\/www.europesays.com\/it\/wp-json\/wp\/v2\/comments?post=151681"}],"version-history":[{"count":0,"href":"https:\/\/www.europesays.com\/it\/wp-json\/wp\/v2\/posts\/151681\/revisions"}],"wp:featuredmedia":[{"embeddable":true,"href":"https:\/\/www.europesays.com\/it\/wp-json\/wp\/v2\/media\/151682"}],"wp:attachment":[{"href":"https:\/\/www.europesays.com\/it\/wp-json\/wp\/v2\/media?parent=151681"}],"wp:term":[{"taxonomy":"category","embeddable":true,"href":"https:\/\/www.europesays.com\/it\/wp-json\/wp\/v2\/categories?post=151681"},{"taxonomy":"post_tag","embeddable":true,"href":"https:\/\/www.europesays.com\/it\/wp-json\/wp\/v2\/tags?post=151681"}],"curies":[{"name":"wp","href":"https:\/\/api.w.org\/{rel}","templated":true}]}}