{"id":151694,"date":"2025-10-07T16:51:16","date_gmt":"2025-10-07T16:51:16","guid":{"rendered":"https:\/\/www.europesays.com\/it\/151694\/"},"modified":"2025-10-07T16:51:16","modified_gmt":"2025-10-07T16:51:16","slug":"virus-respiratorio-40-ricoveri-lanno-via-alle-vaccinazioni","status":"publish","type":"post","link":"https:\/\/www.europesays.com\/it\/151694\/","title":{"rendered":"&#8220;Virus respiratorio, 40 ricoveri l\u2019anno&#8221;. Via alle vaccinazioni"},"content":{"rendered":"<p>Mediamente fino al 2024, ogni anno, pi\u00f9 di 40 bambini \u2013 la maggior parte sotto ad un anno di vita \u2013 venivano ricoverati nel reparto di Pediatria dell\u2019ospedale di Macerata perch\u00e9 colpiti da bronchiolite, la met\u00e0 dei quali con necessit\u00e0 di idratazione e supporto di ossigeno. All\u2019origine c\u2019\u00e8 il <strong>Virus respiratorio sinciziale (Vrs)<\/strong>, molto diffuso e contagioso, in particolare da novembre a fine marzo, la causa pi\u00f9 comune di bronchioliti, infiammazioni delle piccole vie aeree dei polmoni e \u2013 pi\u00f9 raramente \u2013 di polmoniti. Il pi\u00f9 delle volte la situazione si risolve senza particolari problemi, ma ci sono decorsi anche gravi, con serie complicanze, specie nei pi\u00f9 piccoli.<\/p>\n<p>Proprio in questi giorni \u00e8 iniziata la seconda campagna di prevenzione, rivolta a tutti i bambini nati tra il primo aprile 2024 e il 31 marzo 2025 e che coinvolge punti nascita, pediatri di libera scelta e centri vaccinali, consistente nella somministrazione di <strong>anticorpi monoclonali<\/strong> (in particolare il Nirsevimab) che consentono di ridurre i rischi in maniera molto significativa.<\/p>\n<p>Nella stagione epidemica 2024-2025, nonostante criticit\u00e0 di approvvigionamento degli anticorpi, sono state somministrate nelle Marche 2.644 dosi ai nuovi nati (circa 500 nella Ast di Macerata). Una prima analisi dei dati ha dimostrato che si \u00e8 registrata una riduzione di circa il 50% dei ricoveri di bambini con meno di un anno di et\u00e0. &#8220;La nostra Unit\u00e0 Operativa, grazie all\u2019impegno della dottoressa Giulia Marozzi \u2013 spiega Martina Fornaro, direttrice della Pediatria dell\u2019ospedale di Macerata \u2013 ha partecipato a uno studio multicentrico che ha coinvolto quattro centri pediatrici italiani (Bari, Forl\u00ec, Macerata, Pescara) sulla <strong>profilassi<\/strong> contro il Virus respiratorio sinciziale. I dati dimostrano che la profilassi precoce e diffusa ha ridotto in modo significativo l\u2019onere clinico ed epidemiologico dell\u2019infezione, riducendo ospedalizzazione e gravit\u00e0&#8221;.<\/p>\n<p>&#8220;Per i bambini nati tra aprile e settembre 2025 \u2013 sottolinea la Regione in una nota \u2013 la somministrazione sar\u00e0 effettuata dai pediatri di famiglia o nei centri vaccinali; per quelli nati da ottobre 2025 a marzo 2026 l\u2019immunizzazione avverr\u00e0 nei punti nascita degli ospedali&#8221;. L\u2019adesione \u00e8 volontaria, ma fortemente raccomandata.<\/p>\n","protected":false},"excerpt":{"rendered":"Mediamente fino al 2024, ogni anno, pi\u00f9 di 40 bambini \u2013 la maggior parte sotto ad un anno&hellip;\n","protected":false},"author":3,"featured_media":151695,"comment_status":"","ping_status":"","sticky":false,"template":"","format":"standard","meta":{"footnotes":""},"categories":[1512],"tags":[788,239,1537,90,89,57227,22227,240,2796,2189,2188,2187,3378],"class_list":{"0":"post-151694","1":"post","2":"type-post","3":"status-publish","4":"format-standard","5":"has-post-thumbnail","7":"category-vaccini","8":"tag-bambini","9":"tag-health","10":"tag-it","11":"tag-italia","12":"tag-italy","13":"tag-respiratorio","14":"tag-ricoveri","15":"tag-salute","16":"tag-vaccinazioni","17":"tag-vaccine","18":"tag-vaccines","19":"tag-vaccini","20":"tag-virus"},"share_on_mastodon":{"url":"","error":""},"_links":{"self":[{"href":"https:\/\/www.europesays.com\/it\/wp-json\/wp\/v2\/posts\/151694","targetHints":{"allow":["GET"]}}],"collection":[{"href":"https:\/\/www.europesays.com\/it\/wp-json\/wp\/v2\/posts"}],"about":[{"href":"https:\/\/www.europesays.com\/it\/wp-json\/wp\/v2\/types\/post"}],"author":[{"embeddable":true,"href":"https:\/\/www.europesays.com\/it\/wp-json\/wp\/v2\/users\/3"}],"replies":[{"embeddable":true,"href":"https:\/\/www.europesays.com\/it\/wp-json\/wp\/v2\/comments?post=151694"}],"version-history":[{"count":0,"href":"https:\/\/www.europesays.com\/it\/wp-json\/wp\/v2\/posts\/151694\/revisions"}],"wp:featuredmedia":[{"embeddable":true,"href":"https:\/\/www.europesays.com\/it\/wp-json\/wp\/v2\/media\/151695"}],"wp:attachment":[{"href":"https:\/\/www.europesays.com\/it\/wp-json\/wp\/v2\/media?parent=151694"}],"wp:term":[{"taxonomy":"category","embeddable":true,"href":"https:\/\/www.europesays.com\/it\/wp-json\/wp\/v2\/categories?post=151694"},{"taxonomy":"post_tag","embeddable":true,"href":"https:\/\/www.europesays.com\/it\/wp-json\/wp\/v2\/tags?post=151694"}],"curies":[{"name":"wp","href":"https:\/\/api.w.org\/{rel}","templated":true}]}}