{"id":151714,"date":"2025-10-07T17:14:10","date_gmt":"2025-10-07T17:14:10","guid":{"rendered":"https:\/\/www.europesays.com\/it\/151714\/"},"modified":"2025-10-07T17:14:10","modified_gmt":"2025-10-07T17:14:10","slug":"tredicesima-detassazione-nella-manovra-2026-la-simulazione-per-fasce-di-reddito","status":"publish","type":"post","link":"https:\/\/www.europesays.com\/it\/151714\/","title":{"rendered":"Tredicesima, detassazione nella Manovra 2026: la simulazione per fasce di reddito"},"content":{"rendered":"<p>Come riporta Il Messaggero, secondo le intenzioni del segretario di Forza Italia, il vicepremier e ministro degli Esteri <b>Antonio Tajani<\/b>, l\u2019esecutivo potrebbe prendere in considerazione, durante la prossima Manovra, <b>un intervento mirato a ridurre la pressione fiscale sulla tredicesima mensilit\u00e0<\/b>. Tra le opzioni allo studio figurano sia una <b>totale esenzione dall\u2019Irpef<\/b>, sia l\u2019applicazione di un\u2019imposta sostitutiva agevolata, modellata sull\u2019<b>aliquota ridotta del 10%<\/b> gi\u00e0 prevista per i premi di produttivit\u00e0. Si tratta, comunque, di ipotesi ancora in fase di valutazione, la cui realizzazione dipender\u00e0 dalla disponibilit\u00e0 delle necessarie coperture economiche<\/p>\n","protected":false},"excerpt":{"rendered":"Come riporta Il Messaggero, secondo le intenzioni del segretario di Forza Italia, il vicepremier e ministro degli Esteri&hellip;\n","protected":false},"author":3,"featured_media":151715,"comment_status":"","ping_status":"","sticky":false,"template":"","format":"standard","meta":{"footnotes":""},"categories":[172],"tags":[178,177,369,34416,1537,90,89,6771,11519,6784],"class_list":{"0":"post-151714","1":"post","2":"type-post","3":"status-publish","4":"format-standard","5":"has-post-thumbnail","7":"category-affari","8":"tag-affari","9":"tag-business","10":"tag-digitall","11":"tag-irpef","12":"tag-it","13":"tag-italia","14":"tag-italy","15":"tag-manovra","16":"tag-selezione-sky-tg24","17":"tag-tasse"},"share_on_mastodon":{"url":"","error":""},"_links":{"self":[{"href":"https:\/\/www.europesays.com\/it\/wp-json\/wp\/v2\/posts\/151714","targetHints":{"allow":["GET"]}}],"collection":[{"href":"https:\/\/www.europesays.com\/it\/wp-json\/wp\/v2\/posts"}],"about":[{"href":"https:\/\/www.europesays.com\/it\/wp-json\/wp\/v2\/types\/post"}],"author":[{"embeddable":true,"href":"https:\/\/www.europesays.com\/it\/wp-json\/wp\/v2\/users\/3"}],"replies":[{"embeddable":true,"href":"https:\/\/www.europesays.com\/it\/wp-json\/wp\/v2\/comments?post=151714"}],"version-history":[{"count":0,"href":"https:\/\/www.europesays.com\/it\/wp-json\/wp\/v2\/posts\/151714\/revisions"}],"wp:featuredmedia":[{"embeddable":true,"href":"https:\/\/www.europesays.com\/it\/wp-json\/wp\/v2\/media\/151715"}],"wp:attachment":[{"href":"https:\/\/www.europesays.com\/it\/wp-json\/wp\/v2\/media?parent=151714"}],"wp:term":[{"taxonomy":"category","embeddable":true,"href":"https:\/\/www.europesays.com\/it\/wp-json\/wp\/v2\/categories?post=151714"},{"taxonomy":"post_tag","embeddable":true,"href":"https:\/\/www.europesays.com\/it\/wp-json\/wp\/v2\/tags?post=151714"}],"curies":[{"name":"wp","href":"https:\/\/api.w.org\/{rel}","templated":true}]}}