{"id":151716,"date":"2025-10-07T17:15:18","date_gmt":"2025-10-07T17:15:18","guid":{"rendered":"https:\/\/www.europesays.com\/it\/151716\/"},"modified":"2025-10-07T17:15:18","modified_gmt":"2025-10-07T17:15:18","slug":"lambasciata-di-israele-contro-ultima-intervista-cardinale-parolin","status":"publish","type":"post","link":"https:\/\/www.europesays.com\/it\/151716\/","title":{"rendered":"L&#8217;ambasciata di Israele contro ultima intervista cardinale Parolin"},"content":{"rendered":"<p>L&#8217;ambasciata d&#8217;Israele presso la Santa Sede critica l&#8217;intervista rilasciata dal cardinale Segretario di Stato Pietro Parolin per &#8220;l&#8217;equivalenza morale laddove non \u00e8 pertinente&#8221;. Precisa: \u201cNon esiste equivalenza morale tra uno Stato democratico che protegge i propri cittadini e un&#8217;organizzazione terroristica intenzionata a ucciderli\u201d. Preferisce non commentare Papa Leone che dichiara ai giornalisti: &#8220;Il cardinale ha espresso molto bene l&#8217;opinione della Santa Sede&#8221;<\/p>\n<p>&#8220;La recente intervista al Cardinale Parolin, sebbene sicuramente ben intenzionata, rischia di minare gli sforzi per porre fine alla guerra a Gaza e contrastare il crescente antisemitismo&#8221;. Questa la reazione dell&#8217;ambasciata d&#8217;Israele presso la Santa Sede all&#8217;intervista rilasciata dal segretario di Stato Vaticano in occasione del secondo anniversario dell&#8217;attacco di Hamas del 7 ottobre 2023, in cui parlava di situazione a Gaza &#8220;grave e tragica&#8221;, delle persone ridotte alla fame, di &#8220;una guerra devastante che ha mietuto decine di migliaia di morti&#8221;, con l&#8217;uso del termine &#8220;carneficina&#8221;.<\/p>\n<p>&#8220;Si concentra sulla critica a Israele, trascurando il continuo rifiuto di Hamas di rilasciare gli ostaggi o di porre fine alla violenza. Ci\u00f2 che pi\u00f9 preoccupa \u00e8 l&#8217;uso problematico dell&#8217;equivalenza morale laddove non \u00e8 pertinente&#8221;, continua l&#8217;ambasciata. Poco dopo \u00e8 arrivata la risposta di Papa Leone che, pur non commentando nel merito, ha parlato di &#8220;posizione della Santa Sede&#8221; rispetto al senso delle parole usate dal cardinale Parolin.<\/p>\n<p>\t\t \tPapa: &#8220;Parolin ha espresso opinione della Santa Sede&#8221;<\/p>\n<p>&#8220;Preferisco non commentare. Il\u00a0cardinale ha espresso molto bene l&#8217;opinione della Santa Sede&#8221;.\u00a0Cos\u00ec Papa Leone ai giornalisti, uscendo da Villa Barberini a\u00a0Castel Gandolfo sulla critica reazione dell&#8217;ambasciata\u00a0israeliana presso la Santa Sede dopo le parole del Segretario di\u00a0Stato, il cardinale Pietro Parolin, sul conflitto in Medio\u00a0Oriente.\u00a0<\/p>\n<p>\t\t\t<a class=\"c-inline-card j-inline-card c-inline-card--with-image\" href=\"https:\/\/tg24.sky.it\/mondo\/2025\/10\/07\/flotilla-gaza-guerra-israele-palestina-7-ottobre-diretta\" rel=\"follow nofollow noopener\" data-intcmp=\"skytg24_articolo_approfondimenti_inline\" target=\"_blank\"><\/p>\n<p>\t\t\t         <img decoding=\"async\" crossorigin=\"anonymous\" alt=\"\" src=\"https:\/\/www.europesays.com\/it\/wp-content\/uploads\/2025\/10\/1759857317_875_PAPA_ANGELUS_24_AGOSTO_2025.jpg\"  loading=\"lazy\"  bad-src=\"https:\/\/www.europesays.com\/it\/wp-content\/uploads\/2025\/10\/1759857317_875_PAPA_ANGELUS_24_AGOSTO_2025.jpg\"\/><\/p>\n<p>\n\t\t\t         Approfondimento<br \/>\n\t\t\t         Il Papa su attacco Tel Aviv a Parolin: &#8220;Posizione della S.Sede&#8221;. LIVE\n\t\t\t      <\/p>\n<p>\t\t\t<\/a><\/p>\n<p>\t\t\tCosa ha detto il cardinale Parolin nell&#8217;intervista<\/p>\n<p>Nell&#8217;intervista rilasciata ieri ai media vaticani, il cardinale Segretario di Stato Pietro Parolin, aveva parlato di una situazione a Gaza &#8220;grave e tragica&#8221;, di &#8220;una guerra devastante che ha mietuto decine di migliaia di morti&#8221;, e aveva anche usato il termine &#8220;carneficina&#8221;. &#8220;\u00c8 necessario recuperare il senso della ragione, abbandonare la logica cieca dell&#8217;odio e della vendetta, rifiutare la violenza come soluzione.\u00a0 \u00c8 diritto di chi \u00e8 attaccato difendersi, ma anche la legittima difesa deve rispettare il parametro della proporzionalit\u00e0. Purtroppo, la guerra che ne \u00e8 scaturita ha avuto conseguenze disastrose e disumane\u2026 Mi colpisce e mi affligge il conteggio quotidiano dei morti in Palestina, decine, anzi a volte centinaia al giorno, tantissimi bambini la cui unica colpa sembra essere quella di essere nati l\u00ec: rischiamo di assuefarci a questa carneficina. Persone uccise mentre cercavano di raggiungere un tozzo di pane, persone rimaste sepolte sotto le macerie delle loro case, persone bombardate negli ospedali, nelle tendopoli, sfollati costretti a spostarsi da una parte all&#8217;altra di quel territorio angusto e sovrappopolato\u2026 \u00c8 inaccettabile e ingiustificabile ridurre le persone umane a mere vittime collaterali&#8221;, le parole di Parolin. Nell&#8217;intervista con i media vaticani di ieri, il segretario di Stato vaticano aveva anche detto: &#8220;Qualunque piano che coinvolga il popolo palestinese nelle decisioni sul proprio futuro e permetta di finire questa strage, liberando gli ostaggi e fermando l&#8217;uccisione quotidiana di centinaia di persone, \u00e8 da accogliere e sostenere&#8221;. Il riferimento \u00e8 naturalmente al piano per Gaza presentato dal presidente degli Stati Uniti, Donald Trump.\u00a0<\/p>\n<p>\t\t \tAmb. Israele: \u201cTrascura il rifiuto di Hamas di rilasciare gli ostaggi\u201d\u00a0\u00a0\u00a0\u00a0\u00a0\u00a0<\/p>\n<p>L&#8217;ambasciata d&#8217;Israele presso la Santa Sede si \u00e8 concentrata in particolare sulla &#8220;equivalenza morale laddove non \u00e8 pertinente&#8221;. &#8220;Ad esempio, l&#8217;applicazione del termine &#8216;massacro&#8217; sia all&#8217;attacco genocida di Hamas del 7 ottobre sia al legittimo diritto di Israele all&#8217;autodifesa. Non esiste equivalenza morale tra uno Stato democratico che protegge i propri cittadini e un&#8217;organizzazione terroristica intenzionata a ucciderli. Ci auguriamo &#8211; conclude l&#8217;ambasciata di Tel Aviv presso la Santa Sede &#8211; che le dichiarazioni future riflettano questa importante distinzione&#8221;.\u00a0<\/p>\n<p>\t\t\t<a class=\"c-inline-card j-inline-card c-inline-card--with-image\" href=\"https:\/\/tg24.sky.it\/mondo\/2025\/10\/07\/hamas-israele-attacco-7-ottobre\" rel=\"follow nofollow noopener\" data-intcmp=\"skytg24_articolo_approfondimenti_inline\" target=\"_blank\"><\/p>\n<p>\t\t\t         <img decoding=\"async\" crossorigin=\"anonymous\" alt=\"\" src=\"https:\/\/www.europesays.com\/it\/wp-content\/uploads\/2025\/10\/1759857318_938_collage_ansa_getty.jpg\"  loading=\"lazy\"  bad-src=\"https:\/\/www.europesays.com\/it\/wp-content\/uploads\/2025\/10\/1759857318_938_collage_ansa_getty.jpg\"\/><\/p>\n<p>\n\t\t\t         Approfondimento<br \/>\n\t\t\t         2 anni fa l\u2019aggressione di Hamas a Israele e il via all&#8217;attacco a Gaza\n\t\t\t      <\/p>\n<p>\t\t\t<\/a><\/p>\n<p>\t            TAG:<\/p>\n","protected":false},"excerpt":{"rendered":"L&#8217;ambasciata d&#8217;Israele presso la Santa Sede critica l&#8217;intervista rilasciata dal cardinale Segretario di Stato Pietro Parolin per &#8220;l&#8217;equivalenza&hellip;\n","protected":false},"author":3,"featured_media":151717,"comment_status":"","ping_status":"","sticky":false,"template":"","format":"standard","meta":{"footnotes":""},"categories":[160],"tags":[819,14,164,165,73,72,166,7,15,11,167,12,168,161,162,163],"class_list":{"0":"post-151716","1":"post","2":"type-post","3":"status-publish","4":"format-standard","5":"has-post-thumbnail","7":"category-mondo","8":"tag-chiesa","9":"tag-cronaca","10":"tag-dal-mondo","11":"tag-dalmondo","12":"tag-gaza","13":"tag-israele","14":"tag-mondo","15":"tag-news","16":"tag-notizie","17":"tag-ultime-notizie","18":"tag-ultime-notizie-di-mondo","19":"tag-ultimenotizie","20":"tag-ultimenotiziedimondo","21":"tag-world","22":"tag-world-news","23":"tag-worldnews"},"share_on_mastodon":{"url":"","error":""},"_links":{"self":[{"href":"https:\/\/www.europesays.com\/it\/wp-json\/wp\/v2\/posts\/151716","targetHints":{"allow":["GET"]}}],"collection":[{"href":"https:\/\/www.europesays.com\/it\/wp-json\/wp\/v2\/posts"}],"about":[{"href":"https:\/\/www.europesays.com\/it\/wp-json\/wp\/v2\/types\/post"}],"author":[{"embeddable":true,"href":"https:\/\/www.europesays.com\/it\/wp-json\/wp\/v2\/users\/3"}],"replies":[{"embeddable":true,"href":"https:\/\/www.europesays.com\/it\/wp-json\/wp\/v2\/comments?post=151716"}],"version-history":[{"count":0,"href":"https:\/\/www.europesays.com\/it\/wp-json\/wp\/v2\/posts\/151716\/revisions"}],"wp:featuredmedia":[{"embeddable":true,"href":"https:\/\/www.europesays.com\/it\/wp-json\/wp\/v2\/media\/151717"}],"wp:attachment":[{"href":"https:\/\/www.europesays.com\/it\/wp-json\/wp\/v2\/media?parent=151716"}],"wp:term":[{"taxonomy":"category","embeddable":true,"href":"https:\/\/www.europesays.com\/it\/wp-json\/wp\/v2\/categories?post=151716"},{"taxonomy":"post_tag","embeddable":true,"href":"https:\/\/www.europesays.com\/it\/wp-json\/wp\/v2\/tags?post=151716"}],"curies":[{"name":"wp","href":"https:\/\/api.w.org\/{rel}","templated":true}]}}