{"id":151727,"date":"2025-10-07T17:27:12","date_gmt":"2025-10-07T17:27:12","guid":{"rendered":"https:\/\/www.europesays.com\/it\/151727\/"},"modified":"2025-10-07T17:27:12","modified_gmt":"2025-10-07T17:27:12","slug":"dalligna-esalta-aldeguer-solo-i-veri-campioni-vincono-da-rookie","status":"publish","type":"post","link":"https:\/\/www.europesays.com\/it\/151727\/","title":{"rendered":"Dall&#8217;Igna esalta Aldeguer: &#8220;Solo i veri campioni vincono da rookie&#8221;"},"content":{"rendered":"<p>Il Gran Premio d&#8217;Indonesia \u00e8 stato senza ombra di dubbio il pi\u00f9 complicato della stagione 2025 della squadra ufficiale Ducati in MotoGP. Sia <a href=\"https:\/\/it.motorsport.com\/driver\/marc-marquez\/159980\/\" target=\"_blank\" rel=\"noopener nofollow\">Marc Marquez<\/a> che Pecco Bagnaia hanno chiuso la giornata di venerd\u00ec con l&#8217;incombenza di dover passare dalla Q1 del sabato mattina, cosa che non era mai accaduta allo spagnolo in questa stagione. Un ostacolo che solamente il campione del mondo in carica \u00e8 riuscito ad oltrepassare, non andando comunque oltre ad un nono posto in griglia.<\/p>\n<p>Nonostante questo, il sesto posto ottenuto dal #93 nella Sprint (aveva chiuso settimo, ma ha guadagnato una posizione grazie ad una penalit\u00e0 inflitta a Luca Marini) \u00e8 bastato alla Casa di Borgo Panigale per completare la Tripla Corona, assicurandosi anche la classifica Team. Il peggio per\u00f2 doveva ancora venire, perch\u00e9 la gara lunga di domenica \u00e8 durata solamente poche centinaia di metri per Marc, che alla curva 7 del primo giro \u00e8 stato letteralmente abbattuto da <a href=\"https:\/\/it.motorsport.com\/driver\/marco-bezzecchi\/177443\/\" target=\"_blank\" rel=\"noopener nofollow\">Marco Bezzecchi<\/a>, rimediando una frattura del processo coracoideo che lo terr\u00e0 a riposo almeno per le prossime due gare. Non il modo migliore per festeggiare il suo nono titolo appena conquistato a Motegi.<\/p>\n<p>E a Bagnaia non \u00e8 andata tanto meglio, perch\u00e9 \u00e8 caduto quando era ultimo, dopo aver concluso nella medisima posizione anche nella Sprint. Il piemontese era fisicamente illeso, ma lo stesso non si poteva dire per il morale, perch\u00e9 dopo il dominio di Motegi \u00e8 sprofondato di nuovo in delle difficolt\u00e0 a cui n\u00e9 lui n\u00e9 la squadra sono riusciti per ora a dare delle spiegazioni.<\/p>\n<p>Quando sei in una posizione di dominio come quella della Ducati negli ultimi anni, per\u00f2, pu\u00f2 sempre venire fuori qualcosa di positivo anche da un weekend disastroso come questo. E in questo caso il lampo \u00e8 stata la prima vittoria in MotoGP del rookie <a href=\"https:\/\/it.motorsport.com\/driver\/fermin-aldeguer\/945238\/\" target=\"_blank\" rel=\"noopener nofollow\">Fermin Aldeguer<\/a>, che ha ripagato la fiducia che hanno riposto in lui facendogli subito un contratto da pilota factory. Ed \u00e8 uno degli aspetti principali che ha sottolineato Gigi Dall&#8217;Igna nell&#8217;ormai consueto bilancio del weekend che pubblica sul suo profilo LinkedIn.<\/p>\n<p>   <img decoding=\"async\" draggable=\"false\" src=\"https:\/\/www.europesays.com\/it\/wp-content\/uploads\/2025\/10\/luigi-dall-igna-ducati-team.jpg\" alt=\"Luigi Dall'igna, Ducati Team\" width=\"1200\" height=\"800\" loading=\"lazy\"\/> <\/p>\n<p class=\"title\">Luigi Dall&#8217;igna, Ducati Team<\/p>\n<p class=\"photographer\">Foto di: Gold and Goose Photography \/ LAT Images \/ via Getty Images<\/p>\n<p>&#8220;\u00c8 stato senza dubbio un fine settimana molto complicato per noi del Factory Team, eppure con un risultato eccellente per Ducati e i suoi giovani piloti, registrando la straordinaria vittoria di Aldeguer completata dall&#8217;ottimo terzo posto di <a href=\"https:\/\/it.motorsport.com\/driver\/alex-marquez\/163635\/\" target=\"_blank\" rel=\"noopener nofollow\">Alex Marquez<\/a>&#8220;, ha scritto il direttore generale di Ducati Corse.<\/p>\n<p>&#8220;Innanzitutto, possiamo festeggiare un meraviglioso titolo mondiale a squadre conquistato dopo la Sprint Race di sabato! Vincerlo in quello che \u00e8 stato il nostro peggior weekend della stagione la dice lunga sul fantastico campionato che stiamo disputando. Lo dedico alla nostra straordinaria squadra, alle nostre ragazze e ragazzi di eccezionale valore umano al di l\u00e0 del loro valore meramente tecnico: professionisti assoluti che sanno lavorare insieme per tirare fuori quel qualcosa in pi\u00f9 che fa la differenza. Sono orgoglioso di tutti loro, \u00e8 un privilegio far parte di un gruppo che ha scritto le pagine di storia di questo sport e, come se non bastasse, si \u00e8 affermato con una filosofia che \u00e8 un vero e proprio modo di essere, di vivere e di vincere. Campioni del mondo!&#8221;.<\/p>\n<p>&#8220;In una giornata per noi tutt&#8217;altro che brillante, i piloti del Team Gresini si sono impegnati per consegnare alla Ducati il record assoluto di podi consecutivi nella classe regina! Una luce brillante di nome Fermin illumina la pista di Mandalika. \u00c8 la sua prima vittoria: ottenuta nel suo anno da esordiente in MotoGP, come solo i veri campioni sanno fare. \u00c8 il secondo pilota pi\u00f9 giovane della storia a vincere un GP, dietro a Marc. Non solo ha vinto, ma ha addirittura dominato, non sembrando affatto un esordiente nel conquistare la sua prima vittoria. Una strategia perfetta, una guida pulita e allo stesso tempo aggressiva: ha controllato, spinto, allungato il suo vantaggio e gestito, accumulando un vantaggio come solo un campione esperto sa fare. Ha sicuramente sfruttato al meglio la situazione che si \u00e8 presentata in gara, in un weekend iniziato alla grande il venerd\u00ec e proseguito ancora meglio con il secondo posto del sabato&#8221;.<\/p>\n<p>&#8220;Alex, dal canto suo, non \u00e8 stato veloce come al solito, ma \u00e8 riuscito ad agguantare il podio con una gara intelligente; quest&#8217;anno ha dimostrato un&#8217;incredibile costanza, che gli \u00e8 valsa il titolo di &#8220;Miglior pilota indipendente&#8221; e ha rafforzato il suo secondo posto nella classifica generale. Un plauso particolare, quindi, va al Team Gresini e al suo prezioso ed encomiabile lavoro, complimenti davvero!&#8221;.<\/p>\n<p>&#8220;Ma soprattutto, inviamo a Marc i nostri pi\u00f9 sentiti auguri di una completa guarigione, senza urgenze o imprevisti. Fortunatamente il tempo \u00e8 dalla nostra parte. \u00c8 stato un fine settimana in cui tutto \u00e8 stato complicato e difficile da digerire. Dovremo valutare tutti i dati tecnici con la calma e la pazienza necessarie, a maggior ragione per Pecco, di cui si \u00e8 gi\u00e0 detto tanto. Andremo avanti con le stesse convinzioni e la stessa fiducia, come sempre&#8221;.<\/p>\n<p>&#8220;Diciamo che Mandalika \u00e8 stato uno di quei fine settimana che capitano, anche a noi&#8230; Questa \u00e8 la breaking news del momento. Ogni tanto, abbiamo bisogno anche di questi imprevisti per ricordarci che nulla \u00e8 facile e che tutto \u00e8 frutto di un impegno costante, sempre&#8221;, ha concluso.<\/p>\n<p>Leggi anche:<\/p>\n<p>            Vogliamo la vostra opinione!<\/p>\n<p class=\"mt-auto\">Cosa vorresti vedere su Motorsport.com?<\/p>\n<p>            <a href=\"#\" class=\"ms-link text-link font-bold\">Partecipate al nostro sondaggio di 5 minuti.<\/a><\/p>\n<p class=\"mt-1 font-info text-body\">&#8211; Il team di Motorsport.com<\/p>\n","protected":false},"excerpt":{"rendered":"Il Gran Premio d&#8217;Indonesia \u00e8 stato senza ombra di dubbio il pi\u00f9 complicato della stagione 2025 della squadra&hellip;\n","protected":false},"author":3,"featured_media":151728,"comment_status":"","ping_status":"","sticky":false,"template":"","format":"standard","meta":{"footnotes":""},"categories":[1455],"tags":[3677,2834,18918,2360,88657,12234,1537,90,89,88658,2835,1783,1785,93838,1784,245,244],"class_list":{"0":"post-151727","1":"post","2":"type-post","3":"status-publish","4":"format-standard","5":"has-post-thumbnail","7":"category-moto","8":"tag-alex-marquez","9":"tag-ducati-team","10":"tag-fermin-aldeguer","11":"tag-francesco-bagnaia","12":"tag-gp-dindonesia","13":"tag-gresini-racing","14":"tag-it","15":"tag-italia","16":"tag-italy","17":"tag-mandalika-international-street-circuit","18":"tag-marc-marquez","19":"tag-moto","20":"tag-motogp","21":"tag-motogp-dalligna-esalta-aldeguer-solo-i-veri-campioni-vincono-da-rookie","22":"tag-motorcycle","23":"tag-sport","24":"tag-sports"},"share_on_mastodon":{"url":"","error":""},"_links":{"self":[{"href":"https:\/\/www.europesays.com\/it\/wp-json\/wp\/v2\/posts\/151727","targetHints":{"allow":["GET"]}}],"collection":[{"href":"https:\/\/www.europesays.com\/it\/wp-json\/wp\/v2\/posts"}],"about":[{"href":"https:\/\/www.europesays.com\/it\/wp-json\/wp\/v2\/types\/post"}],"author":[{"embeddable":true,"href":"https:\/\/www.europesays.com\/it\/wp-json\/wp\/v2\/users\/3"}],"replies":[{"embeddable":true,"href":"https:\/\/www.europesays.com\/it\/wp-json\/wp\/v2\/comments?post=151727"}],"version-history":[{"count":0,"href":"https:\/\/www.europesays.com\/it\/wp-json\/wp\/v2\/posts\/151727\/revisions"}],"wp:featuredmedia":[{"embeddable":true,"href":"https:\/\/www.europesays.com\/it\/wp-json\/wp\/v2\/media\/151728"}],"wp:attachment":[{"href":"https:\/\/www.europesays.com\/it\/wp-json\/wp\/v2\/media?parent=151727"}],"wp:term":[{"taxonomy":"category","embeddable":true,"href":"https:\/\/www.europesays.com\/it\/wp-json\/wp\/v2\/categories?post=151727"},{"taxonomy":"post_tag","embeddable":true,"href":"https:\/\/www.europesays.com\/it\/wp-json\/wp\/v2\/tags?post=151727"}],"curies":[{"name":"wp","href":"https:\/\/api.w.org\/{rel}","templated":true}]}}