{"id":151731,"date":"2025-10-07T17:37:11","date_gmt":"2025-10-07T17:37:11","guid":{"rendered":"https:\/\/www.europesays.com\/it\/151731\/"},"modified":"2025-10-07T17:37:11","modified_gmt":"2025-10-07T17:37:11","slug":"dumfries-due-finali-linter-orgoglio-davanti-ad-haaland-al-pallone-doro","status":"publish","type":"post","link":"https:\/\/www.europesays.com\/it\/151731\/","title":{"rendered":"Dumfries: &#8220;Due finali l&#8217;Inter, orgoglio. Davanti ad Haaland al Pallone d&#8217;Oro&#8221;"},"content":{"rendered":"<p>Intervistato da deVolkskrant, l&#8217;esterno dell&#8217;Inter Denzel Dumfries ha parlato del Pallone d&#8217;Oro, delle finali di Champions con l&#8217;Inter e della Nazionale olandese:<\/p>\n<p>\u00abQuando ti fermi un attimo a pensare alla tua carriera, come mi \u00e8 capitato di recente dopo la cerimonia del Pallone d\u2019Oro (\u00e8 arrivato 25\u00ba, ndr), mi sento orgoglioso di me stesso. Penso: ben fatto. Bravo cos\u00ec, hahaha. Il mio ex allenatore Alex Pastoor mi ha insegnato che bisogna godersi il momento, essere consapevoli di dove si \u00e8 e sentirsene fieri. <\/p>\n<p>A volte \u00e8 difficile. \u00c8 importante saper guardare le cose da una prospettiva pi\u00f9 ampia, da dove ti trovi. Quando sei preso da tante cose, a volte ti dimentichi di guardare da dove sei partito. Dove mi trovo ora? Posso essere soddisfatto? Due finali di Champions League in tre anni con l\u2019Inter: s\u00ec, posso esserne fiero.<\/p>\n<p class=\"is-copyright\">\u00a9 RIPRODUZIONE RISERVATA<\/p>\n","protected":false},"excerpt":{"rendered":"Intervistato da deVolkskrant, l&#8217;esterno dell&#8217;Inter Denzel Dumfries ha parlato del Pallone d&#8217;Oro, delle finali di Champions con l&#8217;Inter&hellip;\n","protected":false},"author":3,"featured_media":151732,"comment_status":"","ping_status":"","sticky":false,"template":"","format":"standard","meta":{"footnotes":""},"categories":[176],"tags":[3077,8235,1902,1969,93840,93841,11846,122,2276,49392,49393,93842,1891,6927,2149,31512,93843,93844,3073,93845,93846,3174,31681,2154,313,27587,93839,93847,2024,1976,27673,1251,25936,75933,48,350,93848,93849,1537,90,89,6049,3206,1955,6033,4283,3492,6092,2434,245,244,659],"class_list":{"0":"post-151731","1":"post","2":"type-post","3":"status-publish","4":"format-standard","5":"has-post-thumbnail","7":"category-sport","8":"tag-arrivato","9":"tag-assist","10":"tag-carriera","11":"tag-champions","12":"tag-champions-inter","13":"tag-champions-inter-olandese","14":"tag-compiere","15":"tag-cose","16":"tag-dare","17":"tag-denzel","18":"tag-denzel-dumfries","19":"tag-denzel-dumfries-parlato","20":"tag-devo","21":"tag-difficile","22":"tag-dobbiamo","23":"tag-dumfries","24":"tag-dumfries-parlato","25":"tag-dumfries-parlato-pallone","26":"tag-esterno","27":"tag-esterno-inter","28":"tag-esterno-inter-denzel","29":"tag-fallo","30":"tag-fantastico","31":"tag-farlo","32":"tag-fase","33":"tag-finali","34":"tag-finali-champions","35":"tag-finali-champions-inter","36":"tag-gioco","37":"tag-gol","38":"tag-gol-assist","39":"tag-grandi","40":"tag-guardare","41":"tag-haaland","42":"tag-importante","43":"tag-inter","44":"tag-inter-denzel","45":"tag-inter-denzel-dumfries","46":"tag-it","47":"tag-italia","48":"tag-italy","49":"tag-olandese","50":"tag-oro","51":"tag-pallone","52":"tag-pallone-oro","53":"tag-partite","54":"tag-portare","55":"tag-posso","56":"tag-si","57":"tag-sport","58":"tag-sports","59":"tag-tante"},"share_on_mastodon":{"url":"","error":""},"_links":{"self":[{"href":"https:\/\/www.europesays.com\/it\/wp-json\/wp\/v2\/posts\/151731","targetHints":{"allow":["GET"]}}],"collection":[{"href":"https:\/\/www.europesays.com\/it\/wp-json\/wp\/v2\/posts"}],"about":[{"href":"https:\/\/www.europesays.com\/it\/wp-json\/wp\/v2\/types\/post"}],"author":[{"embeddable":true,"href":"https:\/\/www.europesays.com\/it\/wp-json\/wp\/v2\/users\/3"}],"replies":[{"embeddable":true,"href":"https:\/\/www.europesays.com\/it\/wp-json\/wp\/v2\/comments?post=151731"}],"version-history":[{"count":0,"href":"https:\/\/www.europesays.com\/it\/wp-json\/wp\/v2\/posts\/151731\/revisions"}],"wp:featuredmedia":[{"embeddable":true,"href":"https:\/\/www.europesays.com\/it\/wp-json\/wp\/v2\/media\/151732"}],"wp:attachment":[{"href":"https:\/\/www.europesays.com\/it\/wp-json\/wp\/v2\/media?parent=151731"}],"wp:term":[{"taxonomy":"category","embeddable":true,"href":"https:\/\/www.europesays.com\/it\/wp-json\/wp\/v2\/categories?post=151731"},{"taxonomy":"post_tag","embeddable":true,"href":"https:\/\/www.europesays.com\/it\/wp-json\/wp\/v2\/tags?post=151731"}],"curies":[{"name":"wp","href":"https:\/\/api.w.org\/{rel}","templated":true}]}}