{"id":151754,"date":"2025-10-07T17:54:10","date_gmt":"2025-10-07T17:54:10","guid":{"rendered":"https:\/\/www.europesays.com\/it\/151754\/"},"modified":"2025-10-07T17:54:10","modified_gmt":"2025-10-07T17:54:10","slug":"motogp-ducati-quello-di-aldeguer-e-l84-podio-consecutivo-un-record-che-sa-di-futuro","status":"publish","type":"post","link":"https:\/\/www.europesays.com\/it\/151754\/","title":{"rendered":"MotoGP Ducati, quello di Aldeguer \u00e8 l&#8217;84\u00b0 podio consecutivo: un record che sa di futuro"},"content":{"rendered":"<p>                        Almeno una moto Ducati arriva tra i primi tre ininterrottamente in MotoGP dal 2021: il primato della Honda \u00e8 stato battuto con il pilota che molti considerano protagonista assoluto della prossima era a due ruote.<\/p>\n<p class=\"has-first-letter\">Nel giorno in cui i suoi piloti ufficiali sono spariti dalla classifica, la Ducati ha superato un altro record. Sono 84 podi di fila, and counting\u2026 E c\u2019\u00e8 qualcosa di simbolico nel fatto che il podio in pi\u00f9 della Honda lo abbia ottenuto con la prima vittoria in carriera di quello che secondo molti sar\u00e0 il suo pilota del futuro: Fermin Aldeguer. Ottantaquattro podi di fila significa che c\u2019\u00e8 una Ducati consecutivamente tra le prime tre da Aragon 2021.<\/p>\n","protected":false},"excerpt":{"rendered":"Almeno una moto Ducati arriva tra i primi tre ininterrottamente in MotoGP dal 2021: il primato della Honda&hellip;\n","protected":false},"author":3,"featured_media":151755,"comment_status":"","ping_status":"","sticky":false,"template":"","format":"standard","meta":{"footnotes":""},"categories":[1455],"tags":[15518,93851,3658,839,2537,44813,6315,3654,93852,3655,3447,1902,6969,1932,1278,6927,1112,3438,2882,2217,93853,1820,1426,629,3369,3345,3336,6548,298,1537,90,89,16600,89448,3657,2835,3442,3444,3455,16592,1353,6069,1783,1784,76838,93854,489,3660,5509,5385,2972,3333,696,8023,93855,3351,11045,15312,3338,15509,3969,3421,6193,2841,93856,11603,245,244,6228,577,1886,16512,2199,2959],"class_list":{"0":"post-151754","1":"post","2":"type-post","3":"status-publish","4":"format-standard","5":"has-post-thumbnail","7":"category-moto","8":"tag-aldeguer","9":"tag-aleix","10":"tag-alex","11":"tag-almeno","12":"tag-altra","13":"tag-aragon","14":"tag-arrivata","15":"tag-bagnaia","16":"tag-bez","17":"tag-bezzecchi","18":"tag-biaggi","19":"tag-carriera","20":"tag-ce","21":"tag-classifica","22":"tag-davvero","23":"tag-difficile","24":"tag-domenica","25":"tag-ducati","26":"tag-fatica","27":"tag-festa","28":"tag-festa-finale","29":"tag-fila","30":"tag-finale","31":"tag-gara","32":"tag-giro","33":"tag-gp","34":"tag-gran","35":"tag-honda","36":"tag-incidente","37":"tag-it","38":"tag-italia","39":"tag-italy","40":"tag-jack","41":"tag-mandalika","42":"tag-marc","43":"tag-marc-marquez","44":"tag-marquez","45":"tag-max","46":"tag-max-biaggi","47":"tag-miller","48":"tag-mondiale","49":"tag-motegi","50":"tag-moto","51":"tag-motorcycle","52":"tag-nervosismo","53":"tag-okada","54":"tag-passato","55":"tag-pecco","56":"tag-pecco-bagnaia","57":"tag-pensare","58":"tag-pericolo","59":"tag-pilota","60":"tag-pista","61":"tag-podi","62":"tag-podi-fila","63":"tag-podio","64":"tag-potuto","65":"tag-primato","66":"tag-primi","67":"tag-quartararo","68":"tag-realta","69":"tag-record","70":"tag-sa","71":"tag-sabato","72":"tag-sconcertante","73":"tag-sembrava","74":"tag-sport","75":"tag-sports","76":"tag-sprint","77":"tag-stagione","78":"tag-successo","79":"tag-superato","80":"tag-ultima","81":"tag-vedere"},"share_on_mastodon":{"url":"","error":""},"_links":{"self":[{"href":"https:\/\/www.europesays.com\/it\/wp-json\/wp\/v2\/posts\/151754","targetHints":{"allow":["GET"]}}],"collection":[{"href":"https:\/\/www.europesays.com\/it\/wp-json\/wp\/v2\/posts"}],"about":[{"href":"https:\/\/www.europesays.com\/it\/wp-json\/wp\/v2\/types\/post"}],"author":[{"embeddable":true,"href":"https:\/\/www.europesays.com\/it\/wp-json\/wp\/v2\/users\/3"}],"replies":[{"embeddable":true,"href":"https:\/\/www.europesays.com\/it\/wp-json\/wp\/v2\/comments?post=151754"}],"version-history":[{"count":0,"href":"https:\/\/www.europesays.com\/it\/wp-json\/wp\/v2\/posts\/151754\/revisions"}],"wp:featuredmedia":[{"embeddable":true,"href":"https:\/\/www.europesays.com\/it\/wp-json\/wp\/v2\/media\/151755"}],"wp:attachment":[{"href":"https:\/\/www.europesays.com\/it\/wp-json\/wp\/v2\/media?parent=151754"}],"wp:term":[{"taxonomy":"category","embeddable":true,"href":"https:\/\/www.europesays.com\/it\/wp-json\/wp\/v2\/categories?post=151754"},{"taxonomy":"post_tag","embeddable":true,"href":"https:\/\/www.europesays.com\/it\/wp-json\/wp\/v2\/tags?post=151754"}],"curies":[{"name":"wp","href":"https:\/\/api.w.org\/{rel}","templated":true}]}}