{"id":151766,"date":"2025-10-07T18:09:15","date_gmt":"2025-10-07T18:09:15","guid":{"rendered":"https:\/\/www.europesays.com\/it\/151766\/"},"modified":"2025-10-07T18:09:15","modified_gmt":"2025-10-07T18:09:15","slug":"greta-thunberg-risponde-a-trump-consigliami-come-gestire-la-rabbia","status":"publish","type":"post","link":"https:\/\/www.europesays.com\/it\/151766\/","title":{"rendered":"Greta Thunberg risponde a Trump: &#8216;Consigliami come gestire la rabbia&#8217;"},"content":{"rendered":"<p>Botta e risposta tra il presidente americano Donald Trump e l&#8217;attivista svedese Greta Thunberg, dopo che luned\u00ec <a data-intcmp=\"skytg24_foglia articolo_interlink_text\" href=\"https:\/\/tg24.sky.it\/mondo\/2025\/10\/06\/flotilla-gaza-israele-ultime-notizie\" rel=\"nofollow noopener\" target=\"_blank\">la 22enne ha lasciato Israele insieme ad altri 135 attivisti<\/a> e membri dell&#8217;equipaggio della Global Sumud Flottilla. Atterrata ad Atene, l&#8217;attivista ha tenuto un discorso all&#8217;aeroporto che il tycoon non ha perso l&#8217;occasione di commentare: &#8220;Ha un problema di gestione della rabbia. Penso che dovrebbe consultare un medico. Per essere cos\u00ec giovane \u00e8 davvero arrabbiata&#8221;. Greta Thunberg ha ringraziato Trump per le parole &#8220;molto lusinghiere&#8221; sul suo carattere e la preoccupazione per il suo stato mentale.\u00a0<\/p>\n<p>\t\t \tGreta: &#8220;Grazie dei consigli, anche lui ha problema a gestire la rabbia&#8221;<\/p>\n<p>La risposta di Greta Thunberg al commento di Trump sul discorso che l&#8217;attivista ha tenuto ad Atene dopo l&#8217;espulsione da Israele, non si \u00e8 fatta attendere.&#8221;Ricever\u00f2 volentieri tutte le raccomandazioni per trattare i problemi di gestione della rabbia, poich\u00e8, a giudicare dal suo impressionante curriculum, sembra che anche lui ne soffra&#8221;, ha ironizzato l&#8217;attivista sul suo account Instagram accusata dal tycoon di essere una &#8220;piantagrane&#8221; incapace di gestire la rabbia.\u00a0<\/p>\n<p>\t\t\t<a class=\"c-inline-card j-inline-card c-inline-card--with-image\" href=\"https:\/\/tg24.sky.it\/mondo\/2025\/10\/05\/greta-thunberg-detenzione-israele\" rel=\"follow nofollow noopener\" data-intcmp=\"skytg24_articolo_approfondimenti_inline\" target=\"_blank\"><\/p>\n<p>\t\t\t         <img decoding=\"async\" crossorigin=\"anonymous\" alt=\"\" src=\"https:\/\/www.europesays.com\/it\/wp-content\/uploads\/2025\/10\/1759769294_208_greta_getty.jpg\"  loading=\"lazy\"  bad-src=\"https:\/\/www.europesays.com\/it\/wp-content\/uploads\/2025\/10\/1759769294_208_greta_getty.jpg\"\/><\/p>\n<p>\n\t\t\t         Approfondimento<br \/>\n\t\t\t         Guardian: &#8220;Greta detenuta con poca acqua e cibo&#8221;. Israele: &#8220;Menzogne&#8221;\n\t\t\t      <\/p>\n<p>\t\t\t<\/a><\/p>\n","protected":false},"excerpt":{"rendered":"Botta e risposta tra il presidente americano Donald Trump e l&#8217;attivista svedese Greta Thunberg, dopo che luned\u00ec la&hellip;\n","protected":false},"author":3,"featured_media":151767,"comment_status":"","ping_status":"","sticky":false,"template":"","format":"standard","meta":{"footnotes":""},"categories":[160],"tags":[14,164,165,73,36593,7673,166,7,15,379,11,167,12,168,161,162,163],"class_list":{"0":"post-151766","1":"post","2":"type-post","3":"status-publish","4":"format-standard","5":"has-post-thumbnail","7":"category-mondo","8":"tag-cronaca","9":"tag-dal-mondo","10":"tag-dalmondo","11":"tag-gaza","12":"tag-greta-thunberg","13":"tag-medio-oriente","14":"tag-mondo","15":"tag-news","16":"tag-notizie","17":"tag-trump","18":"tag-ultime-notizie","19":"tag-ultime-notizie-di-mondo","20":"tag-ultimenotizie","21":"tag-ultimenotiziedimondo","22":"tag-world","23":"tag-world-news","24":"tag-worldnews"},"share_on_mastodon":{"url":"","error":""},"_links":{"self":[{"href":"https:\/\/www.europesays.com\/it\/wp-json\/wp\/v2\/posts\/151766","targetHints":{"allow":["GET"]}}],"collection":[{"href":"https:\/\/www.europesays.com\/it\/wp-json\/wp\/v2\/posts"}],"about":[{"href":"https:\/\/www.europesays.com\/it\/wp-json\/wp\/v2\/types\/post"}],"author":[{"embeddable":true,"href":"https:\/\/www.europesays.com\/it\/wp-json\/wp\/v2\/users\/3"}],"replies":[{"embeddable":true,"href":"https:\/\/www.europesays.com\/it\/wp-json\/wp\/v2\/comments?post=151766"}],"version-history":[{"count":0,"href":"https:\/\/www.europesays.com\/it\/wp-json\/wp\/v2\/posts\/151766\/revisions"}],"wp:featuredmedia":[{"embeddable":true,"href":"https:\/\/www.europesays.com\/it\/wp-json\/wp\/v2\/media\/151767"}],"wp:attachment":[{"href":"https:\/\/www.europesays.com\/it\/wp-json\/wp\/v2\/media?parent=151766"}],"wp:term":[{"taxonomy":"category","embeddable":true,"href":"https:\/\/www.europesays.com\/it\/wp-json\/wp\/v2\/categories?post=151766"},{"taxonomy":"post_tag","embeddable":true,"href":"https:\/\/www.europesays.com\/it\/wp-json\/wp\/v2\/tags?post=151766"}],"curies":[{"name":"wp","href":"https:\/\/api.w.org\/{rel}","templated":true}]}}