{"id":151768,"date":"2025-10-07T18:10:10","date_gmt":"2025-10-07T18:10:10","guid":{"rendered":"https:\/\/www.europesays.com\/it\/151768\/"},"modified":"2025-10-07T18:10:10","modified_gmt":"2025-10-07T18:10:10","slug":"giorgia-meloni-da-bruno-vespa-questa-sera-noi-accusati-di-genocidio-si-e-perso-il-senso-delle-parole","status":"publish","type":"post","link":"https:\/\/www.europesays.com\/it\/151768\/","title":{"rendered":"Giorgia Meloni da Bruno Vespa questa sera: \u00abNoi accusati di genocidio, si \u00e8 perso il senso delle parole\u00bb"},"content":{"rendered":"<p>    di<br \/>\n    Redazione Online<\/p>\n<p class=\"summary-art is-line-h-12\">Lo ha detto la premier Giorgia Meloni, ospite di Cinque minuti, in onda questa sera su Rai1<\/p>\n<p class=\"chapter-paragraph\">\u00abIo ho grande rispetto delle manifestazioni, ne ho organizzate una infinit\u00e0. Le violenze erano organizzate e preordinate, non da chi organizzava, ma sono fenomeno un po&#8217; pi\u00f9 ampio\u00bb, cos\u00ec la presidente del Consiglio\u00a0<b>Giorgia Meloni<\/b>, ospite di Cinque minuti e di Porta a Porta, in onda questa sera su Rai1, riferendosi alle<a href=\"https:\/\/roma.corriere.it\/cronaca\/diretta-live\/25_ottobre_04\/roma-manifestazione-nazionale-per-gaza-in-diretta-studenti-gia-riuniti-alla-sapienza-stop-al-genocidio-imbrattata-la-statua-di.shtml\" title=\"Corteo ProPal a Roma: \u00abSiamo un milione, stop al genocidio\u00bb. Incappucciati contro la polizia, auto e cassonetti in fiamme: 262 identificati. Guerriglia a piazza Vittorio\" rel=\"nofollow noopener\" target=\"_blank\"> manifestazione pro-Pal <\/a>durante lo sciopero organizzato dalla Cgil.<\/p>\n<p class=\"chapter-paragraph\">\u00abUno degli striscioni di testa inneggiava al terrore del <b>7 ottobre<\/b>, quando si consente a chi inneggia al terrorismo di <b>Hamas<\/b> di stare in testa al corteo &#8211; ha proseguito la premier &#8211; forse la tesi dei semplici infiltrati \u00e8 un po&#8217; riduttiva. Ma ho grande rispetto per le persone scese in piazza per una questione sentita\u00bb.    &#13;<br \/>\n&#13;<br \/>\n&#13;<br \/>\n&#13;<br \/>\n&#13;<br \/>\n&#13;<br \/>\n&#13;<br \/>\n&#13;<br \/>\n&#13;<br \/>\n&#13;<br \/>\n&#13;<br \/>\n&#13;<br \/>\n&#13;<br \/>\n&#13;<br \/>\n&#13;<br \/>\n&#13;<br \/>\n&#13;<br \/>\n&#13;<br \/>\n&#13;<br \/>\n&#13;<br \/>\n&#13;<br \/>\n&#13;<br \/>\n&#13;<br \/>\n&#13;<br \/>\n&#13;<br \/>\n&#13;<br \/>\n&#13;<br \/>\n&#13;<br \/>\n&#13;<br \/>\n&#13;<br \/>\n&#13;<br \/>\n&#13;<br \/>\n&#13;<br \/>\n&#13;<br \/>\n&#13;<br \/>\n&#13;<br \/>\n&#13;<br \/>\n&#13;<br \/>\n&#13;<br \/>\n&#13;<br \/>\n&#13;<br \/>\n&#13;<br \/>\n&#13;<br \/>\n&#13;<br \/>\n&#13;<br \/>\n&#13;<br \/>\n&#13;<br \/>\n&#13;<br \/>\n&#13;<br \/>\n&#13;<br \/>\n&#13;<br \/>\n&#13;<br \/>\n&#13;\n<\/p>\n<p class=\"chapter-paragraph\">Poi ha aggiunto: \u00abIo, il ministro Crosetto, il ministro Tajani e credo l&#8217;amministratore delegato di Leonardo, Roberto Cingolani, siamo stati denunciati alla Corte Penale Internazionale <b>per concorso in genocidio<\/b>. Ora io credo che non esista un altro caso al mondo e nella storia di una denuncia del genere\u00bb.<\/p>\n<p>    \u00abAlla Cgil interessa pi\u00f9 la difesa della sinistra che dei lavoratori\u00bb<\/p>\n<p class=\"chapter-paragraph\">\u00abNon sono stata particolarmente dura sullo <b>sciopero<\/b>, ho detto quello che penso, cio\u00e8 che <b>era pretestuoso<\/b>. Nei 10 anni\u00bb in cui ha governato al sinistra la Cgil ha indetto \u00ab6 scioperi generali, nei tre anni\u00bb del suo governo \u00ab4 scioperi generali, lo fa mentre aumentano occupazione e salari e diminuisce la precariet\u00e0, e lo fa sulla politica estera, un unicum nella storia del sindacato\u00bb, ha continuato la premier. Si \u00e8 trattato, ribadisce Meloni, di uno sciopero \u00abpretestuoso\u00bb perch\u00e9 si vede che la <b>Cgil<\/b> <b>\u00ab\u00e8 molto pi\u00f9 interessata a difendere la sinistra pi\u00f9 che i lavoratori\u00bb<\/b>.\u00a0\u00abDobbiamo richiamare tutti al senso di responsabilit\u00e0 &#8211; afferma la premier -, chi ha pensato di fomentare la piazza sta sottovalutando quello che sta accadendo. Attenzione che poi le cose sfuggono di mano\u00bb.\u00a0<\/p>\n<p>    \u00abFlotilla? Il blocco navale c&#8217;\u00e8 dal 2009\u00bb<\/p>\n<p class=\"chapter-paragraph\">\u00abAbbiamo prestato assistenza e la prestiamo sempre agli italiani anche quando non siamo d&#8217;accordo. Penso che in un momento nel quale c&#8217;\u00e8 un percorso che pu\u00f2 portare alla pace <b>esasperare gli animi rischi di andare contro gli interessi di chi si dice di voler aiutare i palestinesi<\/b>. Davvero devo fare un richiamo alla responsabilit\u00e0, anche perch\u00e9 non serve se l&#8217;obiettivo \u00e8 umanitario. Sulle navi della Flotilla c&#8217;erano, da quello che abbiamo ricostruito, circa 40 tonnellate di aiuti. Il governo italiano ha consegnato 2.300 tonnellate di aiuti. Quaranta tonnellate di aiuti le nostre istituzioni le consegnano in una mattinata con due aerei\u00bb, ha affermato Meloni. <b>\u00abQuindi non serve rischiare, mettersi in pericolo, creare problemi alla propria nazione<\/b> e non serve magari rischiare di dare un alibi a quelli che la pace dovessero non volerla\u00bb.<b> Il blocco navale? \u00abC&#8217;\u00e8 dal 2009, non se ne era accorto Conte? <\/b>Perch\u00e9 non ha e non hanno posto il problema? Altrimenti rischia di diventare tutto strumentale e non aiuta le possibilit\u00e0 che oggi ci sono di avere una pace\u00bb, conclude.<\/p>\n<p>    Manovra, riforma della Giustizia, elezioni<\/p>\n<p class=\"chapter-paragraph\">In vista della manovra <b>\u00abdovremmo darci l&#8217;obiettivo di dare anche un segnale al ceto medio, che pure \u00e8 molto importante<\/b>. Noi ci siamo concentrati finora sui redditi pi\u00f9 bassi e io credo che sia importante adesso cercare di allargare la platea. Dipende sempre dalle risorse che si hanno complessivamente, ma ci sono diverse possibilit\u00e0\u00bb per un taglio delle tasse \u00abper la fascia che arriva ai 50mila euro\u00bb.\u00a0 \u00abNella nuova legge di bilancio ci saranno risorse per incentivare l&#8217;occupazione\u00bb.<\/p>\n<p class=\"chapter-paragraph\">Meloni ha poi affermato di\u00a0\u00abnon essere contraria\u00bb alla<b> legge elettorale<\/b>,\u00a0\u00abche compete al Parlamento e non al governo\u00bb:\u00a0\u00abSe si facesse sarei per fare <b>una legge che vada bene anche per il premierato e quindi con l&#8217;indicazione del premier sulla scheda<\/b>. Il premierato va avanti per questo non val la pena fare una legge elettorale e poi farne un&#8217;altra dopo il referendum sul premierato\u00bb.<\/p>\n<p class=\"chapter-paragraph\">Per quanta riguarda <b>il tema della Giustizia<\/b>, Meloni sostiene che il governo sta dando\u00a0<b>\u00abl&#8217;occasione storica per liberare la magistratura da correnti politicizzate\u00bb:\u00a0\u00ab<\/b>Le nostre norme sono di consenso, credo siano condivise dalla maggioranza degli italiani e da diversi esponenti politici dell&#8217;opposizione. Vedremo. Noi ci siamo impegnati sulla riforma, sar\u00e0 il popolo italiano a dire come la pensa\u00bb, con<b> il referendum <\/b><a href=\"https:\/\/roma.corriere.it\/notizie\/politica\/25_settembre_18\/giustizia-si-riforma-separazione-carriere-aula-scoppia-la-lite-fa951fb5-74a8-4119-b7bd-5c2b2f466xlk.shtml\" title=\"Giustizia, il s\u00ec alla riforma sulla separazione delle carriere. E in Aula scoppia la lite\" rel=\"nofollow noopener\" target=\"_blank\">sulla separazione delle carriere,<\/a> \u00abio spero che gli italiani votino in base al merito della riforma. Non ci saranno conseguenze per il governo, i governi passano ma le norme costituzionali rimangono, bisogna votare nel merito\u00bb.\u00a0<\/p>\n<p class=\"chapter-paragraph\">E <b>sui risultati delle ultime elezioni Regionali<\/b> Meloni pensa che\u00a0\u00abgli italiani dimostrano di guardare ai risultati di governo,<a href=\"https:\/\/www.corriere.it\/politica\/diretta-live\/25_ottobre_06\/calabria-regionali-2025-risultati.shtml\" title=\"Elezioni regionali in Calabria 2025 | Occhiuto presidente bis con pi\u00f9 di 15 punti di vantaggio: \u00abPacificheremo la regione\u00bb. Esulta il centrodestra, Tridico: \u00abGrande delusione\u00bb\" rel=\"nofollow noopener\" target=\"_blank\"> che sia in Calabria<\/a> che nelle Marche erano buoni risultati, e mi pare che sia anche quello che accade con il governo nazionale\u00bb:\u00a0<b>\u00abMi pare che gli italiani capiscono quando si tenta di trattarli da scemi,<\/b> come si fa quando il giorno prima del voto si propone la sospensione del bollo auto per i calabresi o come si fa addirittura quando, come \u00e8 accaduto nelle Marche, si dice &#8220;vota per me nelle Marche e avrai lo Stato di Palestina&#8221;\u00bb.<\/p>\n<p>    \u00abPrime intese sull&#8217;Autonomia entro fine anno\u00bb<\/p>\n<p class=\"chapter-paragraph\">L&#8217;Autonomia differenziata \u00ab\u00e8 una delle principali riforme del governo che vogliamo portare a termine\u00bb, dice la premier, sottolineando che in attesa della definizione dei livelli essenziali delle prestazioni, rispondendo alle prescrizioni della Corte Costituzionale, \u00absulle materie non Lep, con le regioni che ne hanno fatto richiesta, penso che per la fine di quest&#8217;anno qualcosa vedremo\u00bb.<\/p>\n<p>    \u00ab1 milione in pi\u00f9 di prestazioni\u00bb<\/p>\n<p class=\"chapter-paragraph\">\u00abNei primi sette mesi di quest&#8217;anno &#8211; afferma la presidente del Consiglio -, da gennaio a luglio, rispetto allo stesso periodo dello scorso anno, sono state fatte 1 mln in pi\u00f9 di prestazioni. Se continuiamo con questo ritmo significa che le cose stanno cominciando a funzionare meglio\u00bb.\u00a0<\/p>\n<p class=\"chapter-paragraph\">Quello degli esami specialistici indebiti \u00ab\u00e8 un grandissimo tema su cui si deve coinvolgere i medici di base, ci serve una mano. \u00c8 un tema che coinvolge anche la responsabilit\u00e0 dei medici, perch\u00e9 pi\u00f9 corri rischi e pi\u00f9, nel dubbio, prescrivi tutto. Dopo il Covid &#8211; aggiunge &#8211; c&#8217;\u00e8 stata un&#8217;esplosione che non ci aiuta. Per questo abbiamo imposto che ci si dicesse anche la tempistica con le priorit\u00e0 degli esami da fare\u00bb.<\/p>\n<p>    \u00abColle? Mi basta fare la presidente del Consiglio\u00bb<\/p>\n<p class=\"chapter-paragraph\">La presidente del Consiglio ha poi risposto all&#8217;accusa di puntare alla presidenza della Repubblica mossa da Matteo Renzi, leader di Italia Viva:\u00a0\u00abIl problema di quelli che hanno passato tutta la vita a pensare a che incarico dovessero ricoprire pensano che tutti siano come loro: io ragiono in modo diverso, sto facendo il presidente del Consiglio, le posso garantire che mi basta e mi avanza\u00bb.<\/p>\n<p>    \u00abEuropa, Nato e Usa insieme per Kiev\u00bb<\/p>\n<p class=\"chapter-paragraph\">Meloni ha poi parlato di temi internazionali, a partire dalla guerra in Ucraina:\u00a0\u00abIo credo che sia abbastanza evidente anche a Trump e gli americani che tra le due parti in causa <b>quella che non \u00e8 disponibile a fare passi in avanti \u00e8 la Russia<\/b>. Europa, Stati Uniti, Nato, devono continuare a insistere cos\u00ec insieme. Quando Putin provoca sui cieli europei sta testando la Nato e anche gli Stati Uniti, questa \u00e8 una garanzia che possiamo avere su un eventuale disimpegno Usa in Ucraina. Dobbiamo continuare con le pressioni\u00bb.\u00a0<\/p>\n<p class=\"chapter-paragraph\">\u00abQuando spendiamo in difesa il messaggio che passa \u00e8 che siamo guerrafondai &#8211; dice Meloni -. Ma \u00e8 il contrario perch\u00e9 <b>si spende in difesa per garantire la pace<\/b>, che non si costruisce decantandola o sventolando le bandiere, si costruisce con la deterrenza\u00bb.<\/p>\n<p class=\"chapter-paragraph\">\u00abNon c&#8217;\u00e8 alcuna intenzione, da parte mia, di avvicinarmi al Ppe. Penso sia pi\u00f9 il Ppe che si avvicini alle nostre posizioni\u00bb.\u00a0<\/p>\n<p>    \u00abDazi? Spero ci sia margine di trattativa\u00bb<\/p>\n<p class=\"chapter-paragraph\">\u00abLa telenovela dei dazi non ci riguarda &#8211; sostiene la premier a Porta a Porta -, ad esempio per il settore farmaceutico. Che in questo quadro credo si possa cercare di spiegare agli americani che ci sono alcuni prodotti che non possono coprire con le produzioni interne questo si pu\u00f2 fare\u00bb e che quindi i dazi creano problemi a loro, \u00abspero che dei margini sulla media distanza possano esserci\u00bb.<\/p>\n<p>    \u00abAnche quest&#8217;anno si pu\u00f2 chiedere una mano alle banche\u00bb<\/p>\n<p class=\"chapter-paragraph\">\u00abL&#8217;abbiamo gi\u00e0 fatto lo scorso anno, <b>non ho intenti punitivi verso il sistema bancario, che \u00e8 un asset della nazione<\/b>. Confido si possa trovare soluzione anche quest&#8217;anno, perch\u00e9 c&#8217;\u00e8 chi ha potuto contare su uno scenario migliore, anche generato da quello che la politica ha fatto. Ci invece sono degli italiani che per\u00f2 ancora vanno messi in sicurezza, e penso che si possa chiedere una mano\u00bb, alle banche \u00abcome l&#8217;anno scorso\u00bb.<\/p>\n<p class=\"chapter-paragraph\">Articolo in aggiornamento&#8230;<\/p>\n<p>        La newsletter Diario Politico<\/p>\n<p class=\"chapter-paragraph\">Se vuoi restare aggiornato sulle notizie di politica iscriviti alla newsletter &#8220;Diario Politico&#8221;. E&#8217; dedicata agli abbonati al Corriere della Sera e arriva due volte alla settimana alle 12. Basta cliccare <a style=\"text-decoration:underline;\" href=\"https:\/\/www.corriere.it\/newsletter\/?theme=51\" rel=\"nofollow noopener\" target=\"_blank\">qui<\/a>.<\/p>\n<p class=\"is-last-update\" datetime=\"2025-10-07T20:06:00+02:00\">7 ottobre 2025 ( modifica il 7 ottobre 2025 | 20:05)<\/p>\n<p class=\"is-copyright\">\n            \u00a9 RIPRODUZIONE RISERVATA\n        <\/p>\n","protected":false},"excerpt":{"rendered":"di Redazione Online Lo ha detto la premier Giorgia Meloni, ospite di Cinque minuti, in onda questa sera&hellip;\n","protected":false},"author":3,"featured_media":151769,"comment_status":"","ping_status":"","sticky":false,"template":"","format":"standard","meta":{"footnotes":""},"categories":[79],"tags":[868,797,2102,761,2017,2546,3721,2333,8642,62627,2138,192,6913,93867,93868,631,21491,1365,2336,122,10812,1367,14,93,94,2276,3706,767,2149,51170,27,123,6104,3085,13989,5970,9199,774,125,126,93869,485,48,1537,90,627,1599,89,9324,1207,77387,962,93870,6771,1222,58,93871,93872,10329,3479,2737,15595,5796,7,6884,15,809,9317,9167,27336,43058,17191,93873,402,4966,98,115,54596,135,3554,984,2417,1270,5389,28156,13287,2181,315,3462,2453,5953,93866,11,84,91,12,85,92],"class_list":{"0":"post-151768","1":"post","2":"type-post","3":"status-publish","4":"format-standard","5":"has-post-thumbnail","7":"category-italia","8":"tag-afferma","9":"tag-affermato","10":"tag-aiuta","11":"tag-aiuti","12":"tag-americani","13":"tag-autonomia","14":"tag-banche","15":"tag-base","16":"tag-blocco","17":"tag-blocco-navale","18":"tag-cercare","19":"tag-cgil","20":"tag-chiedere","21":"tag-chiedere-mano","22":"tag-chiedere-mano-banche","23":"tag-cinque","24":"tag-cinque-minuti","25":"tag-continuare","26":"tag-corte","27":"tag-cose","28":"tag-costruisce","29":"tag-credo","30":"tag-cronaca","31":"tag-cronaca-italiana","32":"tag-cronacaitaliana","33":"tag-dare","34":"tag-dazi","35":"tag-difesa","36":"tag-dobbiamo","37":"tag-dovessero","38":"tag-elettorale","39":"tag-elezioni","40":"tag-esami","41":"tag-europa","42":"tag-flotilla","43":"tag-garantire","44":"tag-generali","45":"tag-genocidio","46":"tag-giorgia","47":"tag-giorgia-meloni","48":"tag-giorgia-meloni-ospite","49":"tag-giustizia","50":"tag-importante","51":"tag-it","52":"tag-italia","53":"tag-italiani","54":"tag-italiano","55":"tag-italy","56":"tag-lavoratori","57":"tag-legge","58":"tag-legge-elettorale","59":"tag-mano","60":"tag-mano-banche","61":"tag-manovra","62":"tag-medici","63":"tag-meloni","64":"tag-meloni-ospite","65":"tag-meloni-ospite-cinque","66":"tag-merito","67":"tag-minuti","68":"tag-nato","69":"tag-navale","70":"tag-nazione","71":"tag-news","72":"tag-norme","73":"tag-notizie","74":"tag-obiettivo","75":"tag-occupazione","76":"tag-onda","77":"tag-onda-sera","78":"tag-organizzate","79":"tag-ospite","80":"tag-ospite-cinque","81":"tag-pace","82":"tag-penso","83":"tag-porta","84":"tag-premier","85":"tag-premierato","86":"tag-presidente","87":"tag-prestazioni","88":"tag-responsabilita","89":"tag-riforma","90":"tag-rispetto","91":"tag-risultati","92":"tag-sciopero","93":"tag-sera","94":"tag-serve","95":"tag-sinistra","96":"tag-spero","97":"tag-tema","98":"tag-tonnellate","99":"tag-tonnellate-aiuti","100":"tag-ultime-notizie","101":"tag-ultime-notizie-e-news-di-oggi","102":"tag-ultime-notizie-italia","103":"tag-ultimenotizie","104":"tag-ultimenotizieenewsdioggi","105":"tag-ultimenotizieitalia"},"share_on_mastodon":{"url":"","error":""},"_links":{"self":[{"href":"https:\/\/www.europesays.com\/it\/wp-json\/wp\/v2\/posts\/151768","targetHints":{"allow":["GET"]}}],"collection":[{"href":"https:\/\/www.europesays.com\/it\/wp-json\/wp\/v2\/posts"}],"about":[{"href":"https:\/\/www.europesays.com\/it\/wp-json\/wp\/v2\/types\/post"}],"author":[{"embeddable":true,"href":"https:\/\/www.europesays.com\/it\/wp-json\/wp\/v2\/users\/3"}],"replies":[{"embeddable":true,"href":"https:\/\/www.europesays.com\/it\/wp-json\/wp\/v2\/comments?post=151768"}],"version-history":[{"count":0,"href":"https:\/\/www.europesays.com\/it\/wp-json\/wp\/v2\/posts\/151768\/revisions"}],"wp:featuredmedia":[{"embeddable":true,"href":"https:\/\/www.europesays.com\/it\/wp-json\/wp\/v2\/media\/151769"}],"wp:attachment":[{"href":"https:\/\/www.europesays.com\/it\/wp-json\/wp\/v2\/media?parent=151768"}],"wp:term":[{"taxonomy":"category","embeddable":true,"href":"https:\/\/www.europesays.com\/it\/wp-json\/wp\/v2\/categories?post=151768"},{"taxonomy":"post_tag","embeddable":true,"href":"https:\/\/www.europesays.com\/it\/wp-json\/wp\/v2\/tags?post=151768"}],"curies":[{"name":"wp","href":"https:\/\/api.w.org\/{rel}","templated":true}]}}