{"id":151770,"date":"2025-10-07T18:11:14","date_gmt":"2025-10-07T18:11:14","guid":{"rendered":"https:\/\/www.europesays.com\/it\/151770\/"},"modified":"2025-10-07T18:11:14","modified_gmt":"2025-10-07T18:11:14","slug":"spid-resta-per-ora-rinnovata-la-convenzione-per-i-prossimi-5-anni-ma-ora-potrebbe-scattare-il-pagamento","status":"publish","type":"post","link":"https:\/\/www.europesays.com\/it\/151770\/","title":{"rendered":"Spid resta (per ora): rinnovata la convenzione per i prossimi 5 anni, ma ora potrebbe scattare il pagamento"},"content":{"rendered":"<p>    di<br \/>\n    Redazione Economia<\/p>\n<p class=\"summary-art is-line-h-12 is-mr-t-20\">L\u2019intesa arrivata quasi allo scadere dei termini, ma consente di evitare lo stop di uno strumento ormai diventato essenziale per milioni di cittadini<\/p>\n<p class=\"chapter-paragraph\">Il Sistema Pubblico di Identit\u00e0 Digitale, meglio noto come <b>SPID<\/b>, sopravvive. Almeno per il momento. Dopo settimane di incertezza, Assocertificatori \u2013 che rappresenta i principali gestori del servizio come <b>Poste, Aruba e Infocert<\/b> \u2013 ha raggiunto un accordo con l\u2019Agenzia per l\u2019Italia Digitale (AgID) e il Dipartimento per la Trasformazione Digitale per il rinnovo della convenzione, che garantir\u00e0 la continuit\u00e0 del sistema per i prossimi cinque anni.<\/p>\n<p>    Il servizio a pagamento<\/p>\n<p class=\"chapter-paragraph\">Il servizio potrebbe per\u00f2 nascondere in futuro costi per gli utenti: Aruba, Infocert e Register.it hanno gi\u00e0 introdotto il servizio a pagamento. Mentre il <b>principale gestore, ovvero Poste, ha mantenuto al momento la gratuit\u00e0 del sistema<\/b>. Non c\u2019\u00e8 per\u00f2 garanzia che continuer\u00e0 a essere cos\u00ec. Tra le richieste dei fornitori del servizio, infatti, c\u2019era la rassicurazione sui fondi pubblici promessi a chi garantisce l\u2019operativit\u00e0 dello SPID e l\u2019accesso ai servizi digitali per i cittadini.\u00a0\u00a0    &#13;<br \/>\n&#13;<br \/>\n&#13;<br \/>\n&#13;<br \/>\n&#13;<br \/>\n&#13;<br \/>\n&#13;<br \/>\n&#13;<br \/>\n&#13;<br \/>\n&#13;<br \/>\n&#13;<br \/>\n&#13;<br \/>\n&#13;<br \/>\n&#13;<br \/>\n&#13;<br \/>\n&#13;<br \/>\n&#13;<br \/>\n&#13;<br \/>\n&#13;<br \/>\n&#13;<br \/>\n&#13;<br \/>\n&#13;<br \/>\n&#13;<br \/>\n&#13;<br \/>\n&#13;<br \/>\n&#13;<br \/>\n&#13;<br \/>\n&#13;<br \/>\n&#13;<br \/>\n&#13;<br \/>\n&#13;<br \/>\n&#13;<br \/>\n&#13;<br \/>\n&#13;<br \/>\n&#13;<br \/>\n&#13;<br \/>\n&#13;<br \/>\n&#13;<br \/>\n&#13;<br \/>\n&#13;<br \/>\n&#13;<br \/>\n&#13;<br \/>\n&#13;<br \/>\n&#13;<br \/>\n&#13;<br \/>\n&#13;<br \/>\n&#13;<br \/>\n&#13;<br \/>\n&#13;<br \/>\n&#13;<br \/>\n&#13;<br \/>\n&#13;<br \/>\n&#13;\n<\/p>\n<p class=\"chapter-paragraph\">Un\u2019intesa arrivata quasi allo scadere dei termini, ma che consente di evitare lo stop di uno strumento ormai diventato essenziale per milioni di cittadini e imprese. \u00abL\u2019aggiornamento della convenzione conferma il ruolo strategico di SPID \u2013 ha dichiarato Andrea Sassetti, presidente di Assocertificatori \u2013 e testimonia la volont\u00e0 di proseguire un percorso condiviso verso il futuro dell\u2019identit\u00e0 digitale italiana ed europea\u00bb.<\/p>\n<p class=\"chapter-paragraph\">I numeri, del resto, parlano da soli: oltre 41 milioni di italiani hanno scelto di dotarsi di SPID, generando pi\u00f9 di 1,2 miliardi di accessi nel 2024 e oltre 630 milioni solo nel primo semestre del 2025. Secondo l\u2019Osservatorio Digital Identity del Politecnico di Milano, quasi il 90% degli utenti internet italiani utilizza regolarmente l\u2019identit\u00e0 digitale, un dato che colloca l\u2019Italia ai vertici europei.<\/p>\n<p class=\"chapter-paragraph\">Eppure, dietro i successi, il futuro di SPID appare tutt\u2019altro che solido. Il governo, per voce del sottosegretario all\u2019innovazione <a href=\"https:\/\/www.corriere.it\/economia\/innovazione\/24_dicembre_04\/butti-renderemo-i-documenti-di-it-wallet-accessibili-anche-con-lo-smartphone-scarico-b5602673-3818-4635-bbaa-38890290cxlk.shtml\" title=\"Butti: \u00abRenderemo i documenti di It Wallet accessibili anche con lo smartphone offline\u00bb\" rel=\"nofollow noopener\" target=\"_blank\">Alessio Butti<\/a>, ha pi\u00f9 volte ribadito che il sistema non rappresenta la soluzione definitiva, indicando come direzione strategica la\u00a0 Carta d\u2019Identit\u00e0 Elettronica\u00a0(Cie)\u00a0e il <a href=\"https:\/\/www.corriere.it\/economia\/innovazione\/cards\/it-wallet-il-portafoglio-digitale-da-oggi-e-per-tutti-quali-documenti-caricare-e-come-quando-sono-validi\/it-wallet-per-tutti-i-cittadini_principale.shtml\" title=\"IT Wallet, il portafoglio digitale ora \u00e8 per tutti: quali documenti caricare sul cellulare e come\" rel=\"nofollow noopener\" target=\"_blank\">Digital Identity Wallet europeo<\/a>, destinato a raccogliere e gestire documenti e credenziali direttamente sugli smartphone dei cittadini. Il nuovo modello, previsto dai regolamenti UE, \u00e8 gi\u00e0 in fase sperimentale nell\u2019app IO e dovrebbe essere operativo nei prossimi mesi.<\/p>\n<p><a href=\"https:\/\/www.corriere.it\/app-economia\/?intcmp=DL-app_nd_011024_corriere_ss_conomia\" target=\"_blank\" class=\"bck-app-banner\" rel=\"nofollow noopener\"><img decoding=\"async\" class=\"bck-app-img\" src=\"https:\/\/www.europesays.com\/it\/wp-content\/uploads\/2025\/08\/1756449670_863_app.png\"\/><\/p>\n<p>Nuova app <strong>L&#8217;Economia<\/strong>. News, approfondimenti e l&#8217;assistente virtuale al tuo servizio.<\/p>\n<p>SCARICA L&#8217; APP<\/p>\n<p><img decoding=\"async\" src=\"https:\/\/www.europesays.com\/it\/wp-content\/uploads\/2025\/07\/eco.png\"\/><\/a><\/p>\n<p>Iscriviti alle <a href=\"https:\/\/www.corriere.it\/newsletter\/?theme=4\" rel=\"nofollow noopener\" target=\"_blank\">newsletter de L&#8217;Economia<\/a>. Analisi e commenti sui principali avvenimenti\u00a0economici a cura delle firme del Corriere.<\/p>\n<p class=\"is-last-update\" datetime=\"2025-10-07T19:04:59+02:00\">7 ottobre 2025 ( modifica il 7 ottobre 2025 | 19:04)<\/p>\n<p class=\"is-copyright\">\n            \u00a9 RIPRODUZIONE RISERVATA\n        <\/p>\n","protected":false},"excerpt":{"rendered":"di Redazione Economia L\u2019intesa arrivata quasi allo scadere dei termini, ma consente di evitare lo stop di uno&hellip;\n","protected":false},"author":3,"featured_media":151771,"comment_status":"","ping_status":"","sticky":false,"template":"","format":"standard","meta":{"footnotes":""},"categories":[6],"tags":[6315,93875,93876,93877,93878,93879,1064,19050,93880,93881,2493,14,13006,93882,4916,64886,93883,1342,93884,93885,8,7808,93874,93886,1537,90,89,7,15,82,9,83,10,7844,6520,669,2099,74907,13,11,80,84,12,81,85],"class_list":{"0":"post-151770","1":"post","2":"type-post","3":"status-publish","4":"format-standard","5":"has-post-thumbnail","7":"category-ultime-notizie","8":"tag-arrivata","9":"tag-arrivata-scadere","10":"tag-arrivata-scadere-termini","11":"tag-aruba","12":"tag-aruba-infocert","13":"tag-assocertificatori","14":"tag-cittadini","15":"tag-consente","16":"tag-consente-evitare","17":"tag-consente-evitare-stop","18":"tag-convenzione","19":"tag-cronaca","20":"tag-digital","21":"tag-digital-identity","22":"tag-digitale","23":"tag-essenziale","24":"tag-essenziale-cittadini","25":"tag-evitare","26":"tag-evitare-stop","27":"tag-evitare-stop-strumento","28":"tag-headlines","29":"tag-identita","30":"tag-identita-digitale","31":"tag-identity","32":"tag-it","33":"tag-italia","34":"tag-italy","35":"tag-news","36":"tag-notizie","37":"tag-notizie-di-cronaca","38":"tag-notizie-principali","39":"tag-notiziedicronaca","40":"tag-notizieprincipali","41":"tag-pagamento","42":"tag-prossimi","43":"tag-servizio","44":"tag-sistema","45":"tag-spid","46":"tag-titoli","47":"tag-ultime-notizie","48":"tag-ultime-notizie-di-cronaca","49":"tag-ultime-notizie-e-news-di-oggi","50":"tag-ultimenotizie","51":"tag-ultimenotiziedicronaca","52":"tag-ultimenotizieenewsdioggi"},"share_on_mastodon":{"url":"","error":""},"_links":{"self":[{"href":"https:\/\/www.europesays.com\/it\/wp-json\/wp\/v2\/posts\/151770","targetHints":{"allow":["GET"]}}],"collection":[{"href":"https:\/\/www.europesays.com\/it\/wp-json\/wp\/v2\/posts"}],"about":[{"href":"https:\/\/www.europesays.com\/it\/wp-json\/wp\/v2\/types\/post"}],"author":[{"embeddable":true,"href":"https:\/\/www.europesays.com\/it\/wp-json\/wp\/v2\/users\/3"}],"replies":[{"embeddable":true,"href":"https:\/\/www.europesays.com\/it\/wp-json\/wp\/v2\/comments?post=151770"}],"version-history":[{"count":0,"href":"https:\/\/www.europesays.com\/it\/wp-json\/wp\/v2\/posts\/151770\/revisions"}],"wp:featuredmedia":[{"embeddable":true,"href":"https:\/\/www.europesays.com\/it\/wp-json\/wp\/v2\/media\/151771"}],"wp:attachment":[{"href":"https:\/\/www.europesays.com\/it\/wp-json\/wp\/v2\/media?parent=151770"}],"wp:term":[{"taxonomy":"category","embeddable":true,"href":"https:\/\/www.europesays.com\/it\/wp-json\/wp\/v2\/categories?post=151770"},{"taxonomy":"post_tag","embeddable":true,"href":"https:\/\/www.europesays.com\/it\/wp-json\/wp\/v2\/tags?post=151770"}],"curies":[{"name":"wp","href":"https:\/\/api.w.org\/{rel}","templated":true}]}}