{"id":151794,"date":"2025-10-07T18:36:13","date_gmt":"2025-10-07T18:36:13","guid":{"rendered":"https:\/\/www.europesays.com\/it\/151794\/"},"modified":"2025-10-07T18:36:13","modified_gmt":"2025-10-07T18:36:13","slug":"le-piste-gia-aperte-anche-in-italia","status":"publish","type":"post","link":"https:\/\/www.europesays.com\/it\/151794\/","title":{"rendered":"le piste gi\u00e0 aperte anche in Italia"},"content":{"rendered":"<p>Chi pratica questo sport lo sa bene: <strong>sciare pu\u00f2 diventare facilmente un\u2019ossessione<\/strong>! E come dargli torto? Pochi altri sport sanno unire movimento, adrenalina e natura in un equilibrio cos\u00ec perfetto. Le giornate sulla neve hanno qualcosa di magico.<\/p>\n<p>Per molti, l\u2019attesa dell\u2019apertura degli impianti \u00e8 un vero e proprio conto alla rovescia, ma la buona notizia \u00e8 che <strong>non serve pi\u00f9 aspettare<\/strong>. Alcune localit\u00e0 sciistiche hanno gi\u00e0 inaugurato la stagione, offrendo piste perfettamente innevate e panorami da cartolina. Che siate sciatori esperti o semplicemente desiderosi di respirare un po\u2019 d\u2019aria d\u2019alta quota, ecco dove indossare casco e scarponi e andare a <strong>sciare adesso<\/strong>!\n<\/p>\n<p>Gli impianti sciistici aperti adesso in Italia<\/p>\n<p>In <a href=\"https:\/\/siviaggia.it\/destinazioni\/europa\/italia\/\" rel=\"nofollow noopener\" target=\"_blank\">Italia<\/a>, sono stati <strong>aperti 4 dei 6 impianti<\/strong> del comprensorio sciistico Passo dello Stelvio, situato tra <a href=\"https:\/\/siviaggia.it\/idee-di-viaggio\/dove-andare-montagna-lombardia\/511234\/\" rel=\"nofollow noopener\" target=\"_blank\">Lombardia<\/a> e Alto Adige, nel cuore del parco nazionale omonimo.\u00a0Questo valico spettacolare, che collega la Valtellina alla Val Venosta, ospita una <strong>funivia panoramica<\/strong>, uno storico cable car e quattro skilift a piattello che portano alle piste glaciali.<\/p>\n<p>Qui si pu\u00f2 dire ad alta voce: <strong>si scia letteralmente \u201ctra le nuvole\u201d<\/strong>, su neve garantita dal ghiacciaio, attivo da giugno a novembre. Le famiglie trovano scuole di sci e aree facili accanto ai lift di base, mentre i pi\u00f9 esperti possono cimentarsi su tracciati tecnici e silenziosi, spesso usati per gli allenamenti delle nazionali.<\/p>\n<p>Gli impianti sciistici aperti adesso in Svizzera<\/p>\n<p>Vicino all\u2019Italia ci sono gli impianti sciistici della <a href=\"https:\/\/siviaggia.it\/destinazioni\/europa\/svizzera\/\" rel=\"nofollow noopener\" target=\"_blank\">Svizzera<\/a>, considerati sempre una garanzia per chi non vuole aspettare la piena stagione invernale. <strong>Zermatt<\/strong>, collegata al comprensorio di Breuil-Cervinia e Valtournenche, offre piste che si sviluppano <strong>ai piedi del Cervino<\/strong>, con panorami spettacolari e neve di qualit\u00e0 quasi perenne. Si pu\u00f2 sciare oltre i 3.800 metri di quota sul <strong>ghiacciaio del Theodul<\/strong>, dove anche in autunno l\u2019atmosfera \u00e8 quella di pieno inverno.<\/p>\n<p>Poco distante, il <strong>ghiacciaio di Saas-Fee<\/strong>, incastonato tra quattromila maestosi, \u00e8 un\u2019altra meta famosa per lo sci precoce: piste tecniche, ottimi impianti e un villaggio senza auto che sembra uscito da una cartolina alpina.<\/p>\n<blockquote class=\"instagram-media\" data-instgrm-captioned=\"\" data-instgrm-permalink=\"https:\/\/www.instagram.com\/p\/DDO_vB6ioII\/?utm_source=ig_embed&amp;utm_campaign=loading\" data-instgrm-version=\"14\" style=\" background:#FFF; border:0; border-radius:3px; box-shadow:0 0 1px 0 rgba(0,0,0,0.5),0 1px 10px 0 rgba(0,0,0,0.15); margin: 1px; max-width:100%; min-width:326px; padding:0; width:99.375%; width:-webkit-calc(100% - 2px); width:calc(100% - 2px);\"\/>\n<p>Gli impianti sciistici aperti adesso in Austria<\/p>\n<p>Anche l\u2019<a href=\"https:\/\/siviaggia.it\/destinazioni\/europa\/austria\/\" rel=\"nofollow noopener\" target=\"_blank\">Austria<\/a> \u00e8 un paradiso per chi non sa resistere al richiamo degli sci! Qui, i ghiacciai garantiscono neve praticamente tutto l\u2019anno e, per adesso, sono <strong>aperte 47 chilometri di piste<\/strong> su 6896 chilometri totali. In particolare, il <strong>Ghiacciaio dell\u2019Hintertux<\/strong> \u00e8 considerato il pi\u00f9 celebre e uno dei pochi in Europa aperti 365 giorni su 365, con piste ampie e <strong>panorami mozzafiato sulle Zillertal Alps<\/strong>.<\/p>\n<p>Il <strong>Ghiacciaio dello Stubai\u00a0<\/strong>invece,\u00a0vicino a <a href=\"https:\/\/siviaggia.it\/vacanze-natura\/innsbruck-inverno-cartolina-esplorare-camminando\/354158\/\" rel=\"nofollow noopener\" target=\"_blank\">Innsbruck<\/a>, \u00e8 perfetto per le famiglie e per chi vuole alternare sci e relax in quota. Nel <strong>Pitztaler Gletscher<\/strong>, il pi\u00f9 alto dell\u2019Austria, si scia fino a oltre 3.400 metri, mentre il <strong>Kaunertaler Gletscher<\/strong> conquista per la tranquillit\u00e0 e l\u2019atmosfera autentica. Infine, <strong>S\u00f6lden<\/strong> accende la stagione con i suoi due ghiacciai e un mix di adrenalina, apr\u00e8s-ski e tradizione tirolese: il luogo ideale per chi vuole vivere la neve in tutte le sue sfumature.<\/p>\n<p>\t<script async src=\"\/\/www.instagram.com\/embed.js\"><\/script><\/p>\n","protected":false},"excerpt":{"rendered":"Chi pratica questo sport lo sa bene: sciare pu\u00f2 diventare facilmente un\u2019ossessione! E come dargli torto? Pochi altri&hellip;\n","protected":false},"author":3,"featured_media":151795,"comment_status":"","ping_status":"","sticky":false,"template":"","format":"standard","meta":{"footnotes":""},"categories":[160],"tags":[8236,14,164,165,3085,20450,5857,93890,166,14274,7,15,28827,8093,11,167,12,168,23709,6276,161,162,163],"class_list":{"0":"post-151794","1":"post","2":"type-post","3":"status-publish","4":"format-standard","5":"has-post-thumbnail","7":"category-mondo","8":"tag-austria","9":"tag-cronaca","10":"tag-dal-mondo","11":"tag-dalmondo","12":"tag-europa","13":"tag-idee-di-viaggio","14":"tag-itinerari-culturali","15":"tag-localita-sciistiche","16":"tag-mondo","17":"tag-montagna","18":"tag-news","19":"tag-notizie","20":"tag-sport-invernali","21":"tag-svizzera","22":"tag-ultime-notizie","23":"tag-ultime-notizie-di-mondo","24":"tag-ultimenotizie","25":"tag-ultimenotiziedimondo","26":"tag-vacanze-avventura","27":"tag-viaggi-avventura","28":"tag-world","29":"tag-world-news","30":"tag-worldnews"},"share_on_mastodon":{"url":"","error":""},"_links":{"self":[{"href":"https:\/\/www.europesays.com\/it\/wp-json\/wp\/v2\/posts\/151794","targetHints":{"allow":["GET"]}}],"collection":[{"href":"https:\/\/www.europesays.com\/it\/wp-json\/wp\/v2\/posts"}],"about":[{"href":"https:\/\/www.europesays.com\/it\/wp-json\/wp\/v2\/types\/post"}],"author":[{"embeddable":true,"href":"https:\/\/www.europesays.com\/it\/wp-json\/wp\/v2\/users\/3"}],"replies":[{"embeddable":true,"href":"https:\/\/www.europesays.com\/it\/wp-json\/wp\/v2\/comments?post=151794"}],"version-history":[{"count":0,"href":"https:\/\/www.europesays.com\/it\/wp-json\/wp\/v2\/posts\/151794\/revisions"}],"wp:featuredmedia":[{"embeddable":true,"href":"https:\/\/www.europesays.com\/it\/wp-json\/wp\/v2\/media\/151795"}],"wp:attachment":[{"href":"https:\/\/www.europesays.com\/it\/wp-json\/wp\/v2\/media?parent=151794"}],"wp:term":[{"taxonomy":"category","embeddable":true,"href":"https:\/\/www.europesays.com\/it\/wp-json\/wp\/v2\/categories?post=151794"},{"taxonomy":"post_tag","embeddable":true,"href":"https:\/\/www.europesays.com\/it\/wp-json\/wp\/v2\/tags?post=151794"}],"curies":[{"name":"wp","href":"https:\/\/api.w.org\/{rel}","templated":true}]}}