{"id":151800,"date":"2025-10-07T18:41:15","date_gmt":"2025-10-07T18:41:15","guid":{"rendered":"https:\/\/www.europesays.com\/it\/151800\/"},"modified":"2025-10-07T18:41:15","modified_gmt":"2025-10-07T18:41:15","slug":"la-gestione-del-dolore-cronico-specialisti-di-diverse-discipline-a-confronto","status":"publish","type":"post","link":"https:\/\/www.europesays.com\/it\/151800\/","title":{"rendered":"&#8216;La gestione del dolore cronico&#8217;, specialisti di diverse discipline a confronto"},"content":{"rendered":"<p>Diverse discipline mediche a confronto per un unico tema, nel convegno <strong>&#8216;La gestione del dolore cronico&#8217;<\/strong>. L&#8217;appuntamento organizzato da Esercizio Vita e patrocinato dal Comune di Ferrara \u00e8 per sabato 11 ottobre, alle 9, nella Sala conferenze di Cna in via Caldirolo 84.<\/p>\n<p><a href=\"https:\/\/www.whatsapp.com\/channel\/0029VaFzqNtE50Uj3r6Tng2B\" rel=\"nofollow noopener\" target=\"_blank\"><strong>Iscriviti al canale WhatsApp di FerraraToday<\/strong><\/a><\/p>\n<p>Oltre ai medici di Medicina generale, con cui il paziente ha un primo e continuativo approccio, interverranno ortopedici, anestesisti, fisioterapisti, reumatologi, psicologi e chinesiologi, per parlare, come suggerisce il sottotitolo dell&#8217;incontro, di &#8216;Approcci multidisciplinari per il benessere dei pazienti&#8217;. Il tema del dolore cronico sar\u00e0 infatti analizzato sotto diverse prospettive: diagnosi, trattamenti farmacologici e non farmacologici, riabilitazione fisica, approcci psicologici e prescrizione di esercizio fisico adattato, prendendo in considerazione tutte le fasce d&#8217;et\u00e0 a partire da quella adolescenziale.<\/p>\n<p>&#8220;Esercizio Vita &#8211; ha dichiarato l&#8217;assessora Cristina Coletti &#8211; prosegue con un&#8217;opera di diffusione della conoscenza su temi che toccano il Servizio sanitario nazionale, le politiche sociali, le famiglie. Pochi mesi fa ha affrontato il tema della cronicit\u00e0 della malattia, ora del dolore cronico. Non mi stanco di ripetere che non c&#8217;\u00e8 sensibilizzazione, non c&#8217;\u00e8 programmazione dei servizi senza consapevolezza e informazione supportate da evidenze scientifiche. Migliorare la qualit\u00e0 della vita di chi ne soffre, \u00e8 la prima forma di prevenzione&#8221;.<\/p>\n<p><img decoding=\"async\" src=\"https:\/\/www.europesays.com\/it\/wp-content\/uploads\/2025\/10\/loncandina-evento-la-gestione-del-dolore-cronico.jpg\" alt=\"Loncandina evento 'La gestione del dolore cronico'\" title=\"Loncandina evento 'La gestione del dolore cronico'\"\/><\/p>\n<p>L&#8217;obiettivo, come spiegato da Luca Pomidori e Michele Felisatti, \u00e8 &#8220;analizzare il dolore cronico dal punto di vista della diagnosi, dei trattamenti farmacologici e non farmacologici, della riabilitazione, della prescrizione di esercizio fisico adattato&#8221;, da intendersi come farmaco naturale, quindi non alternativo o sostitutivo di quello tradizionale per migliorare la propria condizione fisica e psicologica. L&#8217;incontro \u00e8 aperto alla cittadinanza, a ingresso gratuito.<br \/>Informazioni sono disponibili sulla locandina dell&#8217;evento, oppure contattando telefonicamente Esercizio Vita al numero 345 5984607.<\/p>\n","protected":false},"excerpt":{"rendered":"Diverse discipline mediche a confronto per un unico tema, nel convegno &#8216;La gestione del dolore cronico&#8217;. L&#8217;appuntamento organizzato&hellip;\n","protected":false},"author":3,"featured_media":151801,"comment_status":"","ping_status":"","sticky":false,"template":"","format":"standard","meta":{"footnotes":""},"categories":[1481],"tags":[33,2065,2066,2491,10509,3635,93891,239,2063,2064,1537,90,89,1921,240,25147],"class_list":{"0":"post-151800","1":"post","2":"type-post","3":"status-publish","4":"format-standard","5":"has-post-thumbnail","7":"category-assistenza-sanitaria","8":"tag-appuntamento","9":"tag-assistenza-sanitaria","10":"tag-assistenzasanitaria","11":"tag-confronto","12":"tag-convegno","13":"tag-diagnosi","14":"tag-dolore-cronico","15":"tag-health","16":"tag-health-care","17":"tag-healthcare","18":"tag-it","19":"tag-italia","20":"tag-italy","21":"tag-riabilitazione","22":"tag-salute","23":"tag-trattamenti"},"share_on_mastodon":{"url":"","error":""},"_links":{"self":[{"href":"https:\/\/www.europesays.com\/it\/wp-json\/wp\/v2\/posts\/151800","targetHints":{"allow":["GET"]}}],"collection":[{"href":"https:\/\/www.europesays.com\/it\/wp-json\/wp\/v2\/posts"}],"about":[{"href":"https:\/\/www.europesays.com\/it\/wp-json\/wp\/v2\/types\/post"}],"author":[{"embeddable":true,"href":"https:\/\/www.europesays.com\/it\/wp-json\/wp\/v2\/users\/3"}],"replies":[{"embeddable":true,"href":"https:\/\/www.europesays.com\/it\/wp-json\/wp\/v2\/comments?post=151800"}],"version-history":[{"count":0,"href":"https:\/\/www.europesays.com\/it\/wp-json\/wp\/v2\/posts\/151800\/revisions"}],"wp:featuredmedia":[{"embeddable":true,"href":"https:\/\/www.europesays.com\/it\/wp-json\/wp\/v2\/media\/151801"}],"wp:attachment":[{"href":"https:\/\/www.europesays.com\/it\/wp-json\/wp\/v2\/media?parent=151800"}],"wp:term":[{"taxonomy":"category","embeddable":true,"href":"https:\/\/www.europesays.com\/it\/wp-json\/wp\/v2\/categories?post=151800"},{"taxonomy":"post_tag","embeddable":true,"href":"https:\/\/www.europesays.com\/it\/wp-json\/wp\/v2\/tags?post=151800"}],"curies":[{"name":"wp","href":"https:\/\/api.w.org\/{rel}","templated":true}]}}