{"id":151826,"date":"2025-10-07T19:11:11","date_gmt":"2025-10-07T19:11:11","guid":{"rendered":"https:\/\/www.europesays.com\/it\/151826\/"},"modified":"2025-10-07T19:11:11","modified_gmt":"2025-10-07T19:11:11","slug":"le-nuove-generazioni-stanno-arrivando","status":"publish","type":"post","link":"https:\/\/www.europesays.com\/it\/151826\/","title":{"rendered":"Le nuove generazioni stanno arrivando"},"content":{"rendered":"<p><strong>Tadej Pogacar<\/strong> non si ferma mai e continua a regalare spettacolo sulle strade di tutto il mondo, dopo aver gareggiato nell\u2019ultimo mese in tre continenti diversi tra America (Canada), Africa (i Mondiali in Ruanda) ed Europa. Quest\u2019oggi il fuoriclasse sloveno, reduce dalla conquista del titolo iridato e continentale, si \u00e8 imposto anche alla <strong>Tre Valli Varesine 2025<\/strong> piazzando l\u2019attacco decisivo in discesa a 22 chilometri dalla fine e trionfando in solitaria.<\/p>\n<p>\u201cIl nostro piano era di aspettare il giro finale e fare un buon ritmo prima, ma la Tudor ha deciso di indurire la corsa molto presto, quindi la corsa \u00e8 esplosa da lontano. Del Toro ed io a quel punto siamo partiti in salita ed \u00e8 andata bene. Per noi era una ottima situazione, sapevamo che nessuno avrebbe collaborato troppo con noi e quando ho visto che in discesa avevo preso qualche metro ho spinto a tutta in pianura perch\u00e9 sapevo che anche se mi spremevo ci sarebbe poi stato Isaac dietro per vincere, regolando il gruppetto o magari anche da solo. Era una bella situazione, l\u2019abbiamo sfruttata ed \u00e8 andata bene\u201c, racconta il vincitore del Tour de France 2025.<\/p>\n<p>\u201cHo detto ad Alaphilippe sul podio che mi sentivo vecchio vicino a Philipsen. E chiss\u00e0 come si doveva sentire lui vicino a noi. Le nuove generazioni stanno arrivando: Seixas \u00e8 stato impressionante tutto l\u2019anno e anche Philipsen \u00e8 molto forte. Il ciclismo andr\u00e0 avanti nell\u2019arco di qualche stagione. Per me pu\u00f2 essere una motivazione aggiuntiva avere nuovi competitor, sicuramente in futuro mi daranno del filo da torcere\u201c, dichiara Pogacar in mixed zone a fine gara (fonte: SpazioCiclismo).<\/p>\n<p><strong>Il 27enne nativo di Komenda si sta preparando per affrontare da favorito nei prossimi giorni il Giro di Lombardia<\/strong>, ultima Monumento della stagione: \u201cIl Lombardia \u00e8 un grande obiettivo e sono molto motivato per fare bene. \u00c8 una Monumento, una delle corse pi\u00f9 importanti del calendario, sono fiducioso che le gambe saranno ancora buone\u201c.<\/p>\n","protected":false},"excerpt":{"rendered":"Tadej Pogacar non si ferma mai e continua a regalare spettacolo sulle strade di tutto il mondo, dopo&hellip;\n","protected":false},"author":3,"featured_media":151827,"comment_status":"","ping_status":"","sticky":false,"template":"","format":"standard","meta":{"footnotes":""},"categories":[1474],"tags":[1537,90,89,245,244,1531,31771,1869],"class_list":{"0":"post-151826","1":"post","2":"type-post","3":"status-publish","4":"format-standard","5":"has-post-thumbnail","7":"category-volley","8":"tag-it","9":"tag-italia","10":"tag-italy","11":"tag-sport","12":"tag-sports","13":"tag-tadej-pogacar","14":"tag-tre-valli-varesine-2025","15":"tag-volley"},"share_on_mastodon":{"url":"","error":""},"_links":{"self":[{"href":"https:\/\/www.europesays.com\/it\/wp-json\/wp\/v2\/posts\/151826","targetHints":{"allow":["GET"]}}],"collection":[{"href":"https:\/\/www.europesays.com\/it\/wp-json\/wp\/v2\/posts"}],"about":[{"href":"https:\/\/www.europesays.com\/it\/wp-json\/wp\/v2\/types\/post"}],"author":[{"embeddable":true,"href":"https:\/\/www.europesays.com\/it\/wp-json\/wp\/v2\/users\/3"}],"replies":[{"embeddable":true,"href":"https:\/\/www.europesays.com\/it\/wp-json\/wp\/v2\/comments?post=151826"}],"version-history":[{"count":0,"href":"https:\/\/www.europesays.com\/it\/wp-json\/wp\/v2\/posts\/151826\/revisions"}],"wp:featuredmedia":[{"embeddable":true,"href":"https:\/\/www.europesays.com\/it\/wp-json\/wp\/v2\/media\/151827"}],"wp:attachment":[{"href":"https:\/\/www.europesays.com\/it\/wp-json\/wp\/v2\/media?parent=151826"}],"wp:term":[{"taxonomy":"category","embeddable":true,"href":"https:\/\/www.europesays.com\/it\/wp-json\/wp\/v2\/categories?post=151826"},{"taxonomy":"post_tag","embeddable":true,"href":"https:\/\/www.europesays.com\/it\/wp-json\/wp\/v2\/tags?post=151826"}],"curies":[{"name":"wp","href":"https:\/\/api.w.org\/{rel}","templated":true}]}}