{"id":151842,"date":"2025-10-07T19:30:13","date_gmt":"2025-10-07T19:30:13","guid":{"rendered":"https:\/\/www.europesays.com\/it\/151842\/"},"modified":"2025-10-07T19:30:13","modified_gmt":"2025-10-07T19:30:13","slug":"il-primo-attacco-nel-donetsk-ecco-come-funzionano","status":"publish","type":"post","link":"https:\/\/www.europesays.com\/it\/151842\/","title":{"rendered":"il primo attacco nel Donetsk. Ecco come funzionano"},"content":{"rendered":"<p>La <a href=\"https:\/\/www.ilmessaggero.it\/t\/russia\" rel=\"nofollow noopener\" target=\"_blank\">Russia<\/a> ha utilizzato una nuova arma. Il 5 ottobre nella citt\u00e0 di <a href=\"https:\/\/www.ilmessaggero.it\/t\/kramatorsk\" rel=\"nofollow noopener\" target=\"_blank\">Kramatorsk<\/a>, nell&#8217;Oblast&#8217; di <a href=\"https:\/\/www.ilmessaggero.it\/t\/donetsk\" rel=\"nofollow noopener\" target=\"_blank\">Donetsk<\/a>, <strong>il Cremlino ha condotto per la prima volta un attacco con drone in fibra ottica con visuale in prima persona (FPV), a 22 chilometri di distanza dal target.<\/strong> Perch\u00e8 questa arma \u00e8 pi\u00f9 stabile? E come si inserisce nella strategia dell&#8217;offensiva russa, non solo nel Donetsk? <\/p>\n<p><a class=\"link_item\" data-linked_from=\"null\" href=\"https:\/\/www.ilmessaggero.it\/schede\/guerra_mondiale_fase_zero_russia_nato_scintilla_quando_puo_esplodere-9112410.html\" rel=\"nofollow noopener\" target=\"_blank\"> Guerra mondiale, la \u00abFase Zero\u00bb della Russia per uno scontro con la Nato e la scintilla che potrebbe farla esplodere (secondo Mosca)<\/a><\/p>\n","protected":false},"excerpt":{"rendered":"La Russia ha utilizzato una nuova arma. Il 5 ottobre nella citt\u00e0 di Kramatorsk, nell&#8217;Oblast&#8217; di Donetsk, il&hellip;\n","protected":false},"author":3,"featured_media":151843,"comment_status":"","ping_status":"","sticky":false,"template":"","format":"standard","meta":{"footnotes":""},"categories":[160],"tags":[14,164,165,4467,93928,6390,77,3576,166,7,15,383,171,170,243,11,167,12,168,161,162,163],"class_list":{"0":"post-151842","1":"post","2":"type-post","3":"status-publish","4":"format-standard","5":"has-post-thumbnail","7":"category-mondo","8":"tag-cronaca","9":"tag-dal-mondo","10":"tag-dalmondo","11":"tag-droni","12":"tag-droni-fibra-ottica","13":"tag-droni-russi","14":"tag-guerra","15":"tag-guerra-ucraina","16":"tag-mondo","17":"tag-news","18":"tag-notizie","19":"tag-putin","20":"tag-russia","21":"tag-ucraina","22":"tag-ultima-ora","23":"tag-ultime-notizie","24":"tag-ultime-notizie-di-mondo","25":"tag-ultimenotizie","26":"tag-ultimenotiziedimondo","27":"tag-world","28":"tag-world-news","29":"tag-worldnews"},"share_on_mastodon":{"url":"","error":""},"_links":{"self":[{"href":"https:\/\/www.europesays.com\/it\/wp-json\/wp\/v2\/posts\/151842","targetHints":{"allow":["GET"]}}],"collection":[{"href":"https:\/\/www.europesays.com\/it\/wp-json\/wp\/v2\/posts"}],"about":[{"href":"https:\/\/www.europesays.com\/it\/wp-json\/wp\/v2\/types\/post"}],"author":[{"embeddable":true,"href":"https:\/\/www.europesays.com\/it\/wp-json\/wp\/v2\/users\/3"}],"replies":[{"embeddable":true,"href":"https:\/\/www.europesays.com\/it\/wp-json\/wp\/v2\/comments?post=151842"}],"version-history":[{"count":0,"href":"https:\/\/www.europesays.com\/it\/wp-json\/wp\/v2\/posts\/151842\/revisions"}],"wp:featuredmedia":[{"embeddable":true,"href":"https:\/\/www.europesays.com\/it\/wp-json\/wp\/v2\/media\/151843"}],"wp:attachment":[{"href":"https:\/\/www.europesays.com\/it\/wp-json\/wp\/v2\/media?parent=151842"}],"wp:term":[{"taxonomy":"category","embeddable":true,"href":"https:\/\/www.europesays.com\/it\/wp-json\/wp\/v2\/categories?post=151842"},{"taxonomy":"post_tag","embeddable":true,"href":"https:\/\/www.europesays.com\/it\/wp-json\/wp\/v2\/tags?post=151842"}],"curies":[{"name":"wp","href":"https:\/\/api.w.org\/{rel}","templated":true}]}}