{"id":151844,"date":"2025-10-07T19:31:14","date_gmt":"2025-10-07T19:31:14","guid":{"rendered":"https:\/\/www.europesays.com\/it\/151844\/"},"modified":"2025-10-07T19:31:14","modified_gmt":"2025-10-07T19:31:14","slug":"meloni-denunciata-con-miei-ministri-per-concorso-in-genocidio-alla-cpi","status":"publish","type":"post","link":"https:\/\/www.europesays.com\/it\/151844\/","title":{"rendered":"Meloni: \u201cDenunciata con miei ministri per concorso in genocidio alla CPI\u201d"},"content":{"rendered":"<p>La premier, parlando a &#8220;Porta a porta&#8221;, ha detto: &#8220;Io, i ministri Crosetto e Tajani e credo l&#8217;ad di Leonardo, Cingolani, siamo stati denunciati alla Corte Penale Internazionale per concorso in genocidio. Credo che non esista un altro caso al mondo e nella storia di una denuncia del genere&#8221;. Poi aggiunge:\u00a0\u201cItalia ha posizione pi\u00f9 rigida in Ue su armi a Israele\u201d<\/p>\n<p>La presidente del Consiglio Giorgia\u00a0Meloni, ospite di Porta a Porta, in onda questa sera su Rai1, ha dichiarato: &#8220;Io, i ministri Tajani e Crosetto e credo l&#8217;amministratore delegato di Leonardo&#8221; Roberto Cingolani &#8220;siamo stati denunciati alla Corte Penale Internazionale per concorso in genocidio. Ora io credo che non esista un altro caso al mondo e nella storia di una denuncia del genere&#8221;. Poi ha aggiunto:\u00a0&#8220;\u00c8 storia, \u00e8 quello che abbiamo visto in questi anni e in questi mesi. Ora siamo arrivati alla Corte penale internazionale, non sanno pi\u00f9 dove denunciarci per tentare di intervenite per via giudiziaria&#8221;, dice Meloni condividendo le parole del ministro dell&#8217;Economia Giorgetti, secondo cui &#8220;la sinistra non arriva al governo tramite elezioni, di solito ci arriva o con un golpe giudiziario o finanziario&#8221;.<\/p>\n<p>\t\t \tMeloni: \u201cItalia ha posizione pi\u00f9 rigida in Ue su armi a Israele\u201d<\/p>\n<p>&#8220;L&#8217;Italia non ha autorizzato nuovi invii di armi a Israele dopo il 7 ottobre, siamo fra le nazioni europee che hanno avuto la posizione pi\u00f9 rigida\u201d, ha detto Meloni. \u201cLa Francia, Macron che riconosce lo Stato della Palestina, ha fatto questa scelta un anno dopo di noi, la Germania questo agosto, la Gran Bretagna ha bloccato 30 forniture su 350. Noi abbiamo tenuto la posizione pi\u00f9 rigida e veniamo accusati di cose che non abbiamo fatto con toni surreali da chi ha responsabilit\u00e0 di classe dirigente in questa nazione\u201d.<\/p>\n<p>\u201cEuropa, Nato e Usa devono insistere insieme per Kiev\u201d<\/p>\n<p>Sulla guerra in Ucraina invece la premier dice: \u201cIo credo che sia abbastanza evidente anche a Trump e gli americani che tra le due parti in causa quella che non \u00e8 disponibile a fare passi in avanti \u00e8 la Russia. Europa, Stati Uniti, Nato, devono continuare a insistere cos\u00ec insieme&#8221;.<\/p>\n<p>\t\t\t<a class=\"c-inline-card j-inline-card c-inline-card--with-image\" href=\"https:\/\/tg24.sky.it\/mondo\/2025\/09\/15\/italia-armi-israele\" rel=\"follow nofollow noopener\" data-intcmp=\"skytg24_articolo_approfondimenti_inline\" target=\"_blank\"><\/p>\n<p>\t\t\t         <img decoding=\"async\" crossorigin=\"anonymous\" alt=\"\" src=\"https:\/\/www.europesays.com\/it\/wp-content\/uploads\/2025\/10\/Caccia.jpg\"  loading=\"lazy\"  bad-src=\"https:\/\/www.europesays.com\/it\/wp-content\/uploads\/2025\/10\/Caccia.jpg\"\/><\/p>\n<p>\n\t\t\t         Vedi anche<br \/>\n\t\t\t         Guerra Medioriente, quali sono le armi che l&#8217;Italia vende a Israele\n\t\t\t      <\/p>\n<p>\t\t\t<\/a><\/p>\n<p>\t\t \tMeloni: \u201cClima imbarbarito, non conto pi\u00f9 minacce di morte\u201d<\/p>\n<p>&#8220;Temo un clima che si sta imbarbarendo parecchio. L&#8217;Italia ha gi\u00e0 attraversato questa storia. Vedo tante cose che cominciamo a dare per normale e normali non sono. Io non conto pi\u00f9 le minacce di morte, non faccio pi\u00f9 nemmeno in tempo a segnalarle. E penso che ci siano delle responsabilit\u00e0, di chi per esempio dice che ho le mani sporche di sangue, che io e questo governo siamo complici di genocidio\u201d, ha detto Giorgia\u00a0Meloni, ospite di Porta a porta.<\/p>\n<p>&#8220;Attenzione a fomentare piazze, poi sfugge di mano&#8221;<\/p>\n<p>&#8220;Temo che ci sia un clima che pu\u00f2 peggiorare se non richiamiamo tutti al senso responsabilit\u00e0. Io sono una persona che sa stare nella dimensione del conflitto della politica ma stiamo cominciando a sperimentare qualcosa di diverso, e penso si stia sottovalutando da parte di chi ha pensato di fomentare la piazza. Attenzione perch\u00e9 poi le cose sfuggono di mano&#8221;, ha detto la premier commentando i disordini a Livorno.\u00a0<\/p>\n<p>\u201cColle? Faccio il presidente del Consiglio, mi basta\u201d<\/p>\n<p>Rispondendo a chi, come Matteo Renzi, sostiene che la sua ambizione sia quella di andare al Quirinale, Meloni dice: &#8220;Il problema di quelli che hanno passato tutta la vita a pensare a che incarico dovessero ricoprire pensano che tutti siano come loro: io ragiono in modo diverso, sto facendo il presidente del Consiglio, posso garantire che mi basta e mi avanza&#8221;.<\/p>\n<p>\t\t\t<a class=\"c-inline-card j-inline-card c-inline-card--with-image\" href=\"https:\/\/tg24.sky.it\/politica\/2025\/05\/31\/minacce-figlia-giorgia-meloni\" rel=\"follow nofollow noopener\" data-intcmp=\"skytg24_articolo_approfondimenti_inline\" target=\"_blank\"><\/p>\n<p>\t\t\t         <img decoding=\"async\" crossorigin=\"anonymous\" alt=\"\" src=\"https:\/\/www.europesays.com\/it\/wp-content\/uploads\/2025\/10\/DFCA1FE65B2507C818BB65CF84A58DA2.JPG\"  loading=\"lazy\"  bad-src=\"https:\/\/www.europesays.com\/it\/wp-content\/uploads\/2025\/10\/DFCA1FE65B2507C818BB65CF84A58DA2.JPG\"\/><\/p>\n<p>\n\t\t\t         Vedi anche<br \/>\n\t\t\t         Minacce alla figlia di Meloni, la premier: &#8220;Clima violento e malato&#8221;\n\t\t\t      <\/p>\n<p>\t\t\t<\/a><\/p>\n<p>\t\t \tMeloni: \u201cNon sono contraria a una nuova legge elettorale\u201d<\/p>\n<p>&#8220;La legge elettorale non compete al governo ma al Parlamento. Io non sono contraria a una nuova legge elettorale. Se si facesse una nuova legge elettorale, ne farei una che va bene con il premierato, quindi con l&#8217;indicazione dei candidati premier su scheda\u201d, ha proseguito la premier. \u201cCos\u00ec &#8211; ha aggiunto &#8211; confermo che il premierato va avanti\u201d.<\/p>\n<p>&#8220;Prime intese sull&#8217;Autonomia entro fine anno&#8221;<\/p>\n<p>L&#8217;Autonomia differenziata &#8220;\u00e8 una delle principali riforme del governo che vogliamo portare a termine&#8221;, ha detto la presidente del Consiglio, sottolineando che in attesa della definizione dei livelli essenziali delle prestazioni, rispondendo alle prescrizioni della Corte Costituzionale, &#8220;sulle materie non Lep, con le Regioni che ne hanno fatto richiesta, penso che per la fine di quest&#8217;anno qualcosa vedremo&#8221;.<\/p>\n<p>\u201cQuando situazione sar\u00e0 pi\u00f9 serena vedo margini su dazi\u201d<\/p>\n<p>&#8220;Spero che dei margini, sulla media distanza, quando la situazione si tranquillizza, possano ancora esserci\u201d, ha detto Meloni parlando dei dazi imposti dagli Usa. &#8220;In questo quadro si pu\u00f2 cercare di spiegare agli amici americani che alcuni prodotti non li potranno mai coprire con le produzioni interne. L&#8217;ho spiegato alla mia controparte, Trump o il segretario al commercio, in tante telefonate fatte su questo tema, ho detto che stanno colpendo di pi\u00f9 i loro consumatori&#8221;.<\/p>\n<p>\t\t\t<a class=\"c-inline-card j-inline-card c-inline-card--with-image\" href=\"https:\/\/tg24.sky.it\/economia\/2025\/10\/05\/pasta-italiana-dazio-usa\" rel=\"follow nofollow noopener\" data-intcmp=\"skytg24_articolo_approfondimenti_inline\" target=\"_blank\"><\/p>\n<p>\t\t\t         <img decoding=\"async\" crossorigin=\"anonymous\" alt=\"\" src=\"https:\/\/www.europesays.com\/it\/wp-content\/uploads\/2025\/10\/pasta_ipa.jpg\"  loading=\"lazy\"  bad-src=\"https:\/\/www.europesays.com\/it\/wp-content\/uploads\/2025\/10\/pasta_ipa.jpg\"\/><\/p>\n<p>\n\t\t\t         Vedi anche<br \/>\n\t\t\t         Usa, sulla pasta italiana in arrivo un super-dazio del 107%\n\t\t\t      <\/p>\n<p>\t\t\t<\/a><\/p>\n<p>\t\t \tMeloni: \u201cVogliamo dare un segnale al ceto medio\u201d<\/p>\n<p>&#8220;Vorremmo darci l&#8217;obiettivo di dare un segnale al ceto medio, ci siamo concentrati finora su redditi medio bassi. Bisogna vedere le risorse. Parlare del ceto medio significa parlare della fascia che arriva ai 50mila euro. Ci sono diverse misure allo studio. Con le poche risorse di cui disponi bisogna capire come usarle impattando meglio. Ci saranno riunioni nelle prossime ore\u201d, ha detto la premier parlando della manovra.<\/p>\n<p>&#8220;Anche quest&#8217;anno si pu\u00f2 chiedere una mano a banche&#8221;<\/p>\n<p>&#8220;L&#8217;abbiamo gi\u00e0 fatto lo scorso anno, non ho intenti punitivi verso il sistema bancario, che \u00e8 un asset della nazione. Confido si possa trovare soluzione anche quest&#8217;anno, perch\u00e9 c&#8217;\u00e8 chi ha potuto contare su uno scenario migliore, anche generato da quello che la politica ha fatto. Ci invece sono degli italiani che per\u00f2 ancora vanno messi in sicurezza, e penso che si possa chiedere una mano&#8221;, alle banche &#8220;come l&#8217;anno scorso&#8221;, ha detto Meloni, rispondendo a una domanda sul possibile intervento sulle banche in manovra.<\/p>\n<p>Meloni: \u201cPer un&#8217;Italia non subalterna bisogna spendere su difesa\u201d<\/p>\n<p>Poi Meloni parlando delle spese previste ha aggiunto: &#8220;Io voglio un&#8217;Italia che non sia subalterna a nessuno: per i nostri interessi nazionali, tranquillit\u00e0 e pace, \u00e8 necessario spendere per la difesa. Gli strumenti che l&#8217;Ue mette a disposizione consentono di spendere per la difesa senza togliere un euro a nessun altro settore\u201d.<\/p>\n<p>\t\t\t<a class=\"c-inline-card j-inline-card c-inline-card--with-image\" href=\"https:\/\/tg24.sky.it\/economia\/2025\/10\/07\/irpef-2026-taglio-tasse-scaglioni\" rel=\"follow nofollow noopener\" data-intcmp=\"skytg24_articolo_approfondimenti_inline\" target=\"_blank\"><\/p>\n<p>\t\t\t         <img decoding=\"async\" crossorigin=\"anonymous\" alt=\"Busta paga\" src=\"https:\/\/www.europesays.com\/it\/wp-content\/uploads\/2025\/10\/10 buste paga ansa.JPG\"  loading=\"lazy\"  bad-src=\"https:\/\/www.europesays.com\/it\/wp-content\/uploads\/2025\/10\/10 buste paga ansa.JPG\"\/><\/p>\n<p>\n\t\t\t         Vedi anche<br \/>\n\t\t\t         Irpef, le ipotesi in vista della prossima Manovra: tutte le novit\u00e0\n\t\t\t      <\/p>\n<p>\t\t\t<\/a><\/p>\n<p>\t\t \tMeloni: \u201cSinistra senza argomenti definisce altri \u2018impresentabili\u2019&#8221;<\/p>\n<p>Charlie Kirk &#8220;era efficace a smontare con la logica tesi che sono illogiche. Faceva paura per questo, e ho visto accadere molte volte che quando qualcuno non ha argomenti, teme chi ne ha e l&#8217;unica cosa che pu\u00f2 fare \u00e8 dire che &#8216;\u00e8 un impresentabile, non devo confrontarmi con lui&#8217;. E noi lo vediamo accadere in Italia ogni giorno: quando impediscono alla gente di parlare all&#8217;universit\u00e0, quando Francesca Albanese dice che un direttore di quotidiano che lei non condivide non deve essere invitato a parlare in televisione. Lo vediamo in mille occasioni che per\u00f2 vengono sempre esponenti di sinistra\u201d, ha detto Meloni.<\/p>\n<p>Meloni: \u201cNon vedo nervosismi in maggioranza sulle regionali\u201d<\/p>\n<p>Rispondendo alla domanda se vedesse dei nervosismi nella maggioranza legati alle elezioni regionali, la premier ha replicato: &#8220;Non vedo assolutamente nervosismi all&#8217;interno della maggioranza, sono contenta di queste ulteriori due vittorie, da quando si \u00e8 votato alle politiche si \u00e8 votato 16 volte in tre anni, tra Regioni e Province autonome, e il centrodestra&#8221; ha ne ha vinte &#8220;12 su 16, il centrosinistra 3: se volessimo avere un&#8217;idea di come vanno le cose ce l&#8217;avremmo chiara\u201d.<\/p>\n<p>\t\t\t<a class=\"c-inline-card j-inline-card c-inline-card--with-image\" href=\"https:\/\/tg24.sky.it\/politica\/video\/2025\/10\/06\/regionali-2025-meloni-vittoria-per-buongoverno-calabria-1041629\" rel=\"follow nofollow noopener\" data-intcmp=\"skytg24_articolo_approfondimenti_inline\" target=\"_blank\"><\/p>\n<p>\t\t\t         <img decoding=\"async\" crossorigin=\"anonymous\" alt=\"\" src=\"https:\/\/www.europesays.com\/it\/wp-content\/uploads\/2025\/10\/1041629_1759780333494_thumb_494.0000001_1759780451718.jpg\"  loading=\"lazy\"  bad-src=\"https:\/\/www.europesays.com\/it\/wp-content\/uploads\/2025\/10\/1041629_1759780333494_thumb_494.0000001_1759780451718.jpg\"\/><\/p>\n<p>\n\t\t\t         Vedi anche<br \/>\n\t\t\t         Regionali 2025, Meloni: Vittoria per buongoverno Calabria\n\t\t\t      <\/p>\n<p>\t\t\t<\/a><\/p>\n<p>\t            TAG:<\/p>\n","protected":false},"excerpt":{"rendered":"La premier, parlando a &#8220;Porta a porta&#8221;, ha detto: &#8220;Io, i ministri Crosetto e Tajani e credo l&#8217;ad&hellip;\n","protected":false},"author":3,"featured_media":151845,"comment_status":"","ping_status":"","sticky":false,"template":"","format":"standard","meta":{"footnotes":""},"categories":[79],"tags":[120,14,93,94,369,126,5279,40161,1537,90,89,7,15,11,84,91,12,85,92],"class_list":{"0":"post-151844","1":"post","2":"type-post","3":"status-publish","4":"format-standard","5":"has-post-thumbnail","7":"category-italia","8":"tag-antonio-tajani","9":"tag-cronaca","10":"tag-cronaca-italiana","11":"tag-cronacaitaliana","12":"tag-digitall","13":"tag-giorgia-meloni","14":"tag-governo-meloni","15":"tag-guido-crosetto","16":"tag-it","17":"tag-italia","18":"tag-italy","19":"tag-news","20":"tag-notizie","21":"tag-ultime-notizie","22":"tag-ultime-notizie-e-news-di-oggi","23":"tag-ultime-notizie-italia","24":"tag-ultimenotizie","25":"tag-ultimenotizieenewsdioggi","26":"tag-ultimenotizieitalia"},"share_on_mastodon":{"url":"","error":""},"_links":{"self":[{"href":"https:\/\/www.europesays.com\/it\/wp-json\/wp\/v2\/posts\/151844","targetHints":{"allow":["GET"]}}],"collection":[{"href":"https:\/\/www.europesays.com\/it\/wp-json\/wp\/v2\/posts"}],"about":[{"href":"https:\/\/www.europesays.com\/it\/wp-json\/wp\/v2\/types\/post"}],"author":[{"embeddable":true,"href":"https:\/\/www.europesays.com\/it\/wp-json\/wp\/v2\/users\/3"}],"replies":[{"embeddable":true,"href":"https:\/\/www.europesays.com\/it\/wp-json\/wp\/v2\/comments?post=151844"}],"version-history":[{"count":0,"href":"https:\/\/www.europesays.com\/it\/wp-json\/wp\/v2\/posts\/151844\/revisions"}],"wp:featuredmedia":[{"embeddable":true,"href":"https:\/\/www.europesays.com\/it\/wp-json\/wp\/v2\/media\/151845"}],"wp:attachment":[{"href":"https:\/\/www.europesays.com\/it\/wp-json\/wp\/v2\/media?parent=151844"}],"wp:term":[{"taxonomy":"category","embeddable":true,"href":"https:\/\/www.europesays.com\/it\/wp-json\/wp\/v2\/categories?post=151844"},{"taxonomy":"post_tag","embeddable":true,"href":"https:\/\/www.europesays.com\/it\/wp-json\/wp\/v2\/tags?post=151844"}],"curies":[{"name":"wp","href":"https:\/\/api.w.org\/{rel}","templated":true}]}}