{"id":151846,"date":"2025-10-07T19:32:14","date_gmt":"2025-10-07T19:32:14","guid":{"rendered":"https:\/\/www.europesays.com\/it\/151846\/"},"modified":"2025-10-07T19:32:14","modified_gmt":"2025-10-07T19:32:14","slug":"livorno-manifestanti-contestano-salvini-il-ministro-calci-e-sputi-brutta-pagina","status":"publish","type":"post","link":"https:\/\/www.europesays.com\/it\/151846\/","title":{"rendered":"Livorno, manifestanti contestano Salvini. Il ministro: &#8216;Calci e sputi, brutta pagina&#8217;"},"content":{"rendered":"<p>Petardi esplosi, parolacce e insulti rivolti al vicepremier Matteo Salvini a Livorno. Un gruppo di contestatori si \u00e8 infatti assiepato attorno a Palazzo Pancaldi, dove si tiene un evento della Lega. Salvini ha risposto con baci lanciati ai manifestanti e poi si \u00e8 espresso cos\u00ec: &#8220;La Toscana \u00e8 culla del Rinascimento,\u00a0della bellezza, della cultura della democrazia, ma quella di\u00a0oggi a Livorno non \u00e8 una bella pagina per la Toscana e per la\u00a0democrazia&#8221;.<\/p>\n<p>\t\t \tSalvini: &#8220;Calci e sputi&#8221;<\/p>\n<p>&#8220;Che ci siano centinaia di poliziotti e carabinieri con caschi e\u00a0scudi &#8211; ha proseguito Salvini commentando la contestazione &#8211; e la gente che vuole arrivare a\u00a0sentire il ministro della Scuola, il ministro della Disabilit\u00e0\u00a0o il ministro dell&#8217;Economia non possa avvicinarsi e sia preso a\u00a0calci o a sputi non \u00e8 normale&#8221;. Una contestazione raccontata cos\u00ec da Salvini: &#8220;Non mi \u00e8 mai capitata una cosa del genere. Ci sono Giorgetti e la Locatelli che stanno girando da un po&#8217;, Valditara ha preso calci alla macchina&#8221;.\u00a0<\/p>\n<p>La contestazione<\/p>\n<p>&#8220;Siamo tutti antifascisti&#8221;, \u00e8 il coro di contestazione intonato da diversi manifestanti presenti attorno a palazzo Pancaldi. L&#8217;area del palazzo \u00e8 presidiata dalle forze dell&#8217;ordine schierate sui diversi ingressi, tenendo a distanza i manifestanti. &#8220;Fascista&#8221;, urlano a chi entra.\u00a0\u00a0<\/p>\n<p>\t\t\t<a class=\"c-inline-card j-inline-card c-inline-card--with-image\" href=\"https:\/\/tg24.sky.it\/politica\/video\/2025\/10\/03\/sciopero-gaza-salvini-ne-pagheranno-le-conseguenze-1040839\" rel=\"follow nofollow noopener\" data-intcmp=\"skytg24_articolo_approfondimenti_inline\" target=\"_blank\"><\/p>\n<p>\t\t\t         <img decoding=\"async\" crossorigin=\"anonymous\" alt=\"\" src=\"https:\/\/www.europesays.com\/it\/wp-content\/uploads\/2025\/10\/1040839_1759510643061_thumb_494.0000001_1759511106473.jpg\"  loading=\"lazy\"  bad-src=\"https:\/\/www.europesays.com\/it\/wp-content\/uploads\/2025\/10\/1040839_1759510643061_thumb_494.0000001_1759511106473.jpg\"\/><\/p>\n<p>\n\t\t\t         Approfondimento<br \/>\n\t\t\t         Sciopero Gaza, Salvini: ne pagheranno le conseguenze\n\t\t\t      <\/p>\n<p>\t\t\t<\/a><\/p>\n","protected":false},"excerpt":{"rendered":"Petardi esplosi, parolacce e insulti rivolti al vicepremier Matteo Salvini a Livorno. Un gruppo di contestatori si \u00e8&hellip;\n","protected":false},"author":3,"featured_media":151847,"comment_status":"","ping_status":"","sticky":false,"template":"","format":"standard","meta":{"footnotes":""},"categories":[6],"tags":[14,8,1537,90,89,8285,131,7,15,82,9,83,10,13,11,80,84,12,81,85],"class_list":{"0":"post-151846","1":"post","2":"type-post","3":"status-publish","4":"format-standard","5":"has-post-thumbnail","7":"category-ultime-notizie","8":"tag-cronaca","9":"tag-headlines","10":"tag-it","11":"tag-italia","12":"tag-italy","13":"tag-livorno","14":"tag-matteo-salvini","15":"tag-news","16":"tag-notizie","17":"tag-notizie-di-cronaca","18":"tag-notizie-principali","19":"tag-notiziedicronaca","20":"tag-notizieprincipali","21":"tag-titoli","22":"tag-ultime-notizie","23":"tag-ultime-notizie-di-cronaca","24":"tag-ultime-notizie-e-news-di-oggi","25":"tag-ultimenotizie","26":"tag-ultimenotiziedicronaca","27":"tag-ultimenotizieenewsdioggi"},"share_on_mastodon":{"url":"","error":""},"_links":{"self":[{"href":"https:\/\/www.europesays.com\/it\/wp-json\/wp\/v2\/posts\/151846","targetHints":{"allow":["GET"]}}],"collection":[{"href":"https:\/\/www.europesays.com\/it\/wp-json\/wp\/v2\/posts"}],"about":[{"href":"https:\/\/www.europesays.com\/it\/wp-json\/wp\/v2\/types\/post"}],"author":[{"embeddable":true,"href":"https:\/\/www.europesays.com\/it\/wp-json\/wp\/v2\/users\/3"}],"replies":[{"embeddable":true,"href":"https:\/\/www.europesays.com\/it\/wp-json\/wp\/v2\/comments?post=151846"}],"version-history":[{"count":0,"href":"https:\/\/www.europesays.com\/it\/wp-json\/wp\/v2\/posts\/151846\/revisions"}],"wp:featuredmedia":[{"embeddable":true,"href":"https:\/\/www.europesays.com\/it\/wp-json\/wp\/v2\/media\/151847"}],"wp:attachment":[{"href":"https:\/\/www.europesays.com\/it\/wp-json\/wp\/v2\/media?parent=151846"}],"wp:term":[{"taxonomy":"category","embeddable":true,"href":"https:\/\/www.europesays.com\/it\/wp-json\/wp\/v2\/categories?post=151846"},{"taxonomy":"post_tag","embeddable":true,"href":"https:\/\/www.europesays.com\/it\/wp-json\/wp\/v2\/tags?post=151846"}],"curies":[{"name":"wp","href":"https:\/\/api.w.org\/{rel}","templated":true}]}}