{"id":151881,"date":"2025-10-07T20:20:11","date_gmt":"2025-10-07T20:20:11","guid":{"rendered":"https:\/\/www.europesays.com\/it\/151881\/"},"modified":"2025-10-07T20:20:11","modified_gmt":"2025-10-07T20:20:11","slug":"il-ministro-della-salute-schillaci-piu-fondi-per-la-sanita-risorse-concentrate-su-infermieri-e-medici","status":"publish","type":"post","link":"https:\/\/www.europesays.com\/it\/151881\/","title":{"rendered":"Il ministro della Salute Schillaci: \u00abPi\u00f9 fondi per la sanit\u00e0, risorse concentrate su infermieri e medici\u00bb"},"content":{"rendered":"<p>    di<br \/>\n    Margherita De Bac<\/p>\n<p class=\"summary-art is-line-h-12\">Orazio Schillaci: \u00ab2,5 miliardi oltre ai 4  gi\u00e0 previsti. I medici non sono diminuiti numericamente, ma restano sguarnite alcune specialit\u00e0\u00bb<\/p>\n<p class=\"chapter-paragraph\">\u00abLa sanit\u00e0 sar\u00e0 protagonista di questa legge di bilancio. Ai <b>4 miliardi gi\u00e0 previsti<\/b> lo scorso anno per il 2026 se ne aggiungeranno<b> altri 2,2-2,5 miliardi<\/b> per rendere pi\u00f9 adeguato il <a href=\"https:\/\/www.corriere.it\/opinioni\/25_settembre_19\/scelte-coraggiose-per-la-sanita-54229682-62a3-4574-9900-7e1b193ccxlk.shtml\" title=\"Scelte coraggiose per la sanit\u00e0\" rel=\"nofollow noopener\" target=\"_blank\">fondo sanitario nazionale<\/a>\u00bb, mette a fuoco gli impegni del governo per la prossima finanziaria il ministro della Salute,<b> Orazio Schillaci<\/b>. Al ministro dell\u2019Economia, il collega <a href=\"https:\/\/www.corriere.it\/economia\/finanza\/25_ottobre_07\/manovra-nuovi-tagli-ai-ministeri-nel-mirino-quelli-che-non-riescono-a-spendere-le-risorse-assegnate-5b6c821e-651e-41ae-b569-6651bc7a2xlk.shtml\" title=\"Manovra, nuovi tagli ai ministeri: nel mirino quelli che non riescono a spendere le risorse assegnate\" rel=\"nofollow noopener\" target=\"_blank\">Giancarlo Giorgetti,<\/a> \u00e8 sulla stessa lunghezza d\u2019onda.\u00a0<\/p>\n<p class=\"chapter-paragraph\"><b>A che punto siete?<\/b><br \/>\u00abLa trattativa \u00e8 in corso. Su un punto siamo tutti d\u2019accordo. I soldi serviranno per far fronte alla <a href=\"https:\/\/video.corriere.it\/quanti-sono-davvero-i-medici-in-italia-\/8d640bfb-e790-4108-a60f-e2f1e1770xlk\" title=\"Quanti sono davvero i medici in Italia?\" rel=\"nofollow noopener\" target=\"_blank\">carenza di personale<\/a> quindi per assumere medici e infermieri. La popolazione invecchia e cos\u00ec aumentano i bisogni. La pressione sugli operatori va alleggerita\u00bb.    &#13;<br \/>\n&#13;<br \/>\n&#13;<br \/>\n&#13;<br \/>\n&#13;<br \/>\n&#13;<br \/>\n&#13;<br \/>\n&#13;<br \/>\n&#13;<br \/>\n&#13;<br \/>\n&#13;<br \/>\n&#13;<br \/>\n&#13;<br \/>\n&#13;<br \/>\n&#13;<br \/>\n&#13;<br \/>\n&#13;<br \/>\n&#13;<br \/>\n&#13;<br \/>\n&#13;<br \/>\n&#13;<br \/>\n&#13;<br \/>\n&#13;<br \/>\n&#13;<br \/>\n&#13;<br \/>\n&#13;<br \/>\n&#13;<br \/>\n&#13;<br \/>\n&#13;<br \/>\n&#13;<br \/>\n&#13;<br \/>\n&#13;<br \/>\n&#13;<br \/>\n&#13;<br \/>\n&#13;<br \/>\n&#13;<br \/>\n&#13;<br \/>\n&#13;<br \/>\n&#13;<br \/>\n&#13;<br \/>\n&#13;<br \/>\n&#13;<br \/>\n&#13;<br \/>\n&#13;<br \/>\n&#13;<br \/>\n&#13;<br \/>\n&#13;<br \/>\n&#13;<br \/>\n&#13;<br \/>\n&#13;<br \/>\n&#13;<br \/>\n&#13;<br \/>\n&#13;\n<\/p>\n<p class=\"chapter-paragraph\"><b>Fra medici e infermieri chi ha pi\u00f9 urgenza di rinforzi?<\/b><br \/>\u00abRispetto al pre-pandemia i medici non sono diminuiti numericamente. Restano sguarnite alcune specialit\u00e0. <a href=\"https:\/\/www.corriere.it\/salute\/25_settembre_16\/sanita-in-italia-la-spesa-pubblica-e-pari-al-6-3-del-pil-nei-paesi-ocse-al-7-1-in-germania-al-10-6-3817b3d3-1da2-4ed5-9861-d4f66b90bxlk.shtml\" title=\"Sanit\u00e0: in Italia la spesa pubblica \u00e8 pari al 6,3% del Pil, nei Paesi Ocse al 7,1% (in Germania al 10,6%)\" rel=\"nofollow noopener\" target=\"_blank\">Il numero degli infermieri invece \u00e8 tra i pi\u00f9 bassi dei Paesi Ocse<\/a> rispetto alla popolazione\u00bb.<\/p>\n<p class=\"chapter-paragraph\"><b>Assumerete<a href=\"https:\/\/corrieredelveneto.corriere.it\/notizie\/cronaca\/24_dicembre_27\/case-di-comunita-i-cantieri-e-le-incognite-infermieri-indiani-e-africani-per-aprirle-532a1e0b-dad7-4fc0-a8f8-f55943829xlk.shtml\" title=\"Case di comunit\u00e0, i cantieri e le incognite: infermieri indiani e africani per aprirle\" rel=\"nofollow noopener\" target=\"_blank\"> infermieri indiani <\/a>come lei aveva annunciato?<\/b><br \/>\u00abIl progetto \u00e8 in piedi perch\u00e9 potenzialmente efficace visto che potremmo attingere da una disponibilit\u00e0 di circa 3 milioni di infermieri. Stiamo per\u00f2 vagliando altre soluzioni. <a href=\"https:\/\/milano.corriere.it\/notizie\/cronaca\/25_ottobre_06\/infermieri-dall-uzbekistan-alla-lombardia-la-regione-prova-a-tamponare-l-emergenza-personale-c207b96b-4210-4c2d-ac4b-361cb15a4xlk.shtml\" title=\"Infermieri dall&#039;Uzbekistan alla Lombardia: la Regione prova a tamponare l&#039;emergenza personale\" rel=\"nofollow noopener\" target=\"_blank\">In Lombardia<\/a> hanno preso gli argentini, altri si sono rivolti a Paraguay, Albania e Indonesia. Il problema \u00e8 trovare professionisti con titoli adeguati ai nostri. Sar\u00e0 una soluzione tampone\u00bb.<\/p>\n<p class=\"chapter-paragraph\"><b>Gli iscritti agli ultimi test di ammissione ai corsi di formazione allarmano: 19 mila candidati per 20 mila posti&#8230;<\/b><br \/>\u00abCon paghe migliori, la professione diventer\u00e0 attrattiva anche grazie all\u2019istituzione di tre nuovi percorsi specialistici che qualificano la categoria. <a href=\"\">Gli stipendi verranno aumentati <\/a>gi\u00e0 con i fondi della prossima finanziaria: indennit\u00e0 di specificit\u00e0 pi\u00f9 alte, meno vincoli al rapporto di esclusivit\u00e0. Una norma prevista gi\u00e0 nel \u201cdecreto Bollette\u201d del 2023 ma ancora non bene applicata. Sarebbe giusto lasciarli liberi di dedicarsi all\u2019attivit\u00e0 fuori servizio, dopo 38 ore di lavoro settimanali\u00bb.<\/p>\n<p class=\"chapter-paragraph\"><b>E i medici?<\/b><br \/>\u00abAnche per loro interventi su indennit\u00e0 oltre alla defiscalizzazione. Sono molto ottimista sugli effetti della riforma sulla responsabilit\u00e0 professionale varata dal Consiglio dei ministri, un provvedimento a vantaggio dei cittadini che incider\u00e0 in maniera positiva sulla cosiddetta medicina difensiva e quindi sulle liste d\u2019attesa\u00bb.<\/p>\n<p class=\"chapter-paragraph\"><b>Aveva promesso attenzione alla salute mentale.<\/b><br \/>\u00abCirca 80 milioni serviranno per finanziare il nuovo piano, ora all\u2019esame della Conferenza Stato-Regioni. Dopo 13 anni si d\u00e0 linfa a un settore dimenticato. Una cifra importante andr\u00e0 alla prevenzione, in particolare per i programmi di screening. Arrivano poi nuovi fondi per gli istituti di ricovero e cura a carattere scientifico, gli IRCCS, e per gli istituti zooprofilattici\u00bb.<br \/><b><br \/>Il sindacato dei medici di famiglia Snami \u00e8 convinto che l\u2019inserimento nelle <a href=\"https:\/\/corrieredelveneto.corriere.it\/notizie\/cronaca\/25_settembre_29\/case-di-comunita-l-incubo-del-personale-mancano-medici-e-infermieri-in-veneto-solo-tre-funzionano-a-pieno-regime-991d902a-569d-403c-b660-81b1a8b4exlk.shtml\" title=\"Case di Comunit\u00e0, l\u2019incubo del personale: mancano medici e infermieri. \u00abIn Veneto solo tre funzionano a pieno regime\u00bb\" rel=\"nofollow noopener\" target=\"_blank\">case di comunit\u00e0<\/a> mortificher\u00e0 la loro figura e non servir\u00e0 a decongestionare liste di attesa e pronto soccorso.<\/b><br \/>\u00abI cambiamenti non piacciono mai. Il modello della medicina di base per\u00f2 va riformato. Nella legge delega sulle professioni sanitarie \u00e8 prevista la creazione di una scuola di specializzazione che sostituir\u00e0 gli attuali corsi regionali. Entrando nelle case di comunit\u00e0 i medici verranno valorizzati di pi\u00f9 perch\u00e9 lavoreranno in un team multidisciplinare e sono convinto che non perderanno il rapporto con i propri pazienti\u00bb.<\/p>\n<p class=\"chapter-paragraph\"><b>\u00c8 tramontato il progetto della dipendenza?<\/b><br \/>\u00abA me non interessa che tipo di rapporto avranno col servizio sanitario, se convenzione o dipendenza. A me interessa che lavorino un certo numero di ore nelle Case di comunit\u00e0\u00bb.<\/p>\n<p class=\"chapter-paragraph\"><b>Qual \u00e8 stata per lei la fase pi\u00f9 difficile in 3 anni di governo Meloni?<\/b><br \/>\u00abI primi 3 mesi di governo, quando mi sono trovato di fronte ai 2 milioni di screening saltati durante la pandemia. Ho capito che il problema della sanit\u00e0 non \u00e8 solo finanziario. C\u2019\u00e8 bisogno di un cambiamento\u00bb.<br \/><b><br \/><a href=\"https:\/\/economiapro.corriere.it\/notizie\/25_settembre_25\/gli-usa-tra-ideologia-o-scienza-i-rischi-della-scelta-sulle-nostre-vite-b2d95842-619a-4190-9802-adc4c2d78xlk.shtml\" title=\"Gli Usa tra ideologia o scienza: i rischi della scelta sulle nostre vite\" rel=\"nofollow noopener\" target=\"_blank\">L\u2019atteggiamento \u00abno vax\u00bb dell\u2019amministrazione Trump<\/a> negli Stati Uniti condizioner\u00e0 l\u2019adesione degli italiani ai vaccini contro l\u2019influenza?<\/b><br \/>\u00abLa stanchezza vaccinale \u00e8 un problema sempre esistito. Da medico sono molto preoccupato perch\u00e9 la protezione dei soggetti fragili deve essere la prima delle nostre priorit\u00e0. I pi\u00f9 deboli per et\u00e0 e malattie vanno protetti. Nel 2024, oltre il 75% dei pazienti gravi per complicanze dell\u2019influenza ricoverati in terapia intensiva non era vaccinato. Spero che la gente rifletta. Anche quest\u2019anno lanceremo la campagna per raccomandare la vaccinazione antinfluenzale e sensibilizzare chi \u00e8 pi\u00f9 esposto\u00bb.<\/p>\n<p class=\"is-mr-t-20 is-mr-b-20\"><b><br \/>\n                    <a href=\"https:\/\/roma.corriere.it\/?intcmp=Notizielocali_nd_010623_corriere_ss_roma\" target=\"_blank\" rel=\"nofollow noopener\">Vai a tutte le notizie di Roma<\/a><br \/>\n            <\/b><\/p>\n<p class=\"chapter-paragraph\"><b><a href=\"https:\/\/www.corriere.it\/newsletter\/?theme=52&amp;intcmp=NL-artic_nd_050624_corriere_ss_roma\" target=\"_blank\" rel=\"nofollow noopener\">Iscriviti alla newsletter di Corriere Roma<\/a><\/b><\/p>\n<p class=\"is-last-update\" datetime=\"2025-10-07T21:13:05+02:00\">7 ottobre 2025<\/p>\n<p class=\"is-copyright\">\n            \u00a9 RIPRODUZIONE RISERVATA\n        <\/p>\n","protected":false},"excerpt":{"rendered":"di Margherita De Bac Orazio Schillaci: \u00ab2,5 miliardi oltre ai 4 gi\u00e0 previsti. I medici non sono diminuiti&hellip;\n","protected":false},"author":3,"featured_media":151882,"comment_status":"","ping_status":"","sticky":false,"template":"","format":"standard","meta":{"footnotes":""},"categories":[175],"tags":[3960,93935,727,23137,931,26944,3020,93936,93937,93938,2146,93939,16262,7325,1346,239,7350,2191,7944,18240,2633,1537,90,89,1207,28730,1222,93940,93941,81239,5277,93942,93943,93944,1312,4483,40978,28364,31822,10225,976,41828,3533,1885,2851,8159,899,240,301,32906],"class_list":{"0":"post-151881","1":"post","2":"type-post","3":"status-publish","4":"format-standard","5":"has-post-thumbnail","7":"category-salute","8":"tag-alcune","9":"tag-alcune-specialita","10":"tag-case","11":"tag-case-comunita","12":"tag-comunita","13":"tag-convinto","14":"tag-corsi","15":"tag-diminuiti","16":"tag-diminuiti-numericamente","17":"tag-diminuiti-numericamente-restano","18":"tag-dipendenza","19":"tag-dipendenza-interessa","20":"tag-finanziaria","21":"tag-fondi","22":"tag-fronte","23":"tag-health","24":"tag-indennita","25":"tag-infermieri","26":"tag-influenza","27":"tag-interessa","28":"tag-istituti","29":"tag-it","30":"tag-italia","31":"tag-italy","32":"tag-legge","33":"tag-liste","34":"tag-medici","35":"tag-medici-diminuiti","36":"tag-medici-diminuiti-numericamente","37":"tag-medici-infermieri","38":"tag-medicina","39":"tag-numericamente","40":"tag-numericamente-restano","41":"tag-numericamente-restano-sguarnite","42":"tag-numero","43":"tag-nuovi","44":"tag-orazio","45":"tag-orazio-schillaci","46":"tag-pandemia","47":"tag-pazienti","48":"tag-popolazione","49":"tag-prevista","50":"tag-previsti","51":"tag-problema","52":"tag-progetto","53":"tag-prossima","54":"tag-rapporto","55":"tag-salute","56":"tag-sanita","57":"tag-schillaci"},"share_on_mastodon":{"url":"","error":""},"_links":{"self":[{"href":"https:\/\/www.europesays.com\/it\/wp-json\/wp\/v2\/posts\/151881","targetHints":{"allow":["GET"]}}],"collection":[{"href":"https:\/\/www.europesays.com\/it\/wp-json\/wp\/v2\/posts"}],"about":[{"href":"https:\/\/www.europesays.com\/it\/wp-json\/wp\/v2\/types\/post"}],"author":[{"embeddable":true,"href":"https:\/\/www.europesays.com\/it\/wp-json\/wp\/v2\/users\/3"}],"replies":[{"embeddable":true,"href":"https:\/\/www.europesays.com\/it\/wp-json\/wp\/v2\/comments?post=151881"}],"version-history":[{"count":0,"href":"https:\/\/www.europesays.com\/it\/wp-json\/wp\/v2\/posts\/151881\/revisions"}],"wp:featuredmedia":[{"embeddable":true,"href":"https:\/\/www.europesays.com\/it\/wp-json\/wp\/v2\/media\/151882"}],"wp:attachment":[{"href":"https:\/\/www.europesays.com\/it\/wp-json\/wp\/v2\/media?parent=151881"}],"wp:term":[{"taxonomy":"category","embeddable":true,"href":"https:\/\/www.europesays.com\/it\/wp-json\/wp\/v2\/categories?post=151881"},{"taxonomy":"post_tag","embeddable":true,"href":"https:\/\/www.europesays.com\/it\/wp-json\/wp\/v2\/tags?post=151881"}],"curies":[{"name":"wp","href":"https:\/\/api.w.org\/{rel}","templated":true}]}}