{"id":151938,"date":"2025-10-07T21:21:14","date_gmt":"2025-10-07T21:21:14","guid":{"rendered":"https:\/\/www.europesays.com\/it\/151938\/"},"modified":"2025-10-07T21:21:14","modified_gmt":"2025-10-07T21:21:14","slug":"modena-il-19enne-confessa-la-violenza-sessuale-nella-pista-ciclabile-ho-fatto-una-cosa-terribile-non-so-darmi-pace","status":"publish","type":"post","link":"https:\/\/www.europesays.com\/it\/151938\/","title":{"rendered":"Modena, il 19enne confessa la violenza sessuale nella pista ciclabile: \u00abHo fatto una cosa terribile, non so darmi pace\u00bb"},"content":{"rendered":"<p>Il ragazzo \u00e8 accusato di violenza sessuale nei confronti di una donna di 51 anni, spintonata, legata e poi aggredita mentre attraversava un percorso natura<\/p>\n<p class=\"chapter-paragraph\">\u00abHo fatto una cosa terribile, quella donna poteva essere mia madre\u00bb. Cos\u00ec ha parlato davanti al giudice il ragazzo accusato di violenza sessuale nei confronti di una 51enne che <b>in sella alla sua bicicletta lo scorso 19 agosto stava attraversando il percorso \u201cVivi Natura\u201d di Modena.<\/b><a href=\"https:\/\/corrieredibologna.corriere.it\/notizie\/cronaca\/25_ottobre_06\/modena-la-violenza-sessuale-nella-pista-ciclabile-e-sbucato-da-un-cespuglio-mi-ha-legata-con-una-corda-e-ha-abusato-di-me-5e07b47e-c999-4b99-bb07-be46f84a3xlk.shtml\" rel=\"nofollow noopener\" target=\"_blank\"> La donna \u00e8 stata spintonata, legata e poi aggredita. <\/a>Per quei terribili fatti il 19enne \u00e8 stato arrestato venerd\u00ec scorso. \u00abNon so cosa mi ha preso \u2013 ha detto davanti al pubblico ministero e al giudice ricostruendo quegli attimi \u2013 non so darmi pace per quello che ho fatto\u00bb.\u00a0<\/p>\n<p>    Il giovane recluso nel carcere di Sant&#8217;Anna<\/p>\n<p class=\"chapter-paragraph\">Affiancato dal suo avvocato Francesca Corsi, il 19enne di origine marocchina ha di fatto confessato lo stupro, rispondendo a tutte le domande durante l&#8217;interrogatorio di garanzia dal carcere di Sant\u2019Anna dove si trova recluso da quattro giorni. Ha spiegato di avere agito \u00abcome in preda ad un raptus\u00bb, di non avere mai visto prima di quel giorno la vittima e di come subito dopo <b>abbia preso coscienza di quello che aveva fatto, di avere pianto e di non aver dormito per giorni. <\/b> Per lo studente, nato in Marocco con cittadinanza italiana, il suo avvocato difensore ha chiesto la misura degli arresti domiciliari con braccialetto elettronico. Il gip decider\u00e0 nelle prossime ore. Un episodio che ha scosso l\u2019intera comunit\u00e0. Secondo quanto ricostruito dagli inquirenti il 19enne sarebbe sbucato da un cespuglio correndole incontro, indossando un sottocasco che gli copriva integralmente il volto. <b>Le ha dato una violenta spallata che l\u2019ha fatta cadere a terra, l\u2019ha legata e ha abusato di lei.<\/b> Dopo lo stupro, prima dell\u2019arresto avvenuto venerd\u00ec scorso, \u00e8 tornato pi\u00f9 volte in quel luogo, impavido e sicuro di s\u00e9.\u00a0    &#13;<br \/>\n&#13;<br \/>\n&#13;<br \/>\n&#13;<br \/>\n&#13;<br \/>\n&#13;<br \/>\n&#13;<br \/>\n&#13;<br \/>\n&#13;<br \/>\n&#13;<br \/>\n&#13;<br \/>\n&#13;<br \/>\n&#13;<br \/>\n&#13;<br \/>\n&#13;<br \/>\n&#13;<br \/>\n&#13;<br \/>\n&#13;<br \/>\n&#13;<br \/>\n&#13;<br \/>\n&#13;<br \/>\n&#13;<br \/>\n&#13;<br \/>\n&#13;<br \/>\n&#13;<br \/>\n&#13;<br \/>\n&#13;<br \/>\n&#13;<br \/>\n&#13;<br \/>\n&#13;<br \/>\n&#13;<br \/>\n&#13;<br \/>\n&#13;<br \/>\n&#13;<br \/>\n&#13;<br \/>\n&#13;<br \/>\n&#13;<br \/>\n&#13;<br \/>\n&#13;<br \/>\n&#13;<br \/>\n&#13;<br \/>\n&#13;<br \/>\n&#13;<br \/>\n&#13;<br \/>\n&#13;<br \/>\n&#13;<br \/>\n&#13;<br \/>\n&#13;<br \/>\n&#13;<br \/>\n&#13;<br \/>\n&#13;<br \/>\n&#13;<br \/>\n&#13;\n<\/p>\n<p>    A maggio un&#8217;altra aggressione nello stesso punto\u00a0<\/p>\n<p class=\"chapter-paragraph\">Sul \u201cpercorso natura\u201d gli agenti della mobile, impegnati in attivit\u00e0 di osservazione lo hanno notato e riconosciuto, grazie ai dettagli forniti della vittima che nonostante quello che ha subito ha avuto la forza di collaborare con la polizia, fornendo dettagli preziosi alla sua cattura. Nei giorni scorsi \u00e8 emerso un precedente a quella violenza. C\u2019\u00e8 infatti una donna che non ha ancora presentato denuncia, <a href=\"https:\/\/corrieredibologna.corriere.it\/notizie\/cronaca\/25_ottobre_06\/modena-assalita-sulla-pista-ciclabile-e-violentata-potrebbe-esserci-un-precedente-un-altra-donna-racconta-li-hanno-tentato-di-ece49f8d-c5e2-499b-92bc-3e0ef9b77xlk.shtml\" rel=\"nofollow noopener\" target=\"_blank\">ma che sarebbe stata aggredita lo scorso maggio nello stesso punto <\/a><b>nel quale il 19 agosto \u00e8 stata violentata la 51enne.<\/b> Un\u2019aggressione in questo caso solo tentata, ma gli inquirenti non escludono che l\u2019uomo che ha avvicinata la potenziale vittima possa essere sempre il 19enne arrestato venerd\u00ec scorso.<\/p>\n<p class=\"is-last-update\" datetime=\"2025-10-07T19:08:04+02:00\">7 ottobre 2025 ( modifica il 7 ottobre 2025 | 19:08)<\/p>\n<p class=\"is-copyright\">\n            \u00a9 RIPRODUZIONE RISERVATA\n        <\/p>\n","protected":false},"excerpt":{"rendered":"Il ragazzo \u00e8 accusato di violenza sessuale nei confronti di una donna di 51 anni, spintonata, legata e&hellip;\n","protected":false},"author":3,"featured_media":151939,"comment_status":"","ping_status":"","sticky":false,"template":"","format":"standard","meta":{"footnotes":""},"categories":[6],"tags":[5623,93963,93964,45085,4593,2699,6050,4605,93965,1239,874,93966,93967,4539,14,1731,8,1537,90,89,23543,17796,7,15,82,9,83,10,491,17053,1272,13,11,80,84,12,81,85,8434,1467,9355,548],"class_list":{"0":"post-151938","1":"post","2":"type-post","3":"status-publish","4":"format-standard","5":"has-post-thumbnail","7":"category-ultime-notizie","8":"tag-accusato","9":"tag-accusato-violenza","10":"tag-accusato-violenza-sessuale","11":"tag-aggredita","12":"tag-aggressione","13":"tag-agosto","14":"tag-anna","15":"tag-arrestato","16":"tag-arrestato-venerdi","17":"tag-avvocato","18":"tag-carcere","19":"tag-carcere-sant","20":"tag-carcere-sant-anna","21":"tag-confronti","22":"tag-cronaca","23":"tag-donna","24":"tag-headlines","25":"tag-it","26":"tag-italia","27":"tag-italy","28":"tag-legata","29":"tag-natura","30":"tag-news","31":"tag-notizie","32":"tag-notizie-di-cronaca","33":"tag-notizie-principali","34":"tag-notiziedicronaca","35":"tag-notizieprincipali","36":"tag-percorso","37":"tag-sessuale","38":"tag-so","39":"tag-titoli","40":"tag-ultime-notizie","41":"tag-ultime-notizie-di-cronaca","42":"tag-ultime-notizie-e-news-di-oggi","43":"tag-ultimenotizie","44":"tag-ultimenotiziedicronaca","45":"tag-ultimenotizieenewsdioggi","46":"tag-venerdi","47":"tag-violenza","48":"tag-violenza-sessuale","49":"tag-vittima"},"share_on_mastodon":{"url":"","error":""},"_links":{"self":[{"href":"https:\/\/www.europesays.com\/it\/wp-json\/wp\/v2\/posts\/151938","targetHints":{"allow":["GET"]}}],"collection":[{"href":"https:\/\/www.europesays.com\/it\/wp-json\/wp\/v2\/posts"}],"about":[{"href":"https:\/\/www.europesays.com\/it\/wp-json\/wp\/v2\/types\/post"}],"author":[{"embeddable":true,"href":"https:\/\/www.europesays.com\/it\/wp-json\/wp\/v2\/users\/3"}],"replies":[{"embeddable":true,"href":"https:\/\/www.europesays.com\/it\/wp-json\/wp\/v2\/comments?post=151938"}],"version-history":[{"count":0,"href":"https:\/\/www.europesays.com\/it\/wp-json\/wp\/v2\/posts\/151938\/revisions"}],"wp:featuredmedia":[{"embeddable":true,"href":"https:\/\/www.europesays.com\/it\/wp-json\/wp\/v2\/media\/151939"}],"wp:attachment":[{"href":"https:\/\/www.europesays.com\/it\/wp-json\/wp\/v2\/media?parent=151938"}],"wp:term":[{"taxonomy":"category","embeddable":true,"href":"https:\/\/www.europesays.com\/it\/wp-json\/wp\/v2\/categories?post=151938"},{"taxonomy":"post_tag","embeddable":true,"href":"https:\/\/www.europesays.com\/it\/wp-json\/wp\/v2\/tags?post=151938"}],"curies":[{"name":"wp","href":"https:\/\/api.w.org\/{rel}","templated":true}]}}