{"id":151945,"date":"2025-10-07T21:41:12","date_gmt":"2025-10-07T21:41:12","guid":{"rendered":"https:\/\/www.europesays.com\/it\/151945\/"},"modified":"2025-10-07T21:41:12","modified_gmt":"2025-10-07T21:41:12","slug":"rabiot-contro-milan-como-a-perth-completamente-folle-si-parla-di-salute-dei-calciatori-e-assurdo","status":"publish","type":"post","link":"https:\/\/www.europesays.com\/it\/151945\/","title":{"rendered":"Rabiot contro Milan-Como a Perth: \u00abCompletamente folle. Si parla di salute dei calciatori, \u00e8 assurdo\u00bb"},"content":{"rendered":"<p>    di<br \/>\n    Redazione Sport<\/p>\n<p class=\"summary-art is-line-h-12\">Il centrocampista francese si sfoga contro la decisione di giocare la partita di serie A in Australia: \u00abDobbiamo adattarci, come sempre\u00bb<\/p>\n<p class=\"chapter-paragraph\">\u00ab\u00c8 completamente folle\u00bb. Adrien Rabiot reagisce cos\u00ec all&#8217;annuncio della sfida <a href=\"https:\/\/www.corriere.it\/sport\/calcio\/serie-a\/25_ottobre_06\/milan-como-australia-ufficiale-2a5be38c-0d7a-49a0-9561-1c2ed6483xlk.shtml\" rel=\"nofollow noopener\" target=\"_blank\">tra Milan e Como a Perth, in Australia<\/a>. Il centrocampista rossonero ha parlato dal ritiro della Francia in un&#8217;intervista rilasciata al quotidiano Le Figaro:\u00a0\u00abSono rimasto sorpreso quando ho saputo che con il Milan giocheremo una partita di Serie A contro il Como\u2026 in Australia! \u00c8 completamente folle. Ma si tratta di accordi economici per dare visibilit\u00e0 al campionato, cose che si superano\u00bb.<\/p>\n<p class=\"chapter-paragraph\">E ancora:\u00a0\u00abSi parla molto dei calendari e della salute dei giocatori, ma tutto questo sembra davvero assurdo. \u00c8 pazzesco fare cos\u00ec tanti chilometri per una partita tra due squadre italiane in Australia. Dobbiamo adattarci, come sempre\u00bb. Il nuovo centrocampista del Milan \u00e8 tutt&#8217;altro che d&#8217;accordo con la scelta di giocare in Australia, dunque. Nell&#8217;intervista a Le Figaro, c&#8217;\u00e8 spazio anche per parlare di queste prime settimane al Milan:\u00a0\u00ab\u00c8 un po\u2019 clich\u00e9, ma \u00e8 la verit\u00e0: si mangia benissimo. La prima cosa che mi hanno detto quando sono arrivato al centro sportivo di Milanello \u00e8 stata che la cucina l\u00ec \u00e8 eccellente. Bisogna ammetterlo: se la Francia resta superiore per la gastronomia, l\u2019Italia fa la migliore pasta del mondo. Dal punto di vista calcistico, \u00e8 un Paese di veri intenditori. L\u2019Italia vive di calcio, molto pi\u00f9 che la Francia. Si percepisce la passione dei tifosi, che vivono per la loro squadra. In Francia ci sono grandi club e grandi gruppi di tifosi, ma qui \u00e8 un\u2019altra dimensione: \u00e8 una questione di vita\u00bb.\u00a0    &#13;<br \/>\n&#13;<br \/>\n&#13;<br \/>\n&#13;<br \/>\n&#13;<br \/>\n&#13;<br \/>\n&#13;<br \/>\n&#13;<br \/>\n&#13;<br \/>\n&#13;<br \/>\n&#13;<br \/>\n&#13;<br \/>\n&#13;<br \/>\n&#13;<br \/>\n&#13;<br \/>\n&#13;<br \/>\n&#13;<br \/>\n&#13;<br \/>\n&#13;<br \/>\n&#13;<br \/>\n&#13;<br \/>\n&#13;<br \/>\n&#13;<br \/>\n&#13;<br \/>\n&#13;<br \/>\n&#13;<br \/>\n&#13;<br \/>\n&#13;<br \/>\n&#13;<br \/>\n&#13;<br \/>\n&#13;<br \/>\n&#13;<br \/>\n&#13;<br \/>\n&#13;<br \/>\n&#13;<br \/>\n&#13;<br \/>\n&#13;<br \/>\n&#13;<br \/>\n&#13;<br \/>\n&#13;<br \/>\n&#13;<br \/>\n&#13;<br \/>\n&#13;<br \/>\n&#13;<br \/>\n&#13;<br \/>\n&#13;<br \/>\n&#13;<br \/>\n&#13;<br \/>\n&#13;<br \/>\n&#13;<br \/>\n&#13;<br \/>\n&#13;<br \/>\n&#13;\n<\/p>\n<p class=\"chapter-paragraph\">Su Modric:\u00a0\u00abMi ha soprattutto stupito. Vederlo allenarsi con tanta precisione, professionalit\u00e0, intensit\u00e0 e impegno, a 40 anni, \u00e8 impressionante. Davvero. \u00c8 umile, dedicato, sempre al 100%. Quando vedo cosa fa con dieci anni pi\u00f9 di me, resto senza parole\u00bb.<\/p>\n<p class=\"is-last-update\" datetime=\"2025-10-07T20:41:28+02:00\">7 ottobre 2025<\/p>\n<p class=\"is-copyright\">\n            \u00a9 RIPRODUZIONE RISERVATA\n        <\/p>\n","protected":false},"excerpt":{"rendered":"di Redazione Sport Il centrocampista francese si sfoga contro la decisione di giocare la partita di serie A&hellip;\n","protected":false},"author":3,"featured_media":151946,"comment_status":"","ping_status":"","sticky":false,"template":"","format":"standard","meta":{"footnotes":""},"categories":[176],"tags":[93969,7873,3631,93970,93971,3153,3705,93923,1073,93968,1278,2149,93972,93973,5363,4300,1889,1251,1282,1537,90,89,553,1290,245,244],"class_list":{"0":"post-151945","1":"post","2":"type-post","3":"status-publish","4":"format-standard","5":"has-post-thumbnail","7":"category-sport","8":"tag-adattarci","9":"tag-assurdo","10":"tag-australia","11":"tag-australia-dobbiamo","12":"tag-australia-dobbiamo-adattarci","13":"tag-centrocampista","14":"tag-como","15":"tag-como-perth","16":"tag-completamente","17":"tag-completamente-folle","18":"tag-davvero","19":"tag-dobbiamo","20":"tag-dobbiamo-adattarci","21":"tag-figaro","22":"tag-folle","23":"tag-francia","24":"tag-giocare","25":"tag-grandi","26":"tag-intervista","27":"tag-it","28":"tag-italia","29":"tag-italy","30":"tag-milan","31":"tag-partita","32":"tag-sport","33":"tag-sports"},"share_on_mastodon":{"url":"","error":""},"_links":{"self":[{"href":"https:\/\/www.europesays.com\/it\/wp-json\/wp\/v2\/posts\/151945","targetHints":{"allow":["GET"]}}],"collection":[{"href":"https:\/\/www.europesays.com\/it\/wp-json\/wp\/v2\/posts"}],"about":[{"href":"https:\/\/www.europesays.com\/it\/wp-json\/wp\/v2\/types\/post"}],"author":[{"embeddable":true,"href":"https:\/\/www.europesays.com\/it\/wp-json\/wp\/v2\/users\/3"}],"replies":[{"embeddable":true,"href":"https:\/\/www.europesays.com\/it\/wp-json\/wp\/v2\/comments?post=151945"}],"version-history":[{"count":0,"href":"https:\/\/www.europesays.com\/it\/wp-json\/wp\/v2\/posts\/151945\/revisions"}],"wp:featuredmedia":[{"embeddable":true,"href":"https:\/\/www.europesays.com\/it\/wp-json\/wp\/v2\/media\/151946"}],"wp:attachment":[{"href":"https:\/\/www.europesays.com\/it\/wp-json\/wp\/v2\/media?parent=151945"}],"wp:term":[{"taxonomy":"category","embeddable":true,"href":"https:\/\/www.europesays.com\/it\/wp-json\/wp\/v2\/categories?post=151945"},{"taxonomy":"post_tag","embeddable":true,"href":"https:\/\/www.europesays.com\/it\/wp-json\/wp\/v2\/tags?post=151945"}],"curies":[{"name":"wp","href":"https:\/\/api.w.org\/{rel}","templated":true}]}}