{"id":151960,"date":"2025-10-07T21:49:10","date_gmt":"2025-10-07T21:49:10","guid":{"rendered":"https:\/\/www.europesays.com\/it\/151960\/"},"modified":"2025-10-07T21:49:10","modified_gmt":"2025-10-07T21:49:10","slug":"la-camminata-della-prevenzione-da-sondalo-a-tirano","status":"publish","type":"post","link":"https:\/\/www.europesays.com\/it\/151960\/","title":{"rendered":"la Camminata della Prevenzione da Sondalo a Tirano"},"content":{"rendered":"<p>&#13;<br \/>\n      &#13;<br \/>\n&#13;<br \/>\n     &#13;<br \/>\n        &#13;<\/p>\n<p>Domenica 26 ottobre l&#8217;Associazione Amazzoni ODV invita tutti a partecipare alla <strong>Camminata della Prevenzione<\/strong>, un appuntamento rinnovato per celebrare l&#8217;Ottobre in Rosa e sensibilizzare sull&#8217;importanza della prevenzione.<\/p>\n<p>Il percorso si snoder\u00e0 lungo il Sentiero Valtellina, con il seguente programma:<br \/><strong>Sondalo ore 8.30 | Cittadella dello sport<\/strong><br \/>Punto accoglienza, consegna, consegna zainetto Amazzoni e maglietta, colazione e partenza camminata (ore 9:15 circa)<br \/>Con la partecipazione speciale delle promesse del biathlon: <strong>Anna Occhi, Rini Maria Angelica, Andreola Camilla e Rachele dei Cas<\/strong> e del dr. <strong>Giulio Rossi<\/strong>, responsabile della Medicina dello Sport dell&#8217;Ospedale Morelli di Sondalo<br \/><strong>Grosotto ore 11 | Parcheggio Prati di Punta<\/strong><br \/>Punto Ristoro con merenda<br \/><strong>Lovero ore 13 | Parco dell&#8217;Adda<\/strong>\u00a0<br \/>Sosta Pranzo con Picnic<br \/><strong>Tirano ore 16 | Piazza Cavour<\/strong><\/p>\n<p>Tappa finale, saluti degli organizzatori e degli ospiti, rinfresco e musica<\/p>\n<p>Quota di partecipazione:<br \/><strong>15,00 \u20ac adulti<\/strong><br \/><strong>10,00 \u20ac bambini (under 12)<\/strong><\/p>\n<p><strong>INFORMAZIONI:<\/strong><br \/>La camminata \u00e8 non competitiva, facile e adatta a tutti: ogni partecipante ricever\u00e0 uno zainetto Amazzoni ; nel modulo di iscrizione dovr\u00e0 inoltre scegliere la tappa di partenza in base ai punti sopraindicati e specificare la taglia della maglietta(S\/M\/L\/XL).<br \/>L&#8217;organizzazione declina ogni responsabilit\u00e0 per danni a persone o cose prima, durante e dopo l&#8217;evento.<br \/>Si consiglia abbigliamento comodo e adeguato alle condizioni atmosferiche.<\/p>\n<p>In caso di maltempo la manifestazione sar\u00e0 annullata.<br \/>Per info: WhatsApp 335 5978121<\/p>\n<p>Evento organizzato con il Patrocinio e la collaborazione di: Comune di Sondalo, Comune di Grosotto, Comune di Lovero Comune di Tirano; Gruppo donatori sangue di Tirano, AIDO sezione di Tirano, AVIS sezione di Sondalo, Associazione Nordic Walking Valtellina e APT Sondalo<\/p>\n<p> &#13;<br \/>\n       &#13;<br \/>\n&#13;<br \/>\n&#13;<br \/>\n  &#13;<br \/>\n  &#13;<br \/>\n&#13;<br \/>\n    &#13;<br \/>\n&#13;<br \/>\n        &#13;<br \/>\n        &#13;<br \/>\n               &#13;<br \/>\n      &#13;<br \/>\n      &#13;<br \/>\n      &#13;<br \/>\n&#13;<br \/>\n&#13;<br \/>\n            &#13;<br \/>\n   &#13;<br \/>\n&#13;<br \/>\n &#13;<br \/>\n      &#13;<br \/>\n&#13;<br \/>\n      &#13;<\/p>\n","protected":false},"excerpt":{"rendered":"&#13; &#13; &#13; &#13; &#13; Domenica 26 ottobre l&#8217;Associazione Amazzoni ODV invita tutti a partecipare alla Camminata della&hellip;\n","protected":false},"author":3,"featured_media":151961,"comment_status":"","ping_status":"","sticky":false,"template":"","format":"standard","meta":{"footnotes":""},"categories":[1512],"tags":[626,239,1537,90,89,240,2189,2188,2187],"class_list":{"0":"post-151960","1":"post","2":"type-post","3":"status-publish","4":"format-standard","5":"has-post-thumbnail","7":"category-vaccini","8":"tag-eventi","9":"tag-health","10":"tag-it","11":"tag-italia","12":"tag-italy","13":"tag-salute","14":"tag-vaccine","15":"tag-vaccines","16":"tag-vaccini"},"share_on_mastodon":{"url":"","error":""},"_links":{"self":[{"href":"https:\/\/www.europesays.com\/it\/wp-json\/wp\/v2\/posts\/151960","targetHints":{"allow":["GET"]}}],"collection":[{"href":"https:\/\/www.europesays.com\/it\/wp-json\/wp\/v2\/posts"}],"about":[{"href":"https:\/\/www.europesays.com\/it\/wp-json\/wp\/v2\/types\/post"}],"author":[{"embeddable":true,"href":"https:\/\/www.europesays.com\/it\/wp-json\/wp\/v2\/users\/3"}],"replies":[{"embeddable":true,"href":"https:\/\/www.europesays.com\/it\/wp-json\/wp\/v2\/comments?post=151960"}],"version-history":[{"count":0,"href":"https:\/\/www.europesays.com\/it\/wp-json\/wp\/v2\/posts\/151960\/revisions"}],"wp:featuredmedia":[{"embeddable":true,"href":"https:\/\/www.europesays.com\/it\/wp-json\/wp\/v2\/media\/151961"}],"wp:attachment":[{"href":"https:\/\/www.europesays.com\/it\/wp-json\/wp\/v2\/media?parent=151960"}],"wp:term":[{"taxonomy":"category","embeddable":true,"href":"https:\/\/www.europesays.com\/it\/wp-json\/wp\/v2\/categories?post=151960"},{"taxonomy":"post_tag","embeddable":true,"href":"https:\/\/www.europesays.com\/it\/wp-json\/wp\/v2\/tags?post=151960"}],"curies":[{"name":"wp","href":"https:\/\/api.w.org\/{rel}","templated":true}]}}