{"id":152021,"date":"2025-10-07T22:50:09","date_gmt":"2025-10-07T22:50:09","guid":{"rendered":"https:\/\/www.europesays.com\/it\/152021\/"},"modified":"2025-10-07T22:50:09","modified_gmt":"2025-10-07T22:50:09","slug":"test-a-montecarlo-per-sinner-le-cause-della-sua-fragilita-ora-larabia-e-la-difficile-missione-primo-posto-il-mattino","status":"publish","type":"post","link":"https:\/\/www.europesays.com\/it\/152021\/","title":{"rendered":"Test a Montecarlo per Sinner, le cause della sua fragilit\u00e0: ora l&#039;Arabia e la difficile missione primo posto &#8211; Il Mattino"},"content":{"rendered":"<ol>\n<li><a href=\"https:\/\/news.google.com\/rss\/articles\/CBMi5gFBVV95cUxOeUVVREhudEdnMmw2YVJnTndaMnpKZ3NVQnFPd1RRLW1OX1o1NGhWTXR0RWxEN1pLcGFLQUpTQ3k2dEZBSWRoV0JOMUZOeDhJWFFwRjROdDd1clR1aVkzLThEQlNxUFA3aHgxUVQ2NUFUc2gyaVBVZ2pTRHZNeFQxTHdSYTB6ODJEMnRrLWNTT29LaG8xSENuaVEyM1I2R0pZa2lUYTBMUmpDTDgyWWh5cXE5NjhvY1B4YklydmxKUElPeUZvZTVYR2l6R1dHX2JmdXpMTjktWUQ3ZkNXTTYtRFgzT1FBQdIB6wFBVV95cUxOdnMwcWNqSVc0bVJwcWxQMWVoTkdBclBNczBZQzdWQkdYQlFMeWdXNGh3aFY1cW41aTA0MkxyQkZMdDN5YU9JUXlxRl90bVlzZzBPMnRDY1hud3dQWXVqYTFQbzdsWGZrT2xpSEVuMGdmMzJETVRtbGpRaHkyNnFGbDBiNzM1M295LWljdWFwODdycFNMTGI5MWU2Y0RPVmpMVi11TG5mcGx0TUJoajhNOE1ySXBMZGpqTTlGY1lMX3pIUWVlSHh6NkctSG9GWkpXMnA2QmRYbTJYeGFtejZhNUc5N2NNcnZINks4?oc=5\" target=\"_blank\" rel=\"nofollow noopener\">Test a Montecarlo per Sinner, le cause della sua fragilit\u00e0: ora l&#8217;Arabia e la difficile missione primo posto<\/a>&nbsp;&nbsp;Il Mattino<\/li>\n<li><a href=\"https:\/\/news.google.com\/rss\/articles\/CBMivgFBVV95cUxOMTFQcDRGa0lTZDBmX2Rza3NSYy02WFU2U3pFa2xFMVhheTJCd3Y3cEZlUnFaMWxFb1Z6eFo1YVhoUjctemNQd0hER2NncmhFMWNYRXhsV3hSQ19jNFdEM0VPZWhsamJ5cmJ3UndkRXk4YUVwQXJvWlFia3U5R3NfOThDSkliVlZrLU1nQlVaN0w0dWFTNnIzemd0Zjd5aUhYLWd0M0JPMUdsamVhc1RsYWQxaGh6cGNEcWhsUE9B?oc=5\" target=\"_blank\" rel=\"nofollow noopener\">Sinner far\u00e0 dei test a Montecarlo: perch\u00e9 \u00e8 cos\u00ec fragile? Il forfait a Shanghai e il torneo in Arabia tra una settimana<\/a>&nbsp;&nbsp;Corriere della Sera<\/li>\n<li><a href=\"https:\/\/news.google.com\/rss\/articles\/CBMingFBVV95cUxQekdBdTdmaDdBZTlwZG1QbHo3RWp6MGYxN2x3bVczb29XTUN1YzZTakxuS1QydGxDVjZSTDZzbUc1M1RBV3c0TVZJVndwUlRzQzYteGc4Uy01eW1uejlOM3ROWUxwSjVkZ0FBejJWWkFCM21MbmZWeUROTzhwUFlkWHN0OHVRRnhmM0hZaEVPeVAzQldqdWlJSHJPWVlvQdIBowFBVV95cUxPNWJ2eVREa0otNTN5UjF0RWR5RGpwMmVKSmg2bFF6bDF3WVNvRzJQZTZtaGN2NzZ6dEd1ek92a2pCNnNiRmZPRXFVX2dWaDhYaVk5dm43Y2pCa2xDX21iZmNFQ0M3Z00yWjVwX3JGeWk5SEd5YXpfMmpZbUtVX3FwOUlXaTJMUGYtWWNyN0J0OVBDamNjdDhQZ3lsWFMxTmNkSW1V?oc=5\" target=\"_blank\" rel=\"nofollow noopener\">Malori e ritiri a Shanghai, l\u2019Atp pensa a nuove regole contro il caldo opprimente: \u201cSi potr\u00e0\u2026<\/a>&nbsp;&nbsp;Il Fatto Quotidiano<\/li>\n<li><a href=\"https:\/\/news.google.com\/rss\/articles\/CBMi8AFBVV95cUxNWVA2V3ZESkIxZ3dqVnVLaTdOM2w2LVVRam1aQnJCbGFlZzZZSXZxckdqdVJqSU9FMWd1d1hQbjFldVFHb2ZXaTFvWUlURGlrQlViOGRjOHB0cG1HcERuQWlwc2hLallTMGVENDNveXBZSGU0UlZ2MFdqWTNSWGxfY1ZWMTJCV0s0eUlYeEFhS3FlVDBGUGMzQkF5LUFyYXRsMDRfOWtSU29STjJUajR6Qm9TcjA5alFDd3U0UFl5OGxCUndZdkNEMHdmODIxak1NR19mNG1fdW9YMXVVcFZYbTNpbWg2ZDMzaGRiTXk0c3nSAfYBQVVfeXFMUER4U01JWlJUV3B0VTF0a1VlSTFubUNfTi14ZkdlODZLeHBDNmhQNm82bjREQWZ3eTc3UVdaYTFRVzBXM2RVSDdBSjRoUHBYTHdQNzNUYmFrSkNDWUR1WWZ5SUpVeVlDX3F2UnpmMndJekRWSjVMb28wX010WkNvb0ZVbktjczFvUXRqYzNHUmUwQTdmOGwtRlV1R0FnQ3dVRlBiQVVxNVVVREV6Q1V1dmotLTZjd2dUVEpXMUZpOFhKUDliOUJheDRnWEdzN2ZubGl5d2FNeWhTNUMxeUJ1aG5IWFktMkNac0FYWGFvVjQ3T1J6ZEdB?oc=5\" target=\"_blank\" rel=\"nofollow noopener\">Caldo choc arrivano nuove norme, Djokovic vince stremato<\/a>&nbsp;&nbsp;ANSA<\/li>\n<li><a href=\"https:\/\/news.google.com\/rss\/articles\/CBMipgFBVV95cUxOVjNaWkY0QjVvWmt6UlN3S19aOUNOQnNMMlNTZ294YzBPUkJ5azRGTDFfc2NwLUtGX01mMllNSlh5aWtXUENpSV80WGJMdkc3UDdyX3BydFBtRnpuNVdJRDlzMXFfTlhqdmxrbDBBRWJEVk1pTnM3dU9GR0M1SUJ0aTFpa08xc093OE4xTG5iUzEyME9wdlFHS2RXVEpFQzU3bzlDWFF30gF4QVVfeXFMTl8xWndEQlpSYmN3SVJYYVJ2TWpPM0pSSmFPQzdZVUtiV3dhRGVrMFg2d2xoTlZVcTFySkQxYnBYM3UzektkVGgxWkZtUjNQTG1jQkFmQ1RzdlhHWGlpY281NnYtZ2NUUGVuVG1WRjFtS0dBaHo1VGRH?oc=5\" target=\"_blank\" rel=\"nofollow noopener\">Testa o cuore? Jannik Sinner valuta di saltare la Coppa Davis per prepararsi al meglio agli Australian Open 2026<\/a>&nbsp;&nbsp;Sportmediaset<\/li>\n<\/ol>\n","protected":false},"excerpt":{"rendered":"Test a Montecarlo per Sinner, le cause della sua fragilit\u00e0: ora l&#8217;Arabia e la difficile missione primo posto&nbsp;&nbsp;Il&hellip;\n","protected":false},"author":3,"featured_media":152022,"comment_status":"","ping_status":"","sticky":false,"template":"","format":"standard","meta":{"footnotes":""},"categories":[1457],"tags":[1265,1537,90,89,1717,15117,9842,245,244,1273],"class_list":{"0":"post-152021","1":"post","2":"type-post","3":"status-publish","4":"format-standard","5":"has-post-thumbnail","7":"category-tennis","8":"tag-alcaraz","9":"tag-it","10":"tag-italia","11":"tag-italy","12":"tag-jannik-sinner","13":"tag-montecarlo","14":"tag-ranking-atp","15":"tag-sport","16":"tag-sports","17":"tag-tennis"},"share_on_mastodon":{"url":"","error":""},"_links":{"self":[{"href":"https:\/\/www.europesays.com\/it\/wp-json\/wp\/v2\/posts\/152021","targetHints":{"allow":["GET"]}}],"collection":[{"href":"https:\/\/www.europesays.com\/it\/wp-json\/wp\/v2\/posts"}],"about":[{"href":"https:\/\/www.europesays.com\/it\/wp-json\/wp\/v2\/types\/post"}],"author":[{"embeddable":true,"href":"https:\/\/www.europesays.com\/it\/wp-json\/wp\/v2\/users\/3"}],"replies":[{"embeddable":true,"href":"https:\/\/www.europesays.com\/it\/wp-json\/wp\/v2\/comments?post=152021"}],"version-history":[{"count":0,"href":"https:\/\/www.europesays.com\/it\/wp-json\/wp\/v2\/posts\/152021\/revisions"}],"wp:featuredmedia":[{"embeddable":true,"href":"https:\/\/www.europesays.com\/it\/wp-json\/wp\/v2\/media\/152022"}],"wp:attachment":[{"href":"https:\/\/www.europesays.com\/it\/wp-json\/wp\/v2\/media?parent=152021"}],"wp:term":[{"taxonomy":"category","embeddable":true,"href":"https:\/\/www.europesays.com\/it\/wp-json\/wp\/v2\/categories?post=152021"},{"taxonomy":"post_tag","embeddable":true,"href":"https:\/\/www.europesays.com\/it\/wp-json\/wp\/v2\/tags?post=152021"}],"curies":[{"name":"wp","href":"https:\/\/api.w.org\/{rel}","templated":true}]}}