{"id":152023,"date":"2025-10-07T22:51:13","date_gmt":"2025-10-07T22:51:13","guid":{"rendered":"https:\/\/www.europesays.com\/it\/152023\/"},"modified":"2025-10-07T22:51:13","modified_gmt":"2025-10-07T22:51:13","slug":"tre-valli-varesine-tutti-a-caccia-di-re-tadej-pogacar","status":"publish","type":"post","link":"https:\/\/www.europesays.com\/it\/152023\/","title":{"rendered":"Tre Valli Varesine, tutti a caccia di Re Tadej Pogacar"},"content":{"rendered":"<p>\t\t\t\t\t\t\t\t\t\t\t\t\t\t\t\t\t\t\t\t\t\t\t\t\t\t\t\t\t<img decoding=\"async\" loading=\"lazy\" fetchpriority=\"low\" width=\"610\" height=\"431\" src=\"https:\/\/www.europesays.com\/it\/wp-content\/uploads\/2025\/10\/caricamento-temporaneo-per-contributo-1664897776b5ofym83zoyqtka4-1340718.610x431.jpg\" alt=\"Tadej Pogacar vince la 101a Tre Valli Varesine 2022\"\/>\t\t\t\t\t\t\t\t\t\t\t\t\t\t\t\t\t\t\t<\/p>\n<p>Ha dominato il <strong>Mondiale<\/strong> in Africa, ha dominato <strong>l\u2019Europeo<\/strong> in Francia, vuole dominare \u2013 e del resto lo ha fatto nelle ultime quattro edizioni consecutive \u2013 il <strong>\u201cLombardia\u201d<\/strong> di sabato prossimo. Nel mezzo di questo personale trittico di obiettivi, <strong>Tadej Pogacar ne ha voluto mettere un quarto: la Tre Valli Varesine,<\/strong> gi\u00e0 vinta nel 2022 e tornata nel mirino del campionissimo sloveno della UAE.<\/p>\n<p>L\u2019<a href=\"https:\/\/www.varesenews.it\/2025\/10\/promessa-mantenuta-tadej-pogacar-correra-la-tre-valli-varesine\/2362996\/\" rel=\"nofollow noopener\" target=\"_blank\"><strong>annuncio della sua partecipazione<\/strong><\/a> ha smosso diversi mondi: <strong>chi corre<\/strong> ha capito di dover fare i conti con il numero uno al mondo, <strong>chi tifa<\/strong> si \u00e8 organizzato per essere sul percorso (che sia la partenza di Busto, l\u2019arrivo di Varese o un punto intermedio), <strong>chi conta<\/strong> ha intasato il centralino della \u201cBinda\u201d costretta a fare i salti mortali per concedere gli accrediti VIP. Insomma, Pogacar \u00e8 senza dubbio<strong> l\u2019uomo pi\u00f9 atteso<\/strong> per l\u2019edizione numero 104 della classica di Varese e in tanti sognano di vedergli tagliare il traguardo per primo con la <strong>maglia iridata<\/strong> addosso, un evento che non accade dai tempi di Francesco Moser nel 1978 (e prima di lui ci riusc\u00ec Eddy Merckx).<\/p>\n<p>Il fenomeno della UAE per\u00f2 avr\u00e0 gli <strong>occhi addosso anche da parte di tutti i rivali<\/strong> che non sono certo degli sprovveduti. Su Pogi potrebbe pesare un po\u2019 di <strong>stanchezza<\/strong> e un po\u2019 di <strong>spirito di conservazione<\/strong> in vista del \u201cLombardia\u201d, ed \u00e8 per questo che in molti vogliono provare a batterlo su un <strong>percorso che \u00e8 s\u00ec selettivo ma non duro<\/strong> come Mondiali ed Europei.<\/p>\n<p>GLI AVVERSARI<\/p>\n<p>Se non vestisse la stessa maglia, uno degli antagonisti principali di Pogacar sarebbe<strong> Isaac Del Toro<\/strong>: il messicano ha appena vinto ben<strong> cinque corse italiane<\/strong> ma si muover\u00e0 solo con il placet dello sloveno, e lo stesso varr\u00e0 per l\u2019enfant du pays,<strong> Alessandro Covi<\/strong>, alle ultime recite con la UAE. Al di fuori dallo squadrone emiratino ci sono diversi avversari che affilano le armi. Prendiamo per esempio squadre come la <strong>EF, la Ineos o la Red Bull:<\/strong> il team americano \u00e8 a trazione latina (<strong>Chavez, Carapaz, Cepeda<\/strong>) ma forse il suo uomo chiave sar\u00e0 Ben Healy, terzo al Mondiale. La formazione britannica schiera Arensman e Bernal mentre quella tedesca si affida a <strong>Roglic, Pellizzari e Hindley<\/strong> con Tratnik e Vlasov di rinforzo per far saltare il banco.<\/p>\n<p>Sullo stesso piano c\u2019\u00e8 la Lidl Trek con Giulio <strong>Ciccone<\/strong> affiancato da <strong>Skujins<\/strong> (gi\u00e0 vincitore a Varese), Geohegan <strong>Hart,<\/strong> Juanpe <strong>Lopez<\/strong> e <strong>Simmons,<\/strong> brillante alla Bernocchi. A questo genere di squadre si alternano quelle con una o due punte come la Bahrain <strong>(Tiberi-Stannard<\/strong> ma anche Lenny <strong>Martinez),<\/strong> la Groupama <strong>(Gaudu),<\/strong> la Cofidis <strong>(Izaguirre),<\/strong> la Picnic <strong>(Barguil)<\/strong> ma anche la Visma che porta a Varese <strong>Kuss<\/strong> e <strong>Uijtdebroeks.<\/strong><\/p>\n<p>Venendo a \u201ccasa nostra\u201d, <strong>detto di Alessandro Covi,<\/strong> troviamo al via i due cugini Filippo <strong>Turconi<\/strong> (con la VF Group) e Simone <strong>Zanini<\/strong> (Astana) mentre la Polti-Visit Malta di Ivan Basso (sul podio della Bernocchi con Lonardi) girer\u00e0 attorno al giovane talento di Davide <strong>Piganzoli<\/strong> in procinto di spiccare il volo verso il World Tour.<\/p>\n<p><a href=\"http:\/\/www.varesenews.it\/wp-content\/uploads\/2025\/10\/Start-List-104-TRE-VALLI-VARESINE.pdf\" target=\"_blank\" rel=\"noopener nofollow\"><strong>SCARICA<\/strong> la lista partenti ufficiale<\/a> (.pdf)<\/p>\n<p>IL PERCORSO<\/p>\n<p>Il <strong>cambiamento<\/strong> pi\u00f9 signficativo per la Tre Valli 2025 arriva <strong>nei due giri finali<\/strong> con l\u2019inserimento della <strong>salita delle Cinque Piante<\/strong> (Oltrona di Gavirate-Barasso) al posto dell\u2019ascesa tra Calcinate del Pesce e Casciago: <strong>strappi che possono fare male<\/strong> dopo quasi 200 chilometri di corsa. Si parte come previsto da <strong>Busto Arsizio<\/strong> alle 12.20 (presentazione squadre al Museo del Tessile) per poi <strong>dirigersi verso Varese<\/strong> attraverso Cairate, Castelseprio, Carnago, Caronno V., Morazzone, Gazzada e Buguggiate. Dalle 12.40 circa la corsa sar\u00e0 a Varese con il circuito tra via Sacco, il <strong>Montello,<\/strong> via Crispi, via Sanvito, la discesa di Casbeno e la risalita sui <strong>Ronchi<\/strong> a riproporre il tracciato Mondiale 2008. Sette i giri \u201ccorti\u201d, poi i due \u201clunghi\u201d con il Cinque Piante e l\u2019arrivo dopo 200 chilometri, dopo le 17.<\/p>\n<blockquote class=\"wp-embedded-content\" data-secret=\"aPTS4mWvUX\">\n<p><a href=\"https:\/\/www.varesenews.it\/2025\/10\/la-tre-valli-womens-race-e-gia-grande-tante-campionesse-puntano-al-trono-di-varese\/2366131\/\" rel=\"nofollow noopener\" target=\"_blank\">La Tre Valli Women\u2019s Race \u00e8 gi\u00e0 grande: tante campionesse puntano al trono di Varese<\/a><\/p>\n<\/blockquote>\n<p>TRA EUROPEO E LOMBARDIA<\/p>\n<p>Anche quest\u2019anno dunque \u2013 si torni a vedere la lista partenti \u2013 la Tre Valli Varesine \u00e8 riuscita a ritagliarsi <strong>un suo spazio importante<\/strong> in un calendario inzuppato al limite dell\u2019assurdo, con l\u2019Europeo a una settimana dal Mondiale e a sei giorni dal Lombardia. La \u201cBinda\u201d \u2013 come le consorelle Mobili Lissone e Legnanese \u2013 ha fatto i<strong> salti mortali riuscendo a saldare tante componenti<\/strong> del territorio per garantire a Varese un\u2019edizione 104 validissima e per <strong>cancellare il ricordo di un anno fa<\/strong>, quando la vittoria non fu assegnata per via della pioggia forte e dello stop imposto dai corridori (tra cui Pogacar stesso). Renzo Oldani e i suoi per\u00f2, hanno <strong>rilanciato l\u2019allarme<\/strong>: una societ\u00e0 amatoriale, qual \u00e8 quella varesina, deve tutt\u2019ora <strong>fronteggiare fondi sovrani, governi <\/strong>(pi\u00f9 o meno democratici\u2026)<strong> e multinazionali<\/strong> verso cui si \u00e8 diretto il ciclismo dell\u2019UCI moderna. Un capolavoro che permette di portare in provincia tifosi e addetti ai lavori da svariate parti del mondo garantendo un <strong>indotto<\/strong> non indifferente, \u201ccoperto\u201d da <strong>riprese TV<\/strong> rilanciate ovunque. <strong>Pensiamoci, prima di lamentarci<\/strong> per qualche disagio o un po\u2019 di code nel traffico.<\/p>\n<p>LA DIRETTA<\/p>\n<p>Le Tre Valli femminile e maschile \u2013 come gi\u00e0 la Bernocchi \u2013 saranno raccontate in <strong>diretta su VareseNews e LegnanoNews<\/strong> attraverso un liveblog gi\u00e0 attivo da alcuni giorni. Lo trovate cliccando qui sotto.<\/p>\n<blockquote class=\"wp-embedded-content\" data-secret=\"undW4VokTK\">\n<p><a href=\"https:\/\/www.varesenews.it\/2025\/10\/coppa-bernocchi-e-tre-valli-varesine-2025-le-classiche-del-ciclismo-in-diretta\/2363479\/\" rel=\"nofollow noopener\" target=\"_blank\">Coppa Bernocchi e Tre Valli Varesine 2025: le classiche del ciclismo in diretta<\/a><\/p>\n<\/blockquote>\n<p>  <a style=\"display: inline-block;\" href=\"https:\/\/www.varesenews.it\/radio-materia\/\" rel=\"nofollow noopener\" target=\"_blank\"><br \/>\n    <img decoding=\"async\" src=\"https:\/\/www.europesays.com\/it\/wp-content\/uploads\/2025\/08\/materia-banner-radio_300x175.png\" alt=\"\"\/><br \/>\n  <\/a><br \/>\n  <a style=\"display: inline-block;\" href=\"https:\/\/www.materiaspaziolibero.it\/eventi\" target=\"_blank\" rel=\"nofollow noopener\"><br \/>\n    <img decoding=\"async\" src=\"https:\/\/www.europesays.com\/it\/wp-content\/uploads\/2025\/09\/materia-banner-eventi_ottobre_300x175.png\" alt=\"\"\/><br \/>\n  <\/a><\/p>\n","protected":false},"excerpt":{"rendered":"Ha dominato il Mondiale in Africa, ha dominato l\u2019Europeo in Francia, vuole dominare \u2013 e del resto lo&hellip;\n","protected":false},"author":3,"featured_media":152024,"comment_status":"","ping_status":"","sticky":false,"template":"","format":"standard","meta":{"footnotes":""},"categories":[1456],"tags":[1824,1825,1537,90,89,245,244,5664,31771],"class_list":{"0":"post-152023","1":"post","2":"type-post","3":"status-publish","4":"format-standard","5":"has-post-thumbnail","7":"category-ciclismo","8":"tag-ciclismo","9":"tag-cycling","10":"tag-it","11":"tag-italia","12":"tag-italy","13":"tag-sport","14":"tag-sports","15":"tag-tre-valli-varesine","16":"tag-tre-valli-varesine-2025"},"share_on_mastodon":{"url":"","error":""},"_links":{"self":[{"href":"https:\/\/www.europesays.com\/it\/wp-json\/wp\/v2\/posts\/152023","targetHints":{"allow":["GET"]}}],"collection":[{"href":"https:\/\/www.europesays.com\/it\/wp-json\/wp\/v2\/posts"}],"about":[{"href":"https:\/\/www.europesays.com\/it\/wp-json\/wp\/v2\/types\/post"}],"author":[{"embeddable":true,"href":"https:\/\/www.europesays.com\/it\/wp-json\/wp\/v2\/users\/3"}],"replies":[{"embeddable":true,"href":"https:\/\/www.europesays.com\/it\/wp-json\/wp\/v2\/comments?post=152023"}],"version-history":[{"count":0,"href":"https:\/\/www.europesays.com\/it\/wp-json\/wp\/v2\/posts\/152023\/revisions"}],"wp:featuredmedia":[{"embeddable":true,"href":"https:\/\/www.europesays.com\/it\/wp-json\/wp\/v2\/media\/152024"}],"wp:attachment":[{"href":"https:\/\/www.europesays.com\/it\/wp-json\/wp\/v2\/media?parent=152023"}],"wp:term":[{"taxonomy":"category","embeddable":true,"href":"https:\/\/www.europesays.com\/it\/wp-json\/wp\/v2\/categories?post=152023"},{"taxonomy":"post_tag","embeddable":true,"href":"https:\/\/www.europesays.com\/it\/wp-json\/wp\/v2\/tags?post=152023"}],"curies":[{"name":"wp","href":"https:\/\/api.w.org\/{rel}","templated":true}]}}