{"id":152042,"date":"2025-10-07T23:04:11","date_gmt":"2025-10-07T23:04:11","guid":{"rendered":"https:\/\/www.europesays.com\/it\/152042\/"},"modified":"2025-10-07T23:04:11","modified_gmt":"2025-10-07T23:04:11","slug":"fedez-dice-addio-ai-social-il-cambio-di-vita-drastico-ora-parlero-solo-con-la-mia-musica-e-le-mie-produzioni-creative","status":"publish","type":"post","link":"https:\/\/www.europesays.com\/it\/152042\/","title":{"rendered":"Fedez dice addio ai social, il cambio di vita drastico: \u00abOra parler\u00f2 solo con la mia musica e le mie produzioni creative\u00bb"},"content":{"rendered":"<p>Ecco cosa ha scritto il rapper sul suo canale Instagram<\/p>\n<p><a href=\"https:\/\/www.open.online\/temi\/fedez\/\" rel=\"nofollow noopener\" target=\"_blank\">Fedez<\/a> si prende una pausa dai riflettori e dai social. Il rapper, da tempo al centro dell\u2019attenzione mediatica, ha annunciato il suo <strong>ritiro dai social<\/strong>, scegliendo di comunicare solo attraverso la musica e i propri progetti creativi. Ad annunciarlo \u00e8 lui stesso. Un cambio radicale per l\u2019artista che un tempo era abituato a  condivideva quasi ogni dettaglio della propria vita quotidiana. Ma gi\u00e0 negli ultimi mesi, Fedez era comparso solo sporadicamente nelle storie Instagram, condividendo estratti del suo podcast Pulp, realizzato insieme a Mr. Marra.<\/p>\n<p>L\u2019annuncio di Fedez<\/p>\n<p>Ora, il rapper ha deciso di rompere il silenzio con un messaggio sul suo canale Instagram, rilanciato anche dall\u2019esperta di gossip Deianira Marzano: \u00abCome vedete ho deciso di parlare solo tramite la musica e le mie produzioni creative (podcast). Questo sar\u00e0 il mio unico modo di comunicare d\u2019ora in avanti. Semplicemente perch\u00e9 \u00e8 cos\u00ec che riesco ad esprimermi meglio. Un abbraccio a tutti voi\u00bb, ha scritto il cantante. Le motivazioni dietro questa scelta non sono state spiegate, ma appare chiaro il desiderio di Fedez di voler tornare a far parlare di s\u00e9 solo per i suoi progetti professionali.<\/p>\n<p><img loading=\"lazy\" decoding=\"async\" width=\"533\" height=\"768\" src=\"https:\/\/www.europesays.com\/it\/wp-content\/uploads\/2025\/10\/Schermata-2025-10-07-alle-19.40.28-533x768.png\" alt=\"\" class=\"wp-image-2031011\" style=\"width:533px;height:auto\"\/>Annuncio di Fedez dal suo canale Instagram<\/p>\n","protected":false},"excerpt":{"rendered":"Ecco cosa ha scritto il rapper sul suo canale Instagram Fedez si prende una pausa dai riflettori e&hellip;\n","protected":false},"author":3,"featured_media":5168,"comment_status":"","ping_status":"","sticky":false,"template":"","format":"standard","meta":{"footnotes":""},"categories":[174],"tags":[203,204,1537,90,89],"class_list":{"0":"post-152042","1":"post","2":"type-post","3":"status-publish","4":"format-standard","5":"has-post-thumbnail","7":"category-intrattenimento","8":"tag-entertainment","9":"tag-intrattenimento","10":"tag-it","11":"tag-italia","12":"tag-italy"},"share_on_mastodon":{"url":"","error":""},"_links":{"self":[{"href":"https:\/\/www.europesays.com\/it\/wp-json\/wp\/v2\/posts\/152042","targetHints":{"allow":["GET"]}}],"collection":[{"href":"https:\/\/www.europesays.com\/it\/wp-json\/wp\/v2\/posts"}],"about":[{"href":"https:\/\/www.europesays.com\/it\/wp-json\/wp\/v2\/types\/post"}],"author":[{"embeddable":true,"href":"https:\/\/www.europesays.com\/it\/wp-json\/wp\/v2\/users\/3"}],"replies":[{"embeddable":true,"href":"https:\/\/www.europesays.com\/it\/wp-json\/wp\/v2\/comments?post=152042"}],"version-history":[{"count":0,"href":"https:\/\/www.europesays.com\/it\/wp-json\/wp\/v2\/posts\/152042\/revisions"}],"wp:featuredmedia":[{"embeddable":true,"href":"https:\/\/www.europesays.com\/it\/wp-json\/wp\/v2\/media\/5168"}],"wp:attachment":[{"href":"https:\/\/www.europesays.com\/it\/wp-json\/wp\/v2\/media?parent=152042"}],"wp:term":[{"taxonomy":"category","embeddable":true,"href":"https:\/\/www.europesays.com\/it\/wp-json\/wp\/v2\/categories?post=152042"},{"taxonomy":"post_tag","embeddable":true,"href":"https:\/\/www.europesays.com\/it\/wp-json\/wp\/v2\/tags?post=152042"}],"curies":[{"name":"wp","href":"https:\/\/api.w.org\/{rel}","templated":true}]}}