{"id":152051,"date":"2025-10-07T23:09:10","date_gmt":"2025-10-07T23:09:10","guid":{"rendered":"https:\/\/www.europesays.com\/it\/152051\/"},"modified":"2025-10-07T23:09:10","modified_gmt":"2025-10-07T23:09:10","slug":"trump-a-gaza-reale-possibilita-di-pace-ma-hamas-vuole-il-ritiro-completo-di-israele","status":"publish","type":"post","link":"https:\/\/www.europesays.com\/it\/152051\/","title":{"rendered":"Trump: \u00abA Gaza reale possibilit\u00e0 di pace, ma Hamas vuole il ritiro completo di Israele\u00bb"},"content":{"rendered":"<p>    di<br \/>\n    Davide Frattini<\/p>\n<p class=\"summary-art is-line-h-12\">Le indiscrezioni: il 7 ottobre celebrato dai  jihadisti: risposta<br \/>\nal tentativo di sradicare la causa palestinese. Cauto ottimismo. Fonti egiziane sperano di poter finalizzare<br \/>\nla prima parte del patto entro venerd\u00ec<\/p>\n<p class=\"chapter-paragraph\">DAL NOSTRO CORRISPONDENTE\u00a0<br \/>GERUSALEMME &#8211;<\/p>\n<p>Nel giorno pi\u00f9 triste che ricorda il giorno pi\u00f9 nero Benjamin <b>Netanyahu riesce a dimenticarsi il numero degli ostaggi ancora tenuti a Gaza<\/b>. Prima dice 40, poi si corregge a 46, sempre sbagliato: <b>sono 48 di cui oltre la met\u00e0 morta. <\/b>A due anni dai massacri del <a href=\"https:\/\/video.corriere.it\/esteri\/la-fuga-degli-israeliani-dal-festival-nel-deserto-le-immagini-dell-attacco-terroristico-di-hamas-del-7-ottobre-2023\/b915d943-23a5-48ff-afa2-788631836xlk\" target=\"_blank\" rel=\"nofollow noopener\">7 ottobre <\/a>il premier israeliano ha scelto di rilasciare un\u2019intervista in campo amico all\u2019opinionista ultraconservatore <b>Ben Shapiro. Con un americano che la pensa come lui<\/b> pu\u00f2 sorvolare sulla tragedia del 2023, per cui non si \u00e8 mai preso la responsabilit\u00e0, e <b>concentrarsi sul rapporto con Donald Trump<\/b>, sulle minacce iraniane agli Stati Uniti, su come in questi 24 mesi Israele abbia cambiato il Medio Oriente.<\/p>\n<p class=\"chapter-paragraph\">Continua il suo lavorio per riscrivere la Storia, gli servir\u00e0 in campagna elettorale: il governo di estrema destra avrebbe addirittura presentato una petizione perch\u00e9 il 7 ottobre <b>non possa essere indicato come data da commemorare<\/b> nei calendari digitali. Eppure \u00e8 successo: <b>1.200 israeliani e stranieri<\/b> ammazzati all\u2019alba nelle loro case dai terroristi di Hamas, la guerra permanente nella Striscia di Gaza dove i palestinesi uccisi sono oltre 67 mila. Ancora in queste ore mentre i suoi emissari sono <a href=\"https:\/\/www.corriere.it\/esteri\/25_ottobre_06\/negoziati-a-sharm-el-sheikh-82864f30-7bd7-44e0-94d4-c2ca0dd57xlk.shtml\" target=\"_blank\" rel=\"nofollow noopener\">a Sharm el Sheikh<\/a>, sulla costa del Mar Rosso, per negoziare come fermare questi 732 giorni di conflitto, Bibi dice a Shapiro \u00abche <b>la guerra \u00e8 vicina alla fine,<\/b> ma non \u00e8 detto\u00bb.    &#13;<br \/>\n&#13;<br \/>\n&#13;<br \/>\n&#13;<br \/>\n&#13;<br \/>\n&#13;<br \/>\n&#13;<br \/>\n&#13;<br \/>\n&#13;<br \/>\n&#13;<br \/>\n&#13;<br \/>\n&#13;<br \/>\n&#13;<br \/>\n&#13;<br \/>\n&#13;<br \/>\n&#13;<br \/>\n&#13;<br \/>\n&#13;<br \/>\n&#13;<br \/>\n&#13;<br \/>\n&#13;<br \/>\n&#13;<br \/>\n&#13;<br \/>\n&#13;<br \/>\n&#13;<br \/>\n&#13;<br \/>\n&#13;<br \/>\n&#13;<br \/>\n&#13;<br \/>\n&#13;<br \/>\n&#13;<br \/>\n&#13;<br \/>\n&#13;<br \/>\n&#13;<br \/>\n&#13;<br \/>\n&#13;<br \/>\n&#13;<br \/>\n&#13;<br \/>\n&#13;<br \/>\n&#13;<br \/>\n&#13;<br \/>\n&#13;<br \/>\n&#13;<br \/>\n&#13;<br \/>\n&#13;<br \/>\n&#13;<br \/>\n&#13;<br \/>\n&#13;<br \/>\n&#13;<br \/>\n&#13;<br \/>\n&#13;<br \/>\n&#13;<br \/>\n&#13;\n<\/p>\n<p class=\"chapter-paragraph\">I mediatori arabi \u2014 egiziani e del Qatar \u2014 temono la sua riluttanza ad accettare la tregua permanente, osteggiata dai ministri fanatici e messianici nella sua coalizione. Netanyahu \u00e8 consapevole per\u00f2 <b>di dover accontentare l\u2019amico Donald Trump<\/b> che conta in una svolta a breve nelle trattative, ieri ha ringraziato i famigliari dei sequestrati ancora prigionieri per averlo candidato al Nobel per la Pace e li ha rassicurati: <b>\u00abSono determinato a portarli a casa\u00bb.\u00a0<\/b><\/p>\n<p class=\"chapter-paragraph\">Da oggi agli incontri in Egitto partecipano il genero <b>Jared Kushner e Steve Witkoff<\/b>, l\u2019inviato del presidente. Sono loro che dovranno spingere Hamas e gli israeliani a implementare <b><a href=\"https:\/\/www.corriere.it\/esteri\/25_ottobre_04\/dalla-transizione-al-nodo-del-ritiro-ecco-le-questioni-centrali-del-piano-per-gaza-5c685ba9-a8c7-4fb0-be87-467818999xlk.shtml\" target=\"_blank\" rel=\"nofollow noopener\">il piano in 20 punti<\/a><\/b> presentato dalla Casa Bianca. Implementare \u00e8 il verbo chiave come fa notare il portavoce del ministero degli Esteri del Qatar: \u00abSu molti dettagli resta da trovare un accordo e le parti devono dimostrare di voler realizzare tutti gli elementi dell\u2019intesa\u00bb. Trump ribadisce: \u00abC\u2019\u00e8 una reale possibilit\u00e0 di pace per Gaza\u00bb. Fonti egiziane sperano di poter finalizzare la prima parte del patto entro venerd\u00ec.<\/p>\n<p class=\"chapter-paragraph\">I capi di Hamas <b>hanno celebrato il 7 ottobre<\/b> con il lancio di un razzo sul Sud di Israele e con le parole di Fawzi Barhoum, uno dei leader: \u00abGli attacchi sono stati una risposta storica ai tentativi di sradicare la causa palestinese\u00bb. I fondamentalisti smentiscono \u2014 come invece riportava l\u2019emittente Sky News Arabia \u2014 di essere pronti a disarmarsi. <b>Di sicuro non vogliono Tony Blair,<\/b> l\u2019ex premier britannico e gi\u00e0 inviato del Quartetto per il Medio Oriente, alla guida del governo tecnico che dovrebbe amministrare la ricostruzione dei 363 chilometri quadrati devastati dalle bombe.<\/p>\n<p class=\"chapter-paragraph\">Ripetono di volere <b>un ritiro completo dell\u2019esercito israeliano<\/b> prima del rilascio degli ultimi ostaggi e la garanzia che le operazioni militari non riprendano. Non \u00e8 la sequenza di passaggi prevista dal piano Trump (indica la liberazione dei sequestrati entro 72 ore dall\u2019accordo) e sulla mappa diffusa da Netanyahu le truppe manterrebbero, almeno nella prima fase,<b> il controllo sul 70 per cento della Striscia.<\/b> La delegazione di Hamas avrebbe anche presentato la lista dei detenuti da scarcerare, tra loro <a href=\"https:\/\/www.corriere.it\/esteri\/24_febbraio_03\/marwan-barghouti-l-ergastolano-che-potrebbe-diventare-presidente-427c08e4-c2ce-11ee-97f1-40ebc5b696dc.shtml\" target=\"_blank\" rel=\"nofollow noopener\">Marwan Barghouti <\/a>e Ahmad Saadat, due dei leader pi\u00f9 importanti della seconda intifada, condannati a ergastoli plurimi o a lunghe sentenze. Barghouti \u00e8 considerato dai palestinesi<b> il simbolo della resistenza <\/b>e i diplomatici internazionali, compreso qualche politico israeliano, sono convinti che possa essere il successore del presidente Abu Mazen.<\/p>\n<p class=\"is-last-update\" datetime=\"2025-10-07T22:59:34+02:00\">7 ottobre 2025 ( modifica il 7 ottobre 2025 | 22:59)<\/p>\n<p class=\"is-copyright\">\n            \u00a9 RIPRODUZIONE RISERVATA\n        <\/p>\n","protected":false},"excerpt":{"rendered":"di Davide Frattini Le indiscrezioni: il 7 ottobre celebrato dai jihadisti: risposta al tentativo di sradicare la causa&hellip;\n","protected":false},"author":3,"featured_media":152052,"comment_status":"","ping_status":"","sticky":false,"template":"","format":"standard","meta":{"footnotes":""},"categories":[6],"tags":[579,4008,47749,1048,94084,43970,3759,14,1113,206,94085,94086,94087,3882,19827,94088,94089,94090,827,94091,94092,73,77,75,8,65886,4552,72,281,760,1537,90,89,381,6410,7673,890,7,15,82,9,83,10,10139,813,893,402,785,771,7987,3036,13,379,11,80,84,12,81,85],"class_list":{"0":"post-152051","1":"post","2":"type-post","3":"status-publish","4":"format-standard","5":"has-post-thumbnail","7":"category-ultime-notizie","8":"tag-accordo","9":"tag-amico","10":"tag-barghouti","11":"tag-causa","12":"tag-causa-palestinese","13":"tag-celebrato","14":"tag-completo","15":"tag-cronaca","16":"tag-donald","17":"tag-donald-trump","18":"tag-egiziane","19":"tag-egiziane-sperano","20":"tag-egiziane-sperano-poter","21":"tag-entro","22":"tag-entro-venerdi","23":"tag-finalizzare","24":"tag-finalizzare-patto","25":"tag-finalizzare-patto-entro","26":"tag-fonti","27":"tag-fonti-egiziane","28":"tag-fonti-egiziane-sperano","29":"tag-gaza","30":"tag-guerra","31":"tag-hamas","32":"tag-headlines","33":"tag-implementare","34":"tag-inviato","35":"tag-israele","36":"tag-israeliani","37":"tag-israeliano","38":"tag-it","39":"tag-italia","40":"tag-italy","41":"tag-leader","42":"tag-medio","43":"tag-medio-oriente","44":"tag-netanyahu","45":"tag-news","46":"tag-notizie","47":"tag-notizie-di-cronaca","48":"tag-notizie-principali","49":"tag-notiziedicronaca","50":"tag-notizieprincipali","51":"tag-oriente","52":"tag-ostaggi","53":"tag-ottobre","54":"tag-pace","55":"tag-palestinese","56":"tag-palestinesi","57":"tag-patto","58":"tag-presentato","59":"tag-titoli","60":"tag-trump","61":"tag-ultime-notizie","62":"tag-ultime-notizie-di-cronaca","63":"tag-ultime-notizie-e-news-di-oggi","64":"tag-ultimenotizie","65":"tag-ultimenotiziedicronaca","66":"tag-ultimenotizieenewsdioggi"},"share_on_mastodon":{"url":"","error":""},"_links":{"self":[{"href":"https:\/\/www.europesays.com\/it\/wp-json\/wp\/v2\/posts\/152051","targetHints":{"allow":["GET"]}}],"collection":[{"href":"https:\/\/www.europesays.com\/it\/wp-json\/wp\/v2\/posts"}],"about":[{"href":"https:\/\/www.europesays.com\/it\/wp-json\/wp\/v2\/types\/post"}],"author":[{"embeddable":true,"href":"https:\/\/www.europesays.com\/it\/wp-json\/wp\/v2\/users\/3"}],"replies":[{"embeddable":true,"href":"https:\/\/www.europesays.com\/it\/wp-json\/wp\/v2\/comments?post=152051"}],"version-history":[{"count":0,"href":"https:\/\/www.europesays.com\/it\/wp-json\/wp\/v2\/posts\/152051\/revisions"}],"wp:featuredmedia":[{"embeddable":true,"href":"https:\/\/www.europesays.com\/it\/wp-json\/wp\/v2\/media\/152052"}],"wp:attachment":[{"href":"https:\/\/www.europesays.com\/it\/wp-json\/wp\/v2\/media?parent=152051"}],"wp:term":[{"taxonomy":"category","embeddable":true,"href":"https:\/\/www.europesays.com\/it\/wp-json\/wp\/v2\/categories?post=152051"},{"taxonomy":"post_tag","embeddable":true,"href":"https:\/\/www.europesays.com\/it\/wp-json\/wp\/v2\/tags?post=152051"}],"curies":[{"name":"wp","href":"https:\/\/api.w.org\/{rel}","templated":true}]}}