{"id":152061,"date":"2025-10-07T23:17:09","date_gmt":"2025-10-07T23:17:09","guid":{"rendered":"https:\/\/www.europesays.com\/it\/152061\/"},"modified":"2025-10-07T23:17:09","modified_gmt":"2025-10-07T23:17:09","slug":"tennis-latp-e-le-regole-contro-il-caldo","status":"publish","type":"post","link":"https:\/\/www.europesays.com\/it\/152061\/","title":{"rendered":"Tennis, l&#8217;Atp e le regole contro il caldo"},"content":{"rendered":"<p>                                Il regolamento ora prevede che a decidere sia il supervisore, ma sarebbe in arrivo la &#8220;heat rule&#8221; una regola ufficiale sul caldo<\/p>\n<p class=\"paragraph\" spellcheck=\"true\">L&#8217;Atp corre ai ripari. <a href=\"https:\/\/www.gazzetta.it\/Tennis\/ATP\/05-10-2025\/sinner-infortunio-come-sta-e-quando-rientra.shtml?intcmp=hyperlink-articolo-gazit\" rel=\"nofollow noopener\" target=\"_blank\">Non solo Sinner, sono stati troppi i giocatori costretti al ritiro al Masters<\/a> 1000 in corso a Shanghai, da Casper Ruud a Tomas Machac, e poi, David Goffin, Terence Atmane, Hamad Medjedovic, Wu Yibing. Costretti a fermarsi per le condizioni estreme: oltre 30 gradi di temperatura, picchi di umidit\u00e0 superiori al 90%. Conati di vomito, disidratazione, crampi: le diagnosi, nei primi turni, hanno avuto pi\u00f9 risalto delle statistiche. E ora l&#8217;Atp sta lavorando su una soluzione.<\/p>\n<p>    la reazione\u2014 \u00a0<\/p>\n<p class=\"paragraph is-inline\" spellcheck=\"true\">All&#8217;esame c&#8217;\u00e8 una nuova regola &#8211; la &#8220;heat rule&#8221; &#8211; innovazione di cui gi\u00e0 si era iniziato a parlare lo scorso agosto quando a Cincinnati il francese Arthur Rinderknech collass\u00f2 in campo lasciando strada al suo rivale, il canadese Felix Auger-Aliassime. Secondo il regolamento Atp, le decisioni sulla sospensione del gioco a causa di condizioni meteorologiche avverse, incluso il caldo estremo, spettano a un supervisore Atp in loco, che si coordina con i team medici presenti sul campo e con le autorit\u00e0 locali. &#8220;Parallelamente, il team dei Servizi Medici Atp implementa diverse misure in caso di caldo estremo, per contribuire a proteggere la salute dei giocatori durante la competizione&#8221;. L&#8217;Atp ha confermato di essere disponibile a modifiche: &#8220;La situazione \u00e8 ancora in fase di revisione e ulteriori misure, tra cui l&#8217;implementazione di una politica ufficiale sul caldo, sono attualmente in fase di valutazione, in consultazione con giocatori, tornei ed esperti medici&#8221;, ha aggiunto.<\/p>\n","protected":false},"excerpt":{"rendered":"Il regolamento ora prevede che a decidere sia il supervisore, ma sarebbe in arrivo la &#8220;heat rule&#8221; una&hellip;\n","protected":false},"author":3,"featured_media":152062,"comment_status":"","ping_status":"","sticky":false,"template":"","format":"standard","meta":{"footnotes":""},"categories":[1457],"tags":[7919,1534,49302,921,3858,12681,9197,313,3412,94094,94095,1537,90,89,1222,2505,14203,13593,1437,245,244,94096,3339,1273,409],"class_list":{"0":"post-152061","1":"post","2":"type-post","3":"status-publish","4":"format-standard","5":"has-post-thumbnail","7":"category-tennis","8":"tag-atp","9":"tag-caldo","10":"tag-caldo-estremo","11":"tag-campo","12":"tag-condizioni","13":"tag-costretti","14":"tag-estremo","15":"tag-fase","16":"tag-giocatori","17":"tag-heat","18":"tag-heat-rule","19":"tag-it","20":"tag-italia","21":"tag-italy","22":"tag-medici","23":"tag-misure","24":"tag-regola","25":"tag-regolamento","26":"tag-rule","27":"tag-sport","28":"tag-sports","29":"tag-supervisore","30":"tag-team","31":"tag-tennis","32":"tag-ufficiale"},"share_on_mastodon":{"url":"","error":""},"_links":{"self":[{"href":"https:\/\/www.europesays.com\/it\/wp-json\/wp\/v2\/posts\/152061","targetHints":{"allow":["GET"]}}],"collection":[{"href":"https:\/\/www.europesays.com\/it\/wp-json\/wp\/v2\/posts"}],"about":[{"href":"https:\/\/www.europesays.com\/it\/wp-json\/wp\/v2\/types\/post"}],"author":[{"embeddable":true,"href":"https:\/\/www.europesays.com\/it\/wp-json\/wp\/v2\/users\/3"}],"replies":[{"embeddable":true,"href":"https:\/\/www.europesays.com\/it\/wp-json\/wp\/v2\/comments?post=152061"}],"version-history":[{"count":0,"href":"https:\/\/www.europesays.com\/it\/wp-json\/wp\/v2\/posts\/152061\/revisions"}],"wp:featuredmedia":[{"embeddable":true,"href":"https:\/\/www.europesays.com\/it\/wp-json\/wp\/v2\/media\/152062"}],"wp:attachment":[{"href":"https:\/\/www.europesays.com\/it\/wp-json\/wp\/v2\/media?parent=152061"}],"wp:term":[{"taxonomy":"category","embeddable":true,"href":"https:\/\/www.europesays.com\/it\/wp-json\/wp\/v2\/categories?post=152061"},{"taxonomy":"post_tag","embeddable":true,"href":"https:\/\/www.europesays.com\/it\/wp-json\/wp\/v2\/tags?post=152061"}],"curies":[{"name":"wp","href":"https:\/\/api.w.org\/{rel}","templated":true}]}}