{"id":152077,"date":"2025-10-07T23:27:14","date_gmt":"2025-10-07T23:27:14","guid":{"rendered":"https:\/\/www.europesays.com\/it\/152077\/"},"modified":"2025-10-07T23:27:14","modified_gmt":"2025-10-07T23:27:14","slug":"anime-lattine-si-separano-i-coma_cose-fine-di-una-favola-pop","status":"publish","type":"post","link":"https:\/\/www.europesays.com\/it\/152077\/","title":{"rendered":"Anime lattine: si separano i Coma_Cose, fine di una favola pop"},"content":{"rendered":"<p>Per il mondo della musica e, perch\u00e8 no, del costume \u00e8 <strong>finita una favola<\/strong>: quella dei <strong>Coma_Cose<\/strong>, il duo pop formato da <strong>Fausto Zanardelli<\/strong> (Lama) e<strong> Francesca Mesiano<\/strong> (California). Due cantanti,<strong> tra pop e rap<\/strong>, tra indie e mainstream e tra vita privata e arte.<\/p>\n<p>Gi\u00e0 perch\u00e9 i Coma_Cose sono stati <strong>un&#8217;affiatatissima coppia anche nella vita<\/strong>\u00a0e, in qualche modo, la loro parabola musicale \u00e8 corsa parallela al loro legame, tanto da generare dei puntuali rimandi; come quando annunciarono il loro matrimonio a latere del festival di Sanremo del 2023, presentando la canzone <strong>&#8220;L&#8217;addio&#8221;.<br \/><\/strong><\/p>\n<p>Dei <strong>Coma_Cose<\/strong>\u00a0Culture Club 51 ha avuto l&#8217;opportunit\u00e0 di seguire tutta la parabola fin dal principio, Fin da quella mitica 2\u00aa edizione del festival <strong>Artico di Bra<\/strong> dove il duo, reduce dall&#8217;Ep &#8220;Inverno Ticinese&#8221; aveva presentato alcuni brani contenuti anche nel successivo Ep &#8220;Fondamenta&#8221;. Il primo album &#8220;<strong>Hype Aura&#8221;<\/strong> era ancora di l\u00e0 da venire.<\/p>\n<p>Allora i Coma_Cose erano uno dei <strong>nomi emergenti nello scenario indie,<\/strong> proponevano un curioso <strong>pop elettronico<\/strong>, che strizzava l&#8217;occhio all&#8217;hip hop, ma con una forte influenza del <strong>cantautorato<\/strong> di quei tempi.<\/p>\n<p>I loro pezzi spaziavano tra il racconto degli scenari suburbani di Milano, un certo gusto per tratteggio surreale e i calembour, un citazionismo nobile, da Lucio Battisti (Anima Lattina) a Francesco De Gregori (&#8220;dolce venere di Rimmel&#8221; in &#8220;Pakistan&#8221;).<\/p>\n<p>Gli <strong>arrangiamenti<\/strong>, trattati con un certo gusto per il<strong> sound elettronico<\/strong> retr\u00f2, si <strong>compongono di campionamenti e vocalizzi,<\/strong> usati in funzione ritmica.<\/p>\n<p>I giochi di parole, in quel momento, erano uno stilema piuttosto frequentato nella scena: ne \u00e8 un esempio la scrittura dei <strong>Pinguini Tattici Nucleari,<\/strong> che in quegli anni si dibattevano anche loro tra i concerti del circuito indipendente (&#8220;Irene&#8221; \u00e8 del 2017 e anche loro si videro nelle nostre zone nel 2018: erano nella line up del &#8220;Balla coi cinghiali&#8221; di Vinadio, reduci da &#8220;Giovent\u00f9 Brucata&#8221;).<\/p>\n<p>Ancora, la canzone vincitrice di Sanremo 2017 era stata <strong>&#8220;Occidentali&#8217;s karma&#8221;<\/strong> <strong>di Francesco Gabbani,\u00a0<\/strong>anche questo pezzo ironico, che si divertiva a fare giocoleria tra l&#8217;alto e il basso, tra l&#8217;accademia e il costume. Insomma, in qualche modo c&#8217;era la voglia di giocare con i riferimenti alti con ironia, come nel Franco Battiato pi\u00f9 celebre, ma anche quello di fare leva su un retroterra generazionale.\u00a0<\/p>\n<p>Sul palco di Bra, ad Artico, con le basi e un batterista dal vivo <strong>Lama e California<\/strong> proposero un set con una decina di pezzi, i primi: il set fu accolto con <strong>calore dal pubblico<\/strong>, che<strong> invase il palco<\/strong> sulla finale &#8220;Post Concerto&#8221;, per danzare con gli artisti. La prima volta che accadeva, come ci raccontarono loro, raggianti, nel backstage. C&#8217;erano <strong>&#8220;belle vibes&#8221;<\/strong> quella sera a Bra, forse la sensazione che, dopo tanta gavetta, le cose iniziassero a girare per il verso giusto.<\/p>\n<p><img loading=\"lazy\" decoding=\"async\" src=\"https:\/\/www.europesays.com\/it\/wp-content\/uploads\/2025\/10\/Coma_Cose_RadioBruno_Festival_di_Sanremo_2023-1759857394585.jpg\" alt=\"\" width=\"1050\" height=\"560\"\/><\/p>\n<p>Con l&#8217;approdo al mainstream il progetto ha poi dovuto trovare una nuova declinazione, orientandosi verso una narrazione meno generale maggiormente orientata a una narrazione di storie.<\/p>\n<p>\u00c8 cominciata cos\u00ec un&#8217;adesione sempre pi\u00f9 forte tra il progetto musicale e la <strong>storia personale<\/strong> dei due musicisti, compagni anche nella vita. Dal 2016, anno di fondazione del progetto,\u00a0i <strong>Coma_Cose<\/strong> hanno firmato<strong> quattro album.<\/strong><\/p>\n<p>Per tre volte, la partecipazione al festival di Sanremo ha in qualche modo, oltre a presentare la nuova produzione, marcato una direzione sempre pi\u00f9 pop nel progetto. Nel 2021 &#8220;<strong>Nostralgia<\/strong>&#8221; portava in dote <strong>&#8220;Fiamme negli occhi<\/strong>&#8220;, con cui si presentarono al grande pubblico italiano e fin da subito conquistarono anche con i loro personaggi e la loro storia d&#8217;amore.<\/p>\n<p>Nel 2023 &#8220;<strong>L&#8217;addio<\/strong>&#8221; si aggiunse al terzo album in studio, pubblicato l&#8217;anno prima &#8220;Un meraviglioso modo di salvarsi&#8221;, raccontando la storia di una crisi superata. <\/p>\n<p>Infine, i &#8220;<strong>Cuoricini<\/strong>&#8221; del Festival 2025 forse non hanno centrato un risultato clamoroso nella classifica sanremese (la canzone si \u00e8 piazzata al decimo posto) ma ha sicuramente fatto breccia in radio, diventando un tormentone che ha imperversato nel corso della primavera e dell&#8217;estate.\u00a0Ha sorpreso per\u00f2 la virata verso un sound decisamente nostalgico-discotecaro, quasi da &#8220;<strong>Ricchi e Poveri della Gen Z&#8221;<\/strong> (riutilizzo la definizione perfetta di <a href=\"https:\/\/www.giornaledellamusica.it\/articoli\/le-pagelle-di-sanremo-2025-tutte-le-canzoni\" rel=\"nofollow noopener\" target=\"_blank\">Jacopo Tomatis, penna de &#8220;Il giornale della musica&#8221;<\/a>).\u00a0\u00a0<\/p>\n<p>Con il trascorrere degli album si avvertiva una certa <strong>difficolt\u00e0 a trovare una nuova rotta per il progetto,<\/strong> forse per la complessit\u00e0 di rinnovarsi senza snaturare un sound e dei testi cos\u00ec legati alla sfera indie. La scelta di rivolgere su s\u00e8 stessi buona parte del racconto deve aver inoltre un po&#8217; saturato la scrittura, soprattutto con lo stress della vita di palco che, per loro stessa ammissione, <strong>li ha poi logorati.<\/strong><\/p>\n<blockquote class=\"instagram-media\" data-instgrm-captioned=\"\" data-instgrm-permalink=\"https:\/\/www.instagram.com\/reel\/DPeNg7rDAjL\/?utm_source=ig_embed&amp;utm_campaign=loading\" data-instgrm-version=\"14\" style=\"background: #FFF; border: 0; border-radius: 3px; box-shadow: 0 0 1px 0 rgba(0,0,0,0.5),0 1px 10px 0 rgba(0,0,0,0.15); margin: 1px; max-width: 540px; min-width: 326px; padding: 0; width: calc(100% - 2px);\"><p>&#13;<br \/>\n&#13;\n<\/p><\/blockquote>\n<p>Dopo il matrimonio nel 2024, a un solo anno di distanza, la <strong>separazione<\/strong>. Oltre al sodalizio umano si conclude un&#8217;esperienza musicale significativa: \u00e8 presto per dire quanto abbiano davvero inciso e cosa rester\u00e0 dei Coma_cose.<\/p>\n<p>Sicuramente la loro \u00e8 stata una <strong>traiettoria anomala<\/strong> nel panorama musicale italiano.<\/p>\n<p><strong>Chi li ha amati li ha amati davvero,<\/strong> ed ha trovato in loro dei cantori che hanno saputo intercettare, pi\u00f9 di ogni altro autore pop, l&#8217;anomala vibrazione di tanti <strong>cuori inquieti,<\/strong> con la capacit\u00e0 di andare oltre la retorica del pop d&#8217;alta classifica e raccontare la propria storia, pi\u00f9 che le storie degli altri.<\/p>\n<p>Forse proprio per questo la loro autenticit\u00e0 ha colpito, e forse proprio in questo hanno trovato il limite pi\u00f9 grande.\u00a0<\/p>\n<p>    <a href=\"https:\/\/unionemonregalese.it\/news\/abbonati\/8625\/artico-1-tra-cantautorato-ed-elettronica.html\" class=\"vc_cont_image\" rel=\"nofollow noopener\" target=\"_blank\"><img decoding=\"async\" class=\"vc_image\" src=\"https:\/\/unionemonregalese.it\/resizer\/150\/-1\/true\/2025_10_07\/36034640_1816683625082649_2828576705646428160_n-1759857190726.jpg--artico_1_tra_cantautorato_ed_elettronica_jpg.jpg?1759857191547\"\/><\/a><\/p>\n<p><script async src=\"\/\/www.instagram.com\/embed.js\"><\/script><\/p>\n","protected":false},"excerpt":{"rendered":"Per il mondo della musica e, perch\u00e8 no, del costume \u00e8 finita una favola: quella dei Coma_Cose, il&hellip;\n","protected":false},"author":3,"featured_media":152078,"comment_status":"","ping_status":"","sticky":false,"template":"","format":"standard","meta":{"footnotes":""},"categories":[1443],"tags":[14818,2058,60563,203,204,1537,90,89,1538,1539],"class_list":{"0":"post-152077","1":"post","2":"type-post","3":"status-publish","4":"format-standard","5":"has-post-thumbnail","7":"category-musica","8":"tag-artico","9":"tag-bra","10":"tag-coma_cose","11":"tag-entertainment","12":"tag-intrattenimento","13":"tag-it","14":"tag-italia","15":"tag-italy","16":"tag-music","17":"tag-musica"},"share_on_mastodon":{"url":"","error":""},"_links":{"self":[{"href":"https:\/\/www.europesays.com\/it\/wp-json\/wp\/v2\/posts\/152077","targetHints":{"allow":["GET"]}}],"collection":[{"href":"https:\/\/www.europesays.com\/it\/wp-json\/wp\/v2\/posts"}],"about":[{"href":"https:\/\/www.europesays.com\/it\/wp-json\/wp\/v2\/types\/post"}],"author":[{"embeddable":true,"href":"https:\/\/www.europesays.com\/it\/wp-json\/wp\/v2\/users\/3"}],"replies":[{"embeddable":true,"href":"https:\/\/www.europesays.com\/it\/wp-json\/wp\/v2\/comments?post=152077"}],"version-history":[{"count":0,"href":"https:\/\/www.europesays.com\/it\/wp-json\/wp\/v2\/posts\/152077\/revisions"}],"wp:featuredmedia":[{"embeddable":true,"href":"https:\/\/www.europesays.com\/it\/wp-json\/wp\/v2\/media\/152078"}],"wp:attachment":[{"href":"https:\/\/www.europesays.com\/it\/wp-json\/wp\/v2\/media?parent=152077"}],"wp:term":[{"taxonomy":"category","embeddable":true,"href":"https:\/\/www.europesays.com\/it\/wp-json\/wp\/v2\/categories?post=152077"},{"taxonomy":"post_tag","embeddable":true,"href":"https:\/\/www.europesays.com\/it\/wp-json\/wp\/v2\/tags?post=152077"}],"curies":[{"name":"wp","href":"https:\/\/api.w.org\/{rel}","templated":true}]}}