{"id":152200,"date":"2025-10-08T00:57:10","date_gmt":"2025-10-08T00:57:10","guid":{"rendered":"https:\/\/www.europesays.com\/it\/152200\/"},"modified":"2025-10-08T00:57:10","modified_gmt":"2025-10-08T00:57:10","slug":"amelie-micheli-muore-a-9-mesi-a-sharm-el-sheikh-autopsia-per-chiarire-le-cause-il-papa-i-suoi-occhi-trasmettevano-gioia","status":"publish","type":"post","link":"https:\/\/www.europesays.com\/it\/152200\/","title":{"rendered":"Amelie Micheli muore a 9 mesi a Sharm el-Sheikh. Autopsia per chiarire le cause. Il pap\u00e0: \u00abI suoi occhi trasmettevano gioia\u00bb"},"content":{"rendered":"<p>    di<br \/>\n    Federico Rota<\/p>\n<p class=\"summary-art is-line-h-12\">La bambina abitava a Camerata Cornello, in alta Val Brembana. Era il primo viaggio di famiglia, la piccola si \u00e8 sentita male ed \u00e8 morta il 27 settembre. Gioved\u00ec 9 ottobre i funerali<\/p>\n<p class=\"chapter-paragraph\">\u00ab\u00c8 una notizia che ha sconvolto chiunque, anche chi non ci conosce direttamente. <b>Ci auguriamo che tutti possano portare nel loro cuore il bel ricordo di Amelie, che a tutti sorrideva<\/b> e voleva bene\u00bb. Mentre Domenico Micheli pronuncia queste parole, nel corsello della casa di famiglia a San Giovanni Bianco, suo fratello Stefano annuisce.\u00a0\u00abAveva un sorriso contagioso &#8211; continua Stefano, il pap\u00e0 di Amelie, che a Camerata Cornello vive e gestisce il bar &#8220;Sbarazza food&amp;drink&#8221; -. Quando capitava che fosse al bar era sempre <b>immersa fra la gente e a tutti loro sorrideva. I suoi occhioni trasmettevano gioia<\/b>, era una bimba davvero solare\u00bb. <b>Amelie Micheli \u00e8 stata stroncata da una malattia improvvisa a soli 9 mesi, mentre era in vacanza con mamma e pap\u00e0 a Sharm el-Sheikh<\/b>, in Egitto.<\/p>\n<p class=\"chapter-paragraph\">Stefano Micheli, 28 anni, e la sua compagna Margherita Pesenti, di 30 anni, erano atterrati a Sharm il 22 settembre. Un viaggio di famiglia organizzato per tempo, in un villaggio turistico del posto, con il rientro fissato in Italia una decina di giorni dopo, per il 2 ottobre.\u00a0\u00abEra il primo viaggio che facevamo tutti insieme\u00bb, dice il pap\u00e0 della piccina. Amelie \u00e8 morta il 27 settembre, all&#8217;ospedale di Sharm: \u00abSi \u00e8 sentita poco bene la mattina precedente, ma <b>nessuno pensava potesse essere qualcosa di cos\u00ec grave<\/b>\u00bb, spiega il pap\u00e0. Portata subito in ospedale a Sahrm, le sue condizioni si sono aggravate. In serata il suo cuoricino ha smesso di battere: \u00abI medici dell&#8217;ospedale hanno fatto tutto ci\u00f2 che era in loro potere per salvarla\u00bb, dice lo zio. La salma della piccina \u00e8 stata riportata a casa sabato scorso e ieri (6 ottobre) all&#8217;ospedale Papa Giovanni XXIII \u00e8 stata<b> effettuata l&#8217;autopsia<\/b>, per capire cosa possa essere successo.\u00a0\u00abStiamo ancora aspettando gli esiti\u00bb, conferma il pap\u00e0. I funerali di Amelie Micheli saranno celebrati gioved\u00ec 9 ottobre alle 15 nella chiesa parrocchiale di Camerata Cornello.\u00a0<br \/>&#13;<br \/>\n&#13;<br \/>\n&#13;<br \/>\n&#13;<br \/>\n&#13;<br \/>\n&#13;<br \/>\n&#13;<br \/>\n&#13;<br \/>\n&#13;<br \/>\n&#13;<br \/>\n&#13;<br \/>\n&#13;<br \/>\n&#13;<br \/>\n&#13;<br \/>\n&#13;<br \/>\n&#13;<br \/>\n&#13;<br \/>\n&#13;<br \/>\n&#13;<br \/>\n&#13;<br \/>\n&#13;<br \/>\n&#13;<br \/>\n&#13;<br \/>\n&#13;<br \/>\n&#13;<br \/>\n&#13;<br \/>\n&#13;<br \/>\n&#13;<br \/>\n&#13;<br \/>\n&#13;<br \/>\n&#13;<br \/>\n&#13;<br \/>\n&#13;<br \/>\n&#13;<br \/>\n&#13;<br \/>\n&#13;<br \/>\n&#13;<br \/>\n&#13;<br \/>\n&#13;<br \/>\n&#13;<br \/>\n&#13;<br \/>\n&#13;<br \/>\n&#13;<br \/>\n&#13;<br \/>\n&#13;<br \/>\n&#13;<br \/>\n&#13;<br \/>\n&#13;<br \/>\n&#13;<br \/>\n&#13;<br \/>\n&#13;<br \/>\n&#13;<br \/>\n&#13;\n<\/p>\n<p class=\"is-mr-t-20 is-mr-b-20\"><b><br \/>\n                    <a href=\"https:\/\/bergamo.corriere.it\/?intcmp=Notizielocali_nd_010623_corriere_ss_bergamo\" target=\"_blank\" rel=\"nofollow noopener\">Vai a tutte le notizie di Bergamo<\/a><br \/>\n            <\/b><\/p>\n<p class=\"chapter-paragraph\"><b><a href=\"https:\/\/www.corriere.it\/newsletter\/?theme=61&amp;intcmp=NL-artic_nd_050624_corriere_ss_bergamo\" target=\"_blank\" rel=\"nofollow noopener\">Iscriviti alla newsletter di Corriere Bergamo<\/a><\/b><\/p>\n<p class=\"is-last-update\" datetime=\"2025-10-07T14:43:47+02:00\">7 ottobre 2025 ( modifica il 7 ottobre 2025 | 14:43)<\/p>\n<p class=\"is-copyright\">\n            \u00a9 RIPRODUZIONE RISERVATA\n        <\/p>\n","protected":false},"excerpt":{"rendered":"di Federico Rota La bambina abitava a Camerata Cornello, in alta Val Brembana. Era il primo viaggio di&hellip;\n","protected":false},"author":3,"featured_media":152201,"comment_status":"","ping_status":"","sticky":false,"template":"","format":"standard","meta":{"footnotes":""},"categories":[79],"tags":[94186,94187,8362,12384,94188,94189,94190,14,93,94,2730,93135,1909,2686,19143,2759,5302,94191,1537,90,89,29111,7,15,812,893,690,407,93133,6845,11,84,91,12,85,92,1652],"class_list":{"0":"post-152200","1":"post","2":"type-post","3":"status-publish","4":"format-standard","5":"has-post-thumbnail","7":"category-italia","8":"tag-amelie","9":"tag-amelie-micheli","10":"tag-autopsia","11":"tag-bar","12":"tag-camerata","13":"tag-camerata-cornello","14":"tag-cornello","15":"tag-cronaca","16":"tag-cronaca-italiana","17":"tag-cronacaitaliana","18":"tag-el","19":"tag-el-sheikh","20":"tag-famiglia","21":"tag-funerali","22":"tag-gioia","23":"tag-giovanni","24":"tag-giovedi","25":"tag-giovedi-ottobre","26":"tag-it","27":"tag-italia","28":"tag-italy","29":"tag-micheli","30":"tag-news","31":"tag-notizie","32":"tag-ospedale","33":"tag-ottobre","34":"tag-papa","35":"tag-settembre","36":"tag-sharm","37":"tag-stefano","38":"tag-ultime-notizie","39":"tag-ultime-notizie-e-news-di-oggi","40":"tag-ultime-notizie-italia","41":"tag-ultimenotizie","42":"tag-ultimenotizieenewsdioggi","43":"tag-ultimenotizieitalia","44":"tag-viaggio"},"share_on_mastodon":{"url":"","error":""},"_links":{"self":[{"href":"https:\/\/www.europesays.com\/it\/wp-json\/wp\/v2\/posts\/152200","targetHints":{"allow":["GET"]}}],"collection":[{"href":"https:\/\/www.europesays.com\/it\/wp-json\/wp\/v2\/posts"}],"about":[{"href":"https:\/\/www.europesays.com\/it\/wp-json\/wp\/v2\/types\/post"}],"author":[{"embeddable":true,"href":"https:\/\/www.europesays.com\/it\/wp-json\/wp\/v2\/users\/3"}],"replies":[{"embeddable":true,"href":"https:\/\/www.europesays.com\/it\/wp-json\/wp\/v2\/comments?post=152200"}],"version-history":[{"count":0,"href":"https:\/\/www.europesays.com\/it\/wp-json\/wp\/v2\/posts\/152200\/revisions"}],"wp:featuredmedia":[{"embeddable":true,"href":"https:\/\/www.europesays.com\/it\/wp-json\/wp\/v2\/media\/152201"}],"wp:attachment":[{"href":"https:\/\/www.europesays.com\/it\/wp-json\/wp\/v2\/media?parent=152200"}],"wp:term":[{"taxonomy":"category","embeddable":true,"href":"https:\/\/www.europesays.com\/it\/wp-json\/wp\/v2\/categories?post=152200"},{"taxonomy":"post_tag","embeddable":true,"href":"https:\/\/www.europesays.com\/it\/wp-json\/wp\/v2\/tags?post=152200"}],"curies":[{"name":"wp","href":"https:\/\/api.w.org\/{rel}","templated":true}]}}