{"id":152218,"date":"2025-10-08T01:12:11","date_gmt":"2025-10-08T01:12:11","guid":{"rendered":"https:\/\/www.europesays.com\/it\/152218\/"},"modified":"2025-10-08T01:12:11","modified_gmt":"2025-10-08T01:12:11","slug":"gli-incredibili-look-vip-alla-sfilata-chanel","status":"publish","type":"post","link":"https:\/\/www.europesays.com\/it\/152218\/","title":{"rendered":"gli incredibili look vip alla sfilata Chanel"},"content":{"rendered":"<p class=\"date-articolo\">\n\t\t\t\t\t\t\t\t\tPubblicato: 7 Ottobre 2025 20:38\t\t\t\t\t\t\t\t<\/p>\n<p>\t\t\t\t\t\t\t\tParata di stelle per il debutto di Matthieu Blazy. Alla prima sfilata del nuovo direttore creativo di Chanel c\u2019erano reali (<a href=\"https:\/\/dilei.it\/reali\/charlotte-casiraghi-chanel-paris-fashion-week-2025-2\/1878184\/\" rel=\"nofollow noopener\" target=\"_blank\">Charlotte Casiraghi in prima fila<\/a>) e alcune tra le dive pi\u00f9 famose di Hollywood. A farsi notare, seppur con semplicit\u00e0, \u00e8 stata <a href=\"https:\/\/dilei.it\/star-e-vip\/penelope-cruz\/\" rel=\"nofollow noopener\" target=\"_blank\">Penelope Cruz<\/a>. L\u2019attrice spagnola sfoggia un look classico ma di grande fascino, tutto da copiare in queste prime giornate d\u2019autunno. Il <strong>bomber in pelle<\/strong> \u00e8 perfetto in contrasto con i jeans chiari e i grandi orecchini in oro.<\/p>\n","protected":false},"excerpt":{"rendered":"Pubblicato: 7 Ottobre 2025 20:38 Parata di stelle per il debutto di Matthieu Blazy. Alla prima sfilata del&hellip;\n","protected":false},"author":3,"featured_media":152219,"comment_status":"","ping_status":"","sticky":false,"template":"","format":"standard","meta":{"footnotes":""},"categories":[1451],"tags":[1621,1620,203,204,1537,90,89,49367,86],"class_list":{"0":"post-152218","1":"post","2":"type-post","3":"status-publish","4":"format-standard","5":"has-post-thumbnail","7":"category-celebrita","8":"tag-celebrita","9":"tag-celebrities","10":"tag-entertainment","11":"tag-intrattenimento","12":"tag-it","13":"tag-italia","14":"tag-italy","15":"tag-sfilate","16":"tag-vip"},"share_on_mastodon":{"url":"","error":""},"_links":{"self":[{"href":"https:\/\/www.europesays.com\/it\/wp-json\/wp\/v2\/posts\/152218","targetHints":{"allow":["GET"]}}],"collection":[{"href":"https:\/\/www.europesays.com\/it\/wp-json\/wp\/v2\/posts"}],"about":[{"href":"https:\/\/www.europesays.com\/it\/wp-json\/wp\/v2\/types\/post"}],"author":[{"embeddable":true,"href":"https:\/\/www.europesays.com\/it\/wp-json\/wp\/v2\/users\/3"}],"replies":[{"embeddable":true,"href":"https:\/\/www.europesays.com\/it\/wp-json\/wp\/v2\/comments?post=152218"}],"version-history":[{"count":0,"href":"https:\/\/www.europesays.com\/it\/wp-json\/wp\/v2\/posts\/152218\/revisions"}],"wp:featuredmedia":[{"embeddable":true,"href":"https:\/\/www.europesays.com\/it\/wp-json\/wp\/v2\/media\/152219"}],"wp:attachment":[{"href":"https:\/\/www.europesays.com\/it\/wp-json\/wp\/v2\/media?parent=152218"}],"wp:term":[{"taxonomy":"category","embeddable":true,"href":"https:\/\/www.europesays.com\/it\/wp-json\/wp\/v2\/categories?post=152218"},{"taxonomy":"post_tag","embeddable":true,"href":"https:\/\/www.europesays.com\/it\/wp-json\/wp\/v2\/tags?post=152218"}],"curies":[{"name":"wp","href":"https:\/\/api.w.org\/{rel}","templated":true}]}}