{"id":152237,"date":"2025-10-08T01:24:12","date_gmt":"2025-10-08T01:24:12","guid":{"rendered":"https:\/\/www.europesays.com\/it\/152237\/"},"modified":"2025-10-08T01:24:12","modified_gmt":"2025-10-08T01:24:12","slug":"spesa-militare-da-12-miliardi-meloni-punta-sulle-armi-nella-manovra-2026","status":"publish","type":"post","link":"https:\/\/www.europesays.com\/it\/152237\/","title":{"rendered":"Spesa militare da 12 miliardi, Meloni punta sulle armi nella Manovra 2026"},"content":{"rendered":"<p>Una Manovra \u201cleggera\u201d per le famiglie e le imprese, con una dote prevista di <strong>circa 16 miliardi<\/strong> e una spesa militare di +12 miliardi nei prossimi tre anni. Questi i dati che emergono dal Documento programmatico di finanza pubblica, licenziato lo scorso gioved\u00ec sera nel Consiglio dei ministri. Dal Dpfp emerge un\u2019importante virata verso un <strong>aumento delle spese militari<\/strong>, che, come da promesse fatte a Trump e alla Nato, passeranno dall\u2019attuale 2% del Pil (circa 45 miliardi di euro all\u2019anno) al 2,5% del Pil nel 2028 (quindi 61 miliardi di euro all\u2019anno).<\/p>\n<p>Numeri che, se paragonati alla spesa per le famiglie e le imprese, riportano al tema dell\u2019insostenibilit\u00e0 della promessa fatta. Comunque sono ancora tutti numeri da confermare: entro il 15 ottobre il testo dovr\u00e0 essere inviato a Bruxelles e poi, il 20, arriver\u00e0 in Parlamento.\n<\/p>\n<p>Manovra militare: quanto spender\u00e0 l\u2019Italia in Difesa<\/p>\n<p>Il testo approvato gioved\u00ec 2 ottobre dal Consiglio dei ministri, ovvero il <a href=\"https:\/\/quifinanza.it\/economia\/taglio-irpef-misure-dfpf\/931602\/\" rel=\"nofollow noopener\" target=\"_blank\">Documento programmatico di finanza pubblica<\/a> (Dpfp), prevede un aumento delle spese per la Difesa. La dimensione dell\u2019aumento \u00e8 stimata, purch\u00e9 l\u2019Italia riesca a uscire dalla <strong>procedura per il disavanzo<\/strong> eccessivo imposta dall\u2019Ue, entro questi termini:<\/p>\n<ul>\n<li>0,15% del Pil nel 2026;<\/li>\n<li>0,3% del Pil nel 2027;<\/li>\n<li>0,5% del Pil nel 2028.<\/li>\n<\/ul>\n<p>Calcoli alla mano, c\u2019\u00e8 chi parla di <strong>circa 12 miliardi di euro<\/strong> in pi\u00f9 per le spese militari nel triennio 2026-2028. Si partirebbe da 3,3 miliardi (0,15% del Pil) per il 2026, per un totale di 11-12 miliardi, ma solo se l\u2019Italia uscir\u00e0 dalla procedura d\u2019infrazione europea (quindi se riuscir\u00e0 a scendere sotto il 3% di deficit).<\/p>\n<p>Dal documento emergono le percentuali, ma ancora una volta non \u00e8 chiaro da dove saranno presi i fondi necessari per l\u2019aumento. In che modo saranno coperte le spese e quale sar\u00e0 l\u2019impatto sulle altre voci della Manovra non \u00e8 ancora chiaro. In ogni caso, le <strong>spese militari<\/strong> hanno una posizione prioritaria rispetto alle altre necessit\u00e0.<\/p>\n<p>Basta confrontare l\u2019ipotesi di aumento della spesa militare attraverso un meccanismo automatico, sottoposto solo all\u2019ostacolo della <a href=\"https:\/\/quifinanza.it\/economia\/procedure-infrazione-commissione-ue-docenti-rinnovabili\/881434\/\" rel=\"nofollow noopener\" target=\"_blank\">procedura d\u2019infrazione<\/a>, rispetto alle promesse di <strong>riduzione del carico fiscale<\/strong> sui redditi da lavoro, privo di cifre e tempistiche, o al rifinanziamento del Fondo Sanitario Nazionale, che \u00e8 descritto come un \u201cadeguamento per contenere l\u2019impatto dell\u2019inflazione\u201d e impedire il <a href=\"https:\/\/quifinanza.it\/salute\/mancano-medici-sistema-sanitario-collasso\/923903\/\" rel=\"nofollow noopener\" target=\"_blank\">collasso del sistema<\/a>, e non come un investimento strutturale.<\/p>\n<p>Da dove arriveranno le risorse?<\/p>\n<p>I 12 miliardi di euro sulla Difesa sono condizionati alla fuoriuscita dalla procedura per il disavanzo eccessivo, e l\u2019Italia \u00e8 sulla buona strada. Il commissario<strong> Valdis Dombrovskis<\/strong> ha annunciato che gi\u00e0 dalla prossima primavera si potrebbe avviare il processo di uscita <strong>con 12 mesi di anticipo<\/strong> rispetto all\u2019ipotesi di un anno fa.<\/p>\n<p>Con l\u2019indicatore sempre sotto il 3% nei prossimi anni, le risorse liberate permetteranno di adeguarsi alla promessa fatta in sede Nato. Il tutto in un quadro di prudenza, come ha confermato il ministro dell\u2019Economia. Giorgetti infatti ha dichiarato:<\/p>\n<blockquote>\n<p>Confermiamo la linea di ferma e prudente responsabilit\u00e0 che tiene conto della necessit\u00e0 della tenuta della finanza pubblica nel rispetto delle nuove regole europee, ma nel quadro delle misure imprescindibili a favore della crescita economica e sociale dei lavoratori, delle famiglie e delle imprese.<\/p>\n<\/blockquote>\n<blockquote class=\"instagram-media\" data-instgrm-captioned=\"\" data-instgrm-permalink=\"https:\/\/www.instagram.com\/p\/DPZD1AMCksb\/?utm_source=ig_embed&amp;utm_campaign=loading\" data-instgrm-version=\"14\" style=\" background:#FFF; border:0; border-radius:3px; box-shadow:0 0 1px 0 rgba(0,0,0,0.5),0 1px 10px 0 rgba(0,0,0,0.15); margin: 1px; max-width:100%; min-width:326px; padding:0; width:99.375%; width:-webkit-calc(100% - 2px); width:calc(100% - 2px);\"\/>\n<p>\t<script async src=\"\/\/www.instagram.com\/embed.js\"><\/script><\/p>\n","protected":false},"excerpt":{"rendered":"Una Manovra \u201cleggera\u201d per le famiglie e le imprese, con una dote prevista di circa 16 miliardi e&hellip;\n","protected":false},"author":3,"featured_media":152238,"comment_status":"","ping_status":"","sticky":false,"template":"","format":"standard","meta":{"footnotes":""},"categories":[79],"tags":[32918,14,93,94,206,184,126,1537,90,89,2737,7,15,11,84,91,12,85,92],"class_list":{"0":"post-152237","1":"post","2":"type-post","3":"status-publish","4":"format-standard","5":"has-post-thumbnail","7":"category-italia","8":"tag-conti-pubblici","9":"tag-cronaca","10":"tag-cronaca-italiana","11":"tag-cronacaitaliana","12":"tag-donald-trump","13":"tag-economia","14":"tag-giorgia-meloni","15":"tag-it","16":"tag-italia","17":"tag-italy","18":"tag-nato","19":"tag-news","20":"tag-notizie","21":"tag-ultime-notizie","22":"tag-ultime-notizie-e-news-di-oggi","23":"tag-ultime-notizie-italia","24":"tag-ultimenotizie","25":"tag-ultimenotizieenewsdioggi","26":"tag-ultimenotizieitalia"},"share_on_mastodon":{"url":"","error":""},"_links":{"self":[{"href":"https:\/\/www.europesays.com\/it\/wp-json\/wp\/v2\/posts\/152237","targetHints":{"allow":["GET"]}}],"collection":[{"href":"https:\/\/www.europesays.com\/it\/wp-json\/wp\/v2\/posts"}],"about":[{"href":"https:\/\/www.europesays.com\/it\/wp-json\/wp\/v2\/types\/post"}],"author":[{"embeddable":true,"href":"https:\/\/www.europesays.com\/it\/wp-json\/wp\/v2\/users\/3"}],"replies":[{"embeddable":true,"href":"https:\/\/www.europesays.com\/it\/wp-json\/wp\/v2\/comments?post=152237"}],"version-history":[{"count":0,"href":"https:\/\/www.europesays.com\/it\/wp-json\/wp\/v2\/posts\/152237\/revisions"}],"wp:featuredmedia":[{"embeddable":true,"href":"https:\/\/www.europesays.com\/it\/wp-json\/wp\/v2\/media\/152238"}],"wp:attachment":[{"href":"https:\/\/www.europesays.com\/it\/wp-json\/wp\/v2\/media?parent=152237"}],"wp:term":[{"taxonomy":"category","embeddable":true,"href":"https:\/\/www.europesays.com\/it\/wp-json\/wp\/v2\/categories?post=152237"},{"taxonomy":"post_tag","embeddable":true,"href":"https:\/\/www.europesays.com\/it\/wp-json\/wp\/v2\/tags?post=152237"}],"curies":[{"name":"wp","href":"https:\/\/api.w.org\/{rel}","templated":true}]}}