{"id":152324,"date":"2025-10-08T02:28:14","date_gmt":"2025-10-08T02:28:14","guid":{"rendered":"https:\/\/www.europesays.com\/it\/152324\/"},"modified":"2025-10-08T02:28:14","modified_gmt":"2025-10-08T02:28:14","slug":"la-israel-decide-di-cambiare-nome","status":"publish","type":"post","link":"https:\/\/www.europesays.com\/it\/152324\/","title":{"rendered":"la Israel decide di cambiare nome"},"content":{"rendered":"<p><strong>La decisione era nell\u2019aria da settimane, ma ora \u00e8 ufficiale<\/strong>: dal 2026 il team ciclistico Israel\u2013Premier Tech non esister\u00e0 pi\u00f9 con questo nome. La squadra, nata con l\u2019obiettivo dichiarato di \u201cpromuovere Israele nel mondo attraverso lo sport\u201d, ha annunciato un profondo rebranding, togliendo ogni riferimento allo Stato ebraico da maglie, loghi e comunicazioni ufficiali.<\/p>\n<p>Dal 2026 la Israel-Premier Tech cambia pelle<\/p>\n<p>\u201cAbbiamo deciso di rinominare il team e rinnovare il marchio, allontanandoci dall\u2019attuale identit\u00e0 israeliana\u201d, si legge nella nota diffusa sui social dal quartier generale della formazione.<\/p>\n<p>Una scelta che arriva dopo mesi di tensioni, proteste e prese di posizione che hanno travolto la squadra, fino a renderne insostenibile la presenza nelle principali corse del calendario internazionale, con contestazioni eclatanti in diretta televisiva mondiale al <a href=\"https:\/\/www.bikeitalia.it\/2025\/05\/22\/le-bandiere-della-palestina-sulle-strade-del-giro-d-italia\/\" rel=\"nofollow noopener\" target=\"_blank\">Giro d\u2019Italia<\/a> e al <a href=\"https:\/\/www.bikeitalia.it\/2025\/07\/25\/perche-non-ci-sono-scritte-pro-gaza-sulle-strade-del-tour\/\" rel=\"nofollow noopener\" target=\"_blank\">Tour de France<\/a>.<\/p>\n<p>Le proteste pro Palestina alla Vuelta<\/p>\n<p><strong>Il punto di non ritorno \u00e8 stato raggiunto durante la Vuelta di Spagna 2025<\/strong>. In un clima sempre pi\u00f9 acceso per le manifestazioni pro Palestina, la presenza del team israeliano \u00e8 diventata il catalizzatore di contestazioni violente.<\/p>\n<p>Striscioni, cori, blocchi stradali e persino atti di sabotaggio \u2013 come l\u2019abbattimento di un albero lungo il percorso galiziano \u2013 hanno costretto gli organizzatori ad <a href=\"https:\/\/www.bikeitalia.it\/2025\/09\/15\/vuelta-2025-vincono-le-proteste-pro-palestina\/\" rel=\"nofollow noopener\" target=\"_blank\">annullare l\u2019ultima tappa<\/a>.<\/p>\n<p><img fetchpriority=\"high\" decoding=\"async\" width=\"1280\" height=\"717\" src=\"https:\/\/www.europesays.com\/it\/wp-content\/uploads\/2025\/09\/Ciclismo-Palestina-Vuelta-cover.jpg\" alt=\"Proteste pro Palestina a Madrid: neutralizzata l'ultima tappa della Vuelta 2025\" class=\"wp-image-241109\"  \/><\/p>\n<p>Alcuni corridori sono stati scortati fino ai pullman, mentre la premiazione finale si \u00e8 svolta nel parcheggio di un hotel, lontano dalle telecamere e dal pubblico. Scene surreali per uno sport che vive di contatto e passione popolare.<\/p>\n<p>L\u2019effetto domino: sponsor in fuga e abbandoni illustri<\/p>\n<p><strong>Il ciclismo, si sa, vive di sponsor<\/strong>. E quando il clima politico si fa rovente, le aziende scappano. Dopo le proteste spagnole, Factor Bikes, storico fornitore del team, ha iniziato a prendere le distanze <a href=\"https:\/\/www.bikeitalia.it\/2025\/09\/09\/la-israel-toglie-il-nome-dalle-maglie\/\" rel=\"nofollow noopener\" target=\"_blank\">chiedendo un cambio di nome e immagine<\/a>.<\/p>\n<p><img loading=\"lazy\" decoding=\"async\" width=\"1200\" height=\"675\" src=\"https:\/\/www.europesays.com\/it\/wp-content\/uploads\/2025\/10\/Israel-toglie-nome-maglie.jpg\" alt=\"Israel toglie il nome dalle maglie alla Vuelta\" class=\"wp-image-240813\"  \/><\/p>\n<p><strong>A ruota, alcuni corridori chiave hanno scelto di andarsene<\/strong>: <strong>Derek Gee<\/strong> ha risolto anticipatamente il contratto \u201cper motivi legittimi\u201d, <strong>Matthew Riccitello<\/strong> \u00e8 passato alla Decathlon, mentre persino <strong>Chris Froome<\/strong>, simbolo della squadra e azionista di Factor, ha messo in dubbio la propria permanenza.<\/p>\n<p>La squadra, gi\u00e0 alle prese con difficolt\u00e0 sportive, si \u00e8 trovata improvvisamente a corto di certezze: <strong>solo 17 corridori sotto contratto per la stagione 2026 e un\u2019identit\u00e0 in crisi<\/strong>.<\/p>\n<p>L\u2019addio di Sylvan Adams: un cambio ai vertici<\/p>\n<p>A dare peso alla svolta \u00e8 stato anche l\u2019annuncio del fondatore e principale finanziatore, <strong>Sylvan Adams<\/strong>.<br \/>Il miliardario canadese\u2013israeliano, noto per le sue posizioni filo-sioniste e per aver definito il team \u201cuno strumento di diplomazia sportiva\u201d, ha dichiarato che dal 2026 si far\u00e0 da parte.<\/p>\n<p>\u201cNon parler\u00f2 pi\u00f9 a nome della squadra \u2013 ha scritto \u2013 e mi concentrer\u00f2 sul mio ruolo di presidente del Congresso Ebraico Mondiale\u201d.<\/p>\n<p><strong>Un passo indietro che segna simbolicamente la fine dell\u2019era \u201cisraeliana\u201d del team<\/strong>, lasciando spazio a un progetto pi\u00f9 neutrale e globale.<\/p>\n<p>La rinuncia alle corse italiane<\/p>\n<p>Prima ancora dell\u2019annuncio ufficiale, il segnale era arrivato dalle ultime gare in queste ultime settimane di calendario ciclistico 2025. Dopo le proteste di piazza registrate in Italia \u2013 in particolare a Bologna e Varese \u2013 la squadra aveva cancellato la propria partecipazione a tutte le classiche autunnali: Giro dell\u2019Emilia, Coppa Agostoni, Coppa Bernocchi, Tre Valli Varesine e GranPiemonte. Un gesto che molti avevano interpretato come un preludio alla decisione definitiva. Al momento in cui pubblichiamo questo articolo la Israel-Premier Tech risulta iscritta al Giro di Lombardia \u2013 <a href=\"https:\/\/www.bikeitalia.it\/2025\/10\/05\/giro-di-lombardia-tutto-quello-che-devi-sapere-e-dove-vederlo-in-tv\/\" rel=\"nofollow noopener\" target=\"_blank\">la Classica delle \u201cfoglie morte\u201d, ultima gara in calendario nella stagione professionistica<\/a>.<\/p>\n<p>Verso una nuova identit\u00e0<\/p>\n<p>Il nome del nuovo team non \u00e8 ancora stato svelato, ma <strong>nelle ultime gare disputate la formazione aveva gi\u00e0 corso con la sigla IPT, evitando ogni riferimento a Israele<\/strong>. Secondo indiscrezioni, il progetto punta a una squadra \u201cinclusiva, internazionale, e focalizzata sulla crescita di giovani talenti da tutto il mondo\u201d.<\/p>\n<p>Nel comunicato ufficiale si legge: \u201cIl progresso nello sport richiede sacrificio. Questo cambiamento \u00e8 essenziale per garantire il futuro della squadra e restare fedeli alla nostra promessa: formare campioni globali del ciclismo\u201d.<\/p>\n<p><strong>Sincero pentimento o mossa di facciata?<\/strong> Solo la strada dir\u00e0 se questo cambio \u00e8 davvero una svolta o solo una fuga.<\/p>\n<p>[<a href=\"https:\/\/www.ansa.it\/sito\/notizie\/sport\/ciclismo\/2025\/10\/06\/ciclismo-team-israel-cambieremo-nome-e-identita_820b5b96-8b92-4777-8d75-b0e60cb2829f.html\" target=\"_blank\" rel=\"noreferrer noopener nofollow\">Fonte<\/a>]<\/p>\n","protected":false},"excerpt":{"rendered":"La decisione era nell\u2019aria da settimane, ma ora \u00e8 ufficiale: dal 2026 il team ciclistico Israel\u2013Premier Tech non&hellip;\n","protected":false},"author":3,"featured_media":152325,"comment_status":"","ping_status":"","sticky":false,"template":"","format":"standard","meta":{"footnotes":""},"categories":[1456],"tags":[1824,55309,1825,1537,90,89,245,244],"class_list":{"0":"post-152324","1":"post","2":"type-post","3":"status-publish","4":"format-standard","5":"has-post-thumbnail","7":"category-ciclismo","8":"tag-ciclismo","9":"tag-ciclismo-sportivo","10":"tag-cycling","11":"tag-it","12":"tag-italia","13":"tag-italy","14":"tag-sport","15":"tag-sports"},"share_on_mastodon":{"url":"","error":""},"_links":{"self":[{"href":"https:\/\/www.europesays.com\/it\/wp-json\/wp\/v2\/posts\/152324","targetHints":{"allow":["GET"]}}],"collection":[{"href":"https:\/\/www.europesays.com\/it\/wp-json\/wp\/v2\/posts"}],"about":[{"href":"https:\/\/www.europesays.com\/it\/wp-json\/wp\/v2\/types\/post"}],"author":[{"embeddable":true,"href":"https:\/\/www.europesays.com\/it\/wp-json\/wp\/v2\/users\/3"}],"replies":[{"embeddable":true,"href":"https:\/\/www.europesays.com\/it\/wp-json\/wp\/v2\/comments?post=152324"}],"version-history":[{"count":0,"href":"https:\/\/www.europesays.com\/it\/wp-json\/wp\/v2\/posts\/152324\/revisions"}],"wp:featuredmedia":[{"embeddable":true,"href":"https:\/\/www.europesays.com\/it\/wp-json\/wp\/v2\/media\/152325"}],"wp:attachment":[{"href":"https:\/\/www.europesays.com\/it\/wp-json\/wp\/v2\/media?parent=152324"}],"wp:term":[{"taxonomy":"category","embeddable":true,"href":"https:\/\/www.europesays.com\/it\/wp-json\/wp\/v2\/categories?post=152324"},{"taxonomy":"post_tag","embeddable":true,"href":"https:\/\/www.europesays.com\/it\/wp-json\/wp\/v2\/tags?post=152324"}],"curies":[{"name":"wp","href":"https:\/\/api.w.org\/{rel}","templated":true}]}}