{"id":152356,"date":"2025-10-08T02:48:10","date_gmt":"2025-10-08T02:48:10","guid":{"rendered":"https:\/\/www.europesays.com\/it\/152356\/"},"modified":"2025-10-08T02:48:10","modified_gmt":"2025-10-08T02:48:10","slug":"depressione-ansia-e-dipendenze-palermo-al-centro-del-dibattito-sulla-salute-mentale","status":"publish","type":"post","link":"https:\/\/www.europesays.com\/it\/152356\/","title":{"rendered":"Depressione, ansia e dipendenze: Palermo al centro del dibattito sulla salute mentale"},"content":{"rendered":"<p>Palermo si prepara ad accogliere, per il secondo anno consecutivo, la grande manifestazione dedicata alla salute mentale in occasione della sua ricorrenza mondiale il prossimo 10 ottobre. La Fondazione Tommaso Dragotto vuole porre l\u2019accento su un aspetto, tanto pi\u00f9 attuale quanto pi\u00f9 critico, che la societ\u00e0 moderna si trova ad affrontare: il disturbo mentale, patologia \u201cinvisibile\u201d e discriminante, ha assunto negli ultimi anni dimensioni sempre crescenti con un preoccupante dilagare nelle fasce di popolazione adolescenziale. L\u2019idea di focalizzare l\u2019attenzione nazionale su tali aspetti nasce quindi non solo per supportare i malati e le loro famiglie, ma anche per arginare e, soprattutto, prevenire il fenomeno.\u00a0<\/p>\n<p>Depressione, ludopatia, disturbi ossessivi-compulsivi, alcolismo, bipolarismo, narcisismo patologico, schizofrenia, sono solo alcune tra le patologie pi\u00f9 frequenti che grazie a terapie moderne e innovative possono trovare adeguata cura. I disturbi mentali oggi non sono pi\u00f9 sconosciuti e, soprattutto, sono patologie curabili. Secondo l\u2019Oms, oltre 1 persona su 8 nel mondo (quasi 1 miliardo di persone) convive con un disturbo mentale.\u00a0<\/p>\n<p>In Europa il 17% della popolazione adulta \u00e8 affetta da problematiche di salute mentale, mentre in Italia, quasi 18 milioni di cittadini hanno a che fare con un disturbo psichiatrico significativo. Basandosi proprio su tali dati la Fondazione Tommaso Dragotto ha deciso di adottare la citt\u00e0 di Palermo facendone l\u2019epicentro nazionale ed internazionale della discussione, affermandone l\u2019importanza e la criticit\u00e0.\u00a0<\/p>\n<p>\u201cL\u2019impegno della Fondazione Dragotto \u00e8 quello di portare alla ribalta a livello europeo il delicato tema della Salute Mentale coinvolgendo non solo la comunit\u00e0 scientifica ma tutta l\u2019opinione pubblica. I disturbi della psiche sono infatti trasversali per et\u00e0 e per genere, e colpiscono porzioni di popolazione sempre pi\u00f9 grandi &#8211; dichiara Tommaso Dragotto presidente dell\u2019omonima Fondazione &#8211; per questo \u00e8 nostro dovere porre al centro dell\u2019attenzione internazionale questo dilagante e preoccupante fenomeno mettendoci al fianco della comunit\u00e0 medica e dei pazienti per supportarli nella lotta contro lo stigma e la diffidenza\u201d.\u00a0<\/p>\n<p>La manifestazione ha ottenuto il Patrocinio dell\u2019assessorato Regionale alla Famiglia, del Comune di Palermo, dell\u2019Ordine Biologi Sicilia, dell\u2019Ordine delle Professioni Infermieristiche di Palermo, dell&#8217;Ordine Psicologi regione Siciliana, e di Unipa particolarmente sensibile e vicina alla Conversazione Scientifica di apertura lavori all\u2019Orto Botanico di Palermo.\u00a0<\/p>\n<p>La giornata, a ingresso gratuito, unir\u00e0 scienza, arte e spettacolo per combattere stigma e pregiudizi. Si parte alle 9.30 all\u2019Orto Botanico con la giornalista Laura Berti e il professor Andrea Fiorillo sull\u2019aumento dei disturbi psichici tra i giovani e l\u2019allarme solitudine. Alle 11.30 al Cine Teatro Lux, la pi\u00e8ce \u201cBambole Rotte\u201d e l\u2019intervento della criminologa Flaminia Bolzan parleranno di violenza di genere. Alle 17 al Conservatorio Scarlatti, il pianista Gile Bae e Corrado Tedeschi renderanno omaggio a Schumann e alla sua lotta contro la schizofrenia. Alle 18.30 al Real Teatro Santa Cecilia, l\u2019Accademia della Follia metter\u00e0 in scena \u201cQuelli di Basaglia\u2026 a 180\u00b0\u201d, dedicato alla rivoluzione psichiatrica. Gran finale alle 21 al Teatro Al Massimo con Lina Sastri e il recital musicale \u201cVoce \u2019e notte\u201d.\u00a0<\/p>\n<p>Il presidente Tommaso Dragotto ribadisce: \u201c\u00c8 nostro dovere sostenere i malati e le famiglie contro un nemico invisibile e insidioso\u201d. Un appello, quello di Palermo, per una societ\u00e0 pi\u00f9 inclusiva, dove la salute mentale diventi un diritto riconosciuto e condiviso da tutti.<\/p>\n<p>\u00a0<\/p>\n","protected":false},"excerpt":{"rendered":"Palermo si prepara ad accogliere, per il secondo anno consecutivo, la grande manifestazione dedicata alla salute mentale in&hellip;\n","protected":false},"author":3,"featured_media":152357,"comment_status":"","ping_status":"","sticky":false,"template":"","format":"standard","meta":{"footnotes":""},"categories":[1511],"tags":[239,1537,90,89,2087,2088,240,2089,2090],"class_list":{"0":"post-152356","1":"post","2":"type-post","3":"status-publish","4":"format-standard","5":"has-post-thumbnail","7":"category-salute-mentale","8":"tag-health","9":"tag-it","10":"tag-italia","11":"tag-italy","12":"tag-mental-health","13":"tag-mentalhealth","14":"tag-salute","15":"tag-salute-mentale","16":"tag-salutementale"},"share_on_mastodon":{"url":"","error":""},"_links":{"self":[{"href":"https:\/\/www.europesays.com\/it\/wp-json\/wp\/v2\/posts\/152356","targetHints":{"allow":["GET"]}}],"collection":[{"href":"https:\/\/www.europesays.com\/it\/wp-json\/wp\/v2\/posts"}],"about":[{"href":"https:\/\/www.europesays.com\/it\/wp-json\/wp\/v2\/types\/post"}],"author":[{"embeddable":true,"href":"https:\/\/www.europesays.com\/it\/wp-json\/wp\/v2\/users\/3"}],"replies":[{"embeddable":true,"href":"https:\/\/www.europesays.com\/it\/wp-json\/wp\/v2\/comments?post=152356"}],"version-history":[{"count":0,"href":"https:\/\/www.europesays.com\/it\/wp-json\/wp\/v2\/posts\/152356\/revisions"}],"wp:featuredmedia":[{"embeddable":true,"href":"https:\/\/www.europesays.com\/it\/wp-json\/wp\/v2\/media\/152357"}],"wp:attachment":[{"href":"https:\/\/www.europesays.com\/it\/wp-json\/wp\/v2\/media?parent=152356"}],"wp:term":[{"taxonomy":"category","embeddable":true,"href":"https:\/\/www.europesays.com\/it\/wp-json\/wp\/v2\/categories?post=152356"},{"taxonomy":"post_tag","embeddable":true,"href":"https:\/\/www.europesays.com\/it\/wp-json\/wp\/v2\/tags?post=152356"}],"curies":[{"name":"wp","href":"https:\/\/api.w.org\/{rel}","templated":true}]}}