{"id":152360,"date":"2025-10-08T02:52:10","date_gmt":"2025-10-08T02:52:10","guid":{"rendered":"https:\/\/www.europesays.com\/it\/152360\/"},"modified":"2025-10-08T02:52:10","modified_gmt":"2025-10-08T02:52:10","slug":"ho-bisogno-di-riposo-la-polmonite-e-stata-difficile-da-superare","status":"publish","type":"post","link":"https:\/\/www.europesays.com\/it\/152360\/","title":{"rendered":"Ho bisogno di riposo, la polmonite \u00e8 stata difficile da superare"},"content":{"rendered":"<p>La stagione ciclistica sta ormai volgendo al termine e tra i tanti volti che non vedremo negli ultimi appuntamenti figura anche quello di <strong>Mathieu Van Der Poel<\/strong>. L\u2019olandese, dopo aver partecipato ai Mondiali di Mountain bike a met\u00e0 settembre senza raggiungere alcun significativo risultato, \u00e8 sparito dai radar e non ha preso parte a nessuna gara ufficiale.<\/p>\n<p>L\u2019ex campione del mondo aveva abbandonato il Tour de France per una<strong> polmonite<\/strong> e sembra non essersi ancora ripreso totalmente. Nell\u2019intervista rilasciata al quotidiano <strong>Het Laatste Nieuws<\/strong>, Van Der Poel ha cos\u00ec<strong> commentato<\/strong> le sue difficolt\u00e0: \u201cHo fatto un giro luned\u00ec ma probabilmente la bici rester\u00e0 ferma in garage per un bel po\u2019, sento di avere bisogno di riposo. Ho lottato a lungo con questa malattia, in parte perch\u00e9, da atleta di alto livello, vuoi tornare in bici il pi\u00f9 velocemente possibile invece di riposarti di pi\u00f9\u201d.<\/p>\n<p>\u201cQuesto ha avuto un impatto ulteriore. Ormai conosco abbastanza bene il mio corpo e sentivo che non era in grado di gestire il carico che avrebbe dovuto. Poi ho cercato di trarre il meglio da questa situazione, sperando che non fosse troppo grave, ma non \u00e8 stato cos\u00ec. Avevo bisogno di riposo, sia mentalmente che fisicamente. Non c\u2019erano molte corse per me tra agosto e settembre, ho aggiunto il Renewi Tour, ma per il resto non ho trovato molte motivazioni. Di solito mi alleno sempre un po\u2019 pi\u00f9 del dovuto, ma questa volta \u00e8 successo il contrario. Ho saltato pi\u00f9 allenamenti del dovuto, e questo non \u00e8 mai un buon segno per me\u2026 Mi \u00e8 successo parecchie volte, ma questa volta era quasi la fine della stagione, e allora lo vivi ancora pi\u00f9 intensamente. Avevo un disperato bisogno di un po\u2019 di riposo\u201d, <strong>ha poi concluso<\/strong> il corridore dell\u2019Alpecin Deceuninck.<\/p>\n","protected":false},"excerpt":{"rendered":"La stagione ciclistica sta ormai volgendo al termine e tra i tanti volti che non vedremo negli ultimi&hellip;\n","protected":false},"author":3,"featured_media":152361,"comment_status":"","ping_status":"","sticky":false,"template":"","format":"standard","meta":{"footnotes":""},"categories":[1474],"tags":[1537,90,89,2359,245,244,1869],"class_list":{"0":"post-152360","1":"post","2":"type-post","3":"status-publish","4":"format-standard","5":"has-post-thumbnail","7":"category-volley","8":"tag-it","9":"tag-italia","10":"tag-italy","11":"tag-mathieu-van-der-poel","12":"tag-sport","13":"tag-sports","14":"tag-volley"},"share_on_mastodon":{"url":"","error":""},"_links":{"self":[{"href":"https:\/\/www.europesays.com\/it\/wp-json\/wp\/v2\/posts\/152360","targetHints":{"allow":["GET"]}}],"collection":[{"href":"https:\/\/www.europesays.com\/it\/wp-json\/wp\/v2\/posts"}],"about":[{"href":"https:\/\/www.europesays.com\/it\/wp-json\/wp\/v2\/types\/post"}],"author":[{"embeddable":true,"href":"https:\/\/www.europesays.com\/it\/wp-json\/wp\/v2\/users\/3"}],"replies":[{"embeddable":true,"href":"https:\/\/www.europesays.com\/it\/wp-json\/wp\/v2\/comments?post=152360"}],"version-history":[{"count":0,"href":"https:\/\/www.europesays.com\/it\/wp-json\/wp\/v2\/posts\/152360\/revisions"}],"wp:featuredmedia":[{"embeddable":true,"href":"https:\/\/www.europesays.com\/it\/wp-json\/wp\/v2\/media\/152361"}],"wp:attachment":[{"href":"https:\/\/www.europesays.com\/it\/wp-json\/wp\/v2\/media?parent=152360"}],"wp:term":[{"taxonomy":"category","embeddable":true,"href":"https:\/\/www.europesays.com\/it\/wp-json\/wp\/v2\/categories?post=152360"},{"taxonomy":"post_tag","embeddable":true,"href":"https:\/\/www.europesays.com\/it\/wp-json\/wp\/v2\/tags?post=152360"}],"curies":[{"name":"wp","href":"https:\/\/api.w.org\/{rel}","templated":true}]}}