{"id":152364,"date":"2025-10-08T02:55:12","date_gmt":"2025-10-08T02:55:12","guid":{"rendered":"https:\/\/www.europesays.com\/it\/152364\/"},"modified":"2025-10-08T02:55:12","modified_gmt":"2025-10-08T02:55:12","slug":"giro-ditalia-2026-jonas-vingegaard-ribadisce-la-sua-voglia-di-esserci-ma-non-dipende-solo-da-me-dobbiamo-vedere-con-la-squadra","status":"publish","type":"post","link":"https:\/\/www.europesays.com\/it\/152364\/","title":{"rendered":"Giro d&#8217;Italia 2026, Jonas Vingegaard ribadisce la sua voglia di esserci: &#8220;Ma non dipende solo da me, dobbiamo vedere con la squadra&#8221;"},"content":{"rendered":"<p>\t\t\t\t\t<a href=\"https:\/\/cyclingpro.net\/spaziociclismo\/altro\/scopri-lapp-ufficiale-di-spaziociclismo\/\" title=\"\" rel=\"nofollow noopener\" target=\"_blank\"><br \/>\n\t\t\t\t\t\t<img loading=\"lazy\" decoding=\"async\" src=\"https:\/\/www.europesays.com\/it\/wp-content\/uploads\/2025\/09\/1758060682_662_Banner-App-SpazioCiclismo.png\" alt=\"\" width=\"728\" height=\"91\"\/><br \/>\n\t\t\t\t\t<\/a><\/p>\n<p>Sembra sempre pi\u00f9 chiara la voglia di Jonas Vingegaard di partecipare al Giro d\u2019Italia 2026. Gi\u00e0 prima di trionfare alla Vuelta a Espa\u00f1a il danese aveva chiaramente fatto sapere che se fosse riuscito a conquistare la Maglia Rossa, la Corsa Rosa sarebbe diventato un obiettivo e lo ha prontamente ribadito in questi giorni. A margine della deludente prestazione agli Europei di Dr\u00f4me-Ard\u00e8che, il portacolori della Visma | Lease a Bike ha comunque risposto alle domande dei suoi media nazionali e tra questi inevitabile cominciare a pensare al prossimo anno, con la decisione sui GT da affrontare che sar\u00e0 chiaramente cruciale<\/p>\n<p>\u201cAvevo gi\u00e0 detto alla Vuelta che mi sarebbe piaciuto \u2013 ribadisce dunque il due volte vincitore del Tour de France a Feltet \u2013 Ma non dipende solo da me, dipende anche da cosa vuole la squadra. Chiaramente, da un lato ci sono le mie richieste, ma dobbiamo anche vedere come squadra quali saranno i nostri obiettivi per la prossima stagione\u201d.<\/p>\n<p>Dipendesse da lui sarebbe dunque al via della prossima edizione della Corsa Rosa, ma bisogna capire le intenzioni della squadra che ha chiaramente sempre nella Grande Boucle il momento chiave della stagione. \u201cCredo che il Tour rimarr\u00e0 il grande obiettivo, e lo sar\u00e0 praticamente ogni anno, finch\u00e9 correr\u00f2 e potr\u00f2 lottare per la vittoria \u2013 commenta al riguardo lo scalatore danese, che non sembra comunque escludere di partecipare a entrambe le corse \u2013 Quindi vedremo cosa succeder\u00e0\u201d.<\/p>\n<p>Per Vingegaard, che ha corso cinque volte consecutive la Grande Boucle, dal 2021 ad oggi, sarebbe la prima partecipazione al Giro d\u2019Italia, mentre in carriera ha anche corso tre volte la Vuelta a Espa\u00f1a (2020, 2023, 2025). Vincitore due volte del Tour (2022,2023) e una della Vuelta (2025), il 29enne scandinavo andr\u00e0 cos\u00ec a caccia della tripla corona, che finora solo in sette nelle storia sono riusciti a compiere (e tra questi non c\u2019\u00e8 ancora Tadej Pogacar che potenzialmente potrebbe riuscirci comunque qualche mese pi\u00f9 tardi, andando a caccia in estate della Vuelta, unico GT assente dalla sua bacheca al momento).<\/p>\n","protected":false},"excerpt":{"rendered":"Sembra sempre pi\u00f9 chiara la voglia di Jonas Vingegaard di partecipare al Giro d\u2019Italia 2026. Gi\u00e0 prima di&hellip;\n","protected":false},"author":3,"featured_media":152365,"comment_status":"","ping_status":"","sticky":false,"template":"","format":"standard","meta":{"footnotes":""},"categories":[1456],"tags":[1824,1825,30818,1537,90,89,1527,245,244,7821],"class_list":{"0":"post-152364","1":"post","2":"type-post","3":"status-publish","4":"format-standard","5":"has-post-thumbnail","7":"category-ciclismo","8":"tag-ciclismo","9":"tag-cycling","10":"tag-giro-ditalia-2026","11":"tag-it","12":"tag-italia","13":"tag-italy","14":"tag-jonas-vingegaard","15":"tag-sport","16":"tag-sports","17":"tag-team-visma-lease-a-bike-2025"},"share_on_mastodon":{"url":"","error":""},"_links":{"self":[{"href":"https:\/\/www.europesays.com\/it\/wp-json\/wp\/v2\/posts\/152364","targetHints":{"allow":["GET"]}}],"collection":[{"href":"https:\/\/www.europesays.com\/it\/wp-json\/wp\/v2\/posts"}],"about":[{"href":"https:\/\/www.europesays.com\/it\/wp-json\/wp\/v2\/types\/post"}],"author":[{"embeddable":true,"href":"https:\/\/www.europesays.com\/it\/wp-json\/wp\/v2\/users\/3"}],"replies":[{"embeddable":true,"href":"https:\/\/www.europesays.com\/it\/wp-json\/wp\/v2\/comments?post=152364"}],"version-history":[{"count":0,"href":"https:\/\/www.europesays.com\/it\/wp-json\/wp\/v2\/posts\/152364\/revisions"}],"wp:featuredmedia":[{"embeddable":true,"href":"https:\/\/www.europesays.com\/it\/wp-json\/wp\/v2\/media\/152365"}],"wp:attachment":[{"href":"https:\/\/www.europesays.com\/it\/wp-json\/wp\/v2\/media?parent=152364"}],"wp:term":[{"taxonomy":"category","embeddable":true,"href":"https:\/\/www.europesays.com\/it\/wp-json\/wp\/v2\/categories?post=152364"},{"taxonomy":"post_tag","embeddable":true,"href":"https:\/\/www.europesays.com\/it\/wp-json\/wp\/v2\/tags?post=152364"}],"curies":[{"name":"wp","href":"https:\/\/api.w.org\/{rel}","templated":true}]}}