{"id":152366,"date":"2025-10-08T02:56:12","date_gmt":"2025-10-08T02:56:12","guid":{"rendered":"https:\/\/www.europesays.com\/it\/152366\/"},"modified":"2025-10-08T02:56:12","modified_gmt":"2025-10-08T02:56:12","slug":"motogp-2025-gigi-dalligna-dopo-lindonesia-valutare-tutti-i-dati-tecnici-con-calma-a-maggior-ragione-per-pecco-di-cui-tanto-si-e-gia-detto-motogp","status":"publish","type":"post","link":"https:\/\/www.europesays.com\/it\/152366\/","title":{"rendered":"MotoGP 2025. Gigi Dall\u2019Igna dopo l\u2019Indonesia: \u201cValutare tutti i dati tecnici con calma, a maggior ragione per Pecco, di cui tanto si \u00e8 gi\u00e0 detto\u201d &#8211; MotoGP"},"content":{"rendered":"<p>\n            Il Dg ha augurato un pronto recupero a Marquez, poi ha lodato il team Gresini e Aldeguer: \u201cVittoria al primo anno, come solo i campioni veri\u201d\n        <\/p>\n<p>              7 ottobre 2025<\/p>\n<p><strong>L&#8217;infortunio di Marquez, le enormi difficolt\u00e0 di Bagnaia.<\/strong><\/p>\n<p><strong>Gigi Dall&#8217;Igna\u00a0<\/strong>come ogni marted\u00ec ha commentato l&#8217;ultimo GP disputato, sicuramente il pi\u00f9 complicato in questo 2025 rosso.\u00a0<\/p>\n<p>&#8220;\u00c8 stato senza dubbio un weekend <strong>molto complicato<\/strong> per noi del Factory Team, eppure con un ottimo risultato per Ducati e i suoi giovani piloti, che ha visto la <strong>strepitosa vittoria di Aldeguer<\/strong> completata dall&#8217;ottimo terzo posto di Alex Marquez&#8221;.<\/p>\n<p><strong>Aspetti positivi:\u00a0<\/strong>&#8220;Innanzitutto, possiamo festeggiare un meraviglioso titolo di Campione del Mondo a squadre conquistato dopo la Sprint Race di sabato! Vincerlo in quello che \u00e8 stato il nostro peggior weekend della stagione la dice lunga sul fantastico campionato che stiamo vivendo. <strong>Lo dedico<\/strong> alla nostra straordinaria squadra, <strong>alle nostre ragazze e ai nostri ragazzi <\/strong>di grande valore umano oltre che tecnico: professionisti assoluti che sanno lavorare insieme per tirare fuori quel qualcosa in pi\u00f9 che fa la differenza&#8221;.<\/p>\n<p>&#8220;Sono orgoglioso di tutti loro, \u00e8 un privilegio far parte di un gruppo che ha scritto le pagine della storia di questo sport e, per coronare il tutto, si \u00e8 affermato con una filosofia che \u00e8 un vero e proprio modo di essere, vivere e vincere. <strong>Campioni del mondo!<\/strong>&#8220;.<br \/>\u00a0<\/p>\n<p>Sulla domenica: &#8220;In una giornata che per noi non \u00e8 stata brillante,<strong> i piloti del Team Gresini si sono impegnati a regalare a Ducati il record assoluto <\/strong>di podi consecutivi in Regina! Una <strong>luce brillante<\/strong> di nome <strong>Fermin<\/strong> rende incandescente la pista di Mandalika. \u00c8 la <strong>sua prima vittoria<\/strong>: segnata nel suo anno da <strong>rookie<\/strong> in MotoGP, come <strong>solo i veri campioni <\/strong>sanno fare&#8221;.<\/p>\n<p>Ancora su <strong>Aldeguer<\/strong>: &#8220;\u00c8 il secondo pilota pi\u00f9 giovane della storia a vincere un GP, infatti appena dietro a Marc. Non solo ha vinto, ma ha <strong>effettivamente dominato<\/strong>, non sembrando affatto un principiante nel conquistare la sua prima vittoria. Una <strong>strategia perfetta<\/strong>, una guida pulita eppure aggressiva: controllava, spingeva, allungava il vantaggio e gestiva, accumulando un vantaggio come solo un campione esperto sa fare. Ha sicuramente sfruttato al meglio la situazione che si \u00e8 venuta a creare in gara, in un weekend iniziato in bellezza il venerd\u00ec e proseguito ancora meglio con il secondo posto del sabato&#8221;.<\/p>\n<p>Su <strong>Marquez junior<\/strong>: &#8220;Alex, dal canto suo, non \u00e8 stato veloce come al solito, ma \u00e8 riuscito ad agguantare il <strong>podio<\/strong> con una <strong>gara intelligente<\/strong>; quest&#8217;anno ha dimostrato un&#8217;incredibile costanza, che gli \u00e8 valsa il titolo di &#8220;<strong>Best Independent Ride<\/strong>r&#8221; e ha rafforzato il suo secondo posto in classifica generale. Un <strong>plauso speciale<\/strong>, quindi, va al <strong>Team Gresini<\/strong> e al suo prezioso e lodevole lavoro, complimenti davvero!&#8221;.<\/p>\n<p>Infine sui <strong>piloti rossi, Marquez e Bagnaia: &#8220;<\/strong>Ma prima di tutto, inviamo a Marc i nostri pi\u00f9 sentiti auguri di una completa guarigione, senza urgenze o imprevisti. Fortunatamente, il tempo \u00e8 dalla nostra parte. \u00c8 stato un fine settimana in cui tutto \u00e8 stato complicato e molto difficile da digerire. Dovremo valutare tutti i dati tecnici con la calma e la pazienza necessarie, a maggior ragione <strong>per Pecco, di cui tanto si \u00e8 gi\u00e0 detto<\/strong>. Andremo avanti con le stesse convinzioni e fiducia, di sempre&#8221;.<\/p>\n<p><strong>Conclusione:\u00a0<\/strong>&#8220;Diciamo solo che Mandalika \u00e8 stato uno di quei weekend che capitano, anche a noi&#8230; Questa \u00e8 la notizia dell&#8217;ultima ora del momento. Ogni tanto, abbiamo anche bisogno di queste situazioni difficili per ricordarci che nulla \u00e8 facile e che tutto \u00e8 frutto di un impegno costante, sempre. Dai, Ducati!&#8221;.<\/p>\n","protected":false},"excerpt":{"rendered":"Il Dg ha augurato un pronto recupero a Marquez, poi ha lodato il team Gresini e Aldeguer: \u201cVittoria&hellip;\n","protected":false},"author":3,"featured_media":152367,"comment_status":"","ping_status":"","sticky":false,"template":"","format":"standard","meta":{"footnotes":""},"categories":[1455],"tags":[3004,38739,2361,1537,90,89,1783,1785,1806,1784,245,244],"class_list":{"0":"post-152366","1":"post","2":"type-post","3":"status-publish","4":"format-standard","5":"has-post-thumbnail","7":"category-moto","8":"tag-3004","9":"tag-davide-tardozzi","10":"tag-gigi-dall","11":"tag-it","12":"tag-italia","13":"tag-italy","14":"tag-moto","15":"tag-motogp","16":"tag-motomondiale","17":"tag-motorcycle","18":"tag-sport","19":"tag-sports"},"share_on_mastodon":{"url":"","error":""},"_links":{"self":[{"href":"https:\/\/www.europesays.com\/it\/wp-json\/wp\/v2\/posts\/152366","targetHints":{"allow":["GET"]}}],"collection":[{"href":"https:\/\/www.europesays.com\/it\/wp-json\/wp\/v2\/posts"}],"about":[{"href":"https:\/\/www.europesays.com\/it\/wp-json\/wp\/v2\/types\/post"}],"author":[{"embeddable":true,"href":"https:\/\/www.europesays.com\/it\/wp-json\/wp\/v2\/users\/3"}],"replies":[{"embeddable":true,"href":"https:\/\/www.europesays.com\/it\/wp-json\/wp\/v2\/comments?post=152366"}],"version-history":[{"count":0,"href":"https:\/\/www.europesays.com\/it\/wp-json\/wp\/v2\/posts\/152366\/revisions"}],"wp:featuredmedia":[{"embeddable":true,"href":"https:\/\/www.europesays.com\/it\/wp-json\/wp\/v2\/media\/152367"}],"wp:attachment":[{"href":"https:\/\/www.europesays.com\/it\/wp-json\/wp\/v2\/media?parent=152366"}],"wp:term":[{"taxonomy":"category","embeddable":true,"href":"https:\/\/www.europesays.com\/it\/wp-json\/wp\/v2\/categories?post=152366"},{"taxonomy":"post_tag","embeddable":true,"href":"https:\/\/www.europesays.com\/it\/wp-json\/wp\/v2\/tags?post=152366"}],"curies":[{"name":"wp","href":"https:\/\/api.w.org\/{rel}","templated":true}]}}