{"id":152396,"date":"2025-10-08T03:16:09","date_gmt":"2025-10-08T03:16:09","guid":{"rendered":"https:\/\/www.europesays.com\/it\/152396\/"},"modified":"2025-10-08T03:16:09","modified_gmt":"2025-10-08T03:16:09","slug":"cade-in-palestra-paura-per-una-ragazza-di-17-anni","status":"publish","type":"post","link":"https:\/\/www.europesays.com\/it\/152396\/","title":{"rendered":"Cade in palestra paura per una ragazza di 17 anni"},"content":{"rendered":"\n<p>\u00c8 caduta in palestra e ha fatto spaventare un po\u2019 tutti per via del trauma cranico subito. Sulle prime, insomma, il trauma cranico subito pareva potesse avere conseguenze serie. \u00c8 accaduto nella mattinata di luned\u00ec nella palestra dell\u2019istituto Vanoni: una studentessa diciassettenne impegnata in un esercizio ha perso l\u2019equilibrio in maniera banale e ha sbattuto la testa a terra. <\/p>\n<p>Lei \u00e8 rimasta un po\u2019 disorientata e spaventata e il suo trauma cranico ha messo un po\u2019 tutti in allarme, a partire dai compagni e dal docente che stavano in palestra. Il servizio 118 ha inviato sul posto il personale del vicino presidio della Croce Rossa e l\u2019automedica. La ragazza \u00e8 stata trasportata all\u2019ospedale di Gravedona, dove tutti gli accertamenti, per fortuna, hanno escluso complicazioni. \u00c8 stata tuttavia tenuta in osservazione ventiquattrore per precauzione e nel pomeriggio di ieri \u00e8 stata dimessa e ha potuto far ritorno a casa. Non \u00e8 la prima volta che in una palestra scolastica capita un infortunio: quello dell\u2019altro giorno a Menaggio, come detto, non \u00e8 frutto di uno scontro di gioco, ma di una caduta del tutto fortuita. <\/p>\n<p>\u00abSiamo tutti sollevati \u2013 commenta il dirigente scolastico, Giuseppe Perticaro, che in questi giorni \u00e8 fuori sede \u2013 . Mi \u00e8 stato subito riferito dell\u2019incidente, verificatosi in maniera del tutto casuale, e mi sono tenuto informato. Non ci sono affatto conseguenze gravi, per fortuna, ed \u00e8 la notizia che tutti volevamo arrivasse al pi\u00f9 presto\u00bb. <\/p>\n","protected":false},"excerpt":{"rendered":"\u00c8 caduta in palestra e ha fatto spaventare un po\u2019 tutti per via del trauma cranico subito. Sulle&hellip;\n","protected":false},"author":3,"featured_media":152397,"comment_status":"","ping_status":"","sticky":false,"template":"","format":"standard","meta":{"footnotes":""},"categories":[1481],"tags":[2065,2066,26754,9043,1909,10210,94272,239,2063,2064,70496,7578,94273,23475,1537,90,89,370,240,2061,2258,245],"class_list":{"0":"post-152396","1":"post","2":"type-post","3":"status-publish","4":"format-standard","5":"has-post-thumbnail","7":"category-assistenza-sanitaria","8":"tag-assistenza-sanitaria","9":"tag-assistenzasanitaria","10":"tag-croce-rossa","11":"tag-disastri","12":"tag-famiglia","13":"tag-ginnastica","14":"tag-giuseppe-perticaro","15":"tag-health","16":"tag-health-care","17":"tag-healthcare","18":"tag-incidente-generico","19":"tag-incidenti","20":"tag-istituto-vanoni","21":"tag-istruzione","22":"tag-it","23":"tag-italia","24":"tag-italy","25":"tag-malattia","26":"tag-salute","27":"tag-scuola","28":"tag-sociale","29":"tag-sport"},"share_on_mastodon":{"url":"","error":""},"_links":{"self":[{"href":"https:\/\/www.europesays.com\/it\/wp-json\/wp\/v2\/posts\/152396","targetHints":{"allow":["GET"]}}],"collection":[{"href":"https:\/\/www.europesays.com\/it\/wp-json\/wp\/v2\/posts"}],"about":[{"href":"https:\/\/www.europesays.com\/it\/wp-json\/wp\/v2\/types\/post"}],"author":[{"embeddable":true,"href":"https:\/\/www.europesays.com\/it\/wp-json\/wp\/v2\/users\/3"}],"replies":[{"embeddable":true,"href":"https:\/\/www.europesays.com\/it\/wp-json\/wp\/v2\/comments?post=152396"}],"version-history":[{"count":0,"href":"https:\/\/www.europesays.com\/it\/wp-json\/wp\/v2\/posts\/152396\/revisions"}],"wp:featuredmedia":[{"embeddable":true,"href":"https:\/\/www.europesays.com\/it\/wp-json\/wp\/v2\/media\/152397"}],"wp:attachment":[{"href":"https:\/\/www.europesays.com\/it\/wp-json\/wp\/v2\/media?parent=152396"}],"wp:term":[{"taxonomy":"category","embeddable":true,"href":"https:\/\/www.europesays.com\/it\/wp-json\/wp\/v2\/categories?post=152396"},{"taxonomy":"post_tag","embeddable":true,"href":"https:\/\/www.europesays.com\/it\/wp-json\/wp\/v2\/tags?post=152396"}],"curies":[{"name":"wp","href":"https:\/\/api.w.org\/{rel}","templated":true}]}}