{"id":152410,"date":"2025-10-08T03:28:27","date_gmt":"2025-10-08T03:28:27","guid":{"rendered":"https:\/\/www.europesays.com\/it\/152410\/"},"modified":"2025-10-08T03:28:27","modified_gmt":"2025-10-08T03:28:27","slug":"ecco-come-sara-il-nuovo-allestimento-della-pinacoteca-nazionale-di-siena-parla-marco-magni","status":"publish","type":"post","link":"https:\/\/www.europesays.com\/it\/152410\/","title":{"rendered":"Ecco come sar\u00e0 il nuovo allestimento della Pinacoteca Nazionale di Siena: parla Marco Magni"},"content":{"rendered":"<p>                        di<br \/>\n\t\t\t\t                    <a href=\"https:\/\/www.finestresullarte.info\/179p_ilaria-baratta.php\" rel=\"nofollow noopener\" target=\"_blank\"><br \/>\n                    Ilaria Baratta<\/a><br \/>\n                    , scritto il 07\/10\/2025<br \/>\n\t\t<br \/>Categorie:                 <a href=\"https:\/\/www.finestresullarte.info\/8c_interviste.php\" rel=\"nofollow noopener\" target=\"_blank\">Interviste<\/a>                             \/ Argomenti: <a href=\"https:\/\/www.finestresullarte.info\/tag\/musei.php\" rel=\"nofollow noopener\" target=\"_blank\">Musei<\/a> &#8211; <a href=\"https:\/\/www.finestresullarte.info\/tag\/nuovo-allestimento.php\" rel=\"nofollow noopener\" target=\"_blank\">Nuovo allestimento<\/a> &#8211; <a href=\"https:\/\/www.finestresullarte.info\/tag\/museografia.php\" rel=\"nofollow noopener\" target=\"_blank\">Museografia<\/a> &#8211; <a href=\"https:\/\/www.finestresullarte.info\/tag\/pinacoteca-nazionale-di-siena.php\" rel=\"nofollow noopener\" target=\"_blank\">Pinacoteca nazionale di Siena<\/a> <\/p>\n<p>\n                Alla Pinacoteca Nazionale di Siena sono iniziati i lavori di riallestimento che si protrarranno fino a giugno 2026. Il progetto \u00e8 stato affidato allo studio Guicciardini &amp; Magni Architetti di Firenze. Abbiamo parlato con l\u2019architetto Marco Magni per farci raccontare come sar\u00e0 la nuova Pinacoteca. L\u2019intervista \u00e8 di Ilaria Baratta.\u00a0            <\/p>\n<p>Alla Pinacoteca Nazionale di Siena sono iniziati i lavori di efficientamento energetico e abbattimento delle barriere architettoniche che si protrarranno fino a giugno 2026, occasione, insieme alla movimentazione delle opere, per ripensare a un nuovo allestimento del museo, al fine di adeguarlo a standard moderni e internazionali e di renderlo pi\u00f9 accessibile. Un cambiamento che giunge a quasi un secolo dalla sua nascita. Il progetto di riallestimento \u00e8 stato affidato allo studio Guicciardini &amp; Magni Architetti di Firenze. Abbiamo parlato con l\u2019architetto Marco Magni per farci raccontare i criteri principali che hanno guidato le scelte progettuali e in che modo il museo senese sar\u00e0 rinnovato e pi\u00f9 accessibile a tutti. L\u2019intervista \u00e8 di Ilaria Baratta.<\/p>\n<p><img loading=\"lazy\" decoding=\"async\" alt=\"Pinacoteca Nazionale di Siena\" title=\"Pinacoteca Nazionale di Siena\" src=\"https:\/\/www.europesays.com\/it\/wp-content\/uploads\/2025\/10\/targa-pinacoteca-nazionale-siena.jpg\" width=\"750\" height=\"461\" class=\"lazy\"\/>&#13;<br \/>\nPinacoteca Nazionale di Siena&#13;<\/p>\n<p><strong>IB. Quali sono stati i criteri principali che hanno guidato il nuovo progetto di riallestimento della Pinacoteca?<\/strong><\/p>\n<p>MM. Nei nostri progetti museali non neghiamo mai l\u2019architettura esistente, ma con i nostri mezzi, l\u2019architettura, il restauro, l\u2019allestimento museografico, cerchiamo di valorizzare le opere nella loro cornice. Siamo molto attenti alla messa a punto di un ritmo narrativo che aiuti il progredire della visita. Dobbiamo pensare che i musei cambiano e con essi cambiano i visitatori e persino le opere. I musei di oggi sono spazi di apprendimento, ma anche di elaborazione, interazione, socialit\u00e0 e per questo hanno bisogno di aria nuova, nel rispetto e nella comprensione della loro storia e della storia delle collezioni che espongono. Certamente il nostro progetto di riqualificazione per la Pinacoteca Nazionale di Siena si basa sul riconoscimento del valore dell\u2019architettura storica del palazzo che la ospita, abitazione principale della famiglia Pannocchieschi prima di essere accorpato, nei primi anni del XX secolo, a Palazzo Buonsignori e diventare, nel 1929, la sede della Pinacoteca Nazionale di Siena. Nei musei di oggi l\u2019area di accoglienza costituisce uno spazio fondamentale per instaurare un rapporto di scambio culturale con il visitatore. L\u2019area d\u2019accoglienza rappresenta il momento di inizio e di chiusura dell\u2019esperienza di visita e contiene elementi di informazione, orientamento, comfort. La nuova biglietteria della Pinacoteca sar\u00e0 posizionata a fianco dell\u2019ingresso, lasciando libero lo spazio che occupa attualmente per ricavare un nuovo bookshop. Il progetto prevede l\u2019inserimento di alcune sedute concentriche intorno al pozzo nel cortile coperto per far s\u00ec che questo luogo diventi non solo di transito ma anche di permanenza e contemplazione. Da questo spazio si accede alla nuova sede per esposizioni temporanee, che ora viene collocata a piano terra. Le sale espositive saranno completamente rinnovate. La loro attuale uniformit\u00e0, priva di connotazioni storiche, determina una lettura troppo omogenea della collezione. Le pareti sono inoltre contaminate dalla presenza di passaggi impiantistici quali canalette e tubazioni. Non potendole eliminare, n\u00e9 occultarle sotto traccia, abbiamo pensato di creare delle nuove leggere pareti allestitive per coprirle alla vista.<\/p>\n<p><strong>Come riuscirete a coniugare il rispetto della cronologia delle opere con un adeguamento del museo a standard moderni e internazionali?<\/strong><\/p>\n<p>Il progetto prevede che, mentre le pareti originali che restano in vista restino colorate di bianco, le nuove pareti allestitive siano colorate in base alla sezione di appartenenza. Avremo cos\u00ec tanti colori quante sono le sezioni del museo: Duecento, Trecento, Tardo Gotico, Quattrocento, Cinquecento, Seicento. Il colore delle pareti espositive costituisce un tema ricorrente nei musei d\u2019arte antica. Nel nostro caso la scelta dei colori si riferisce all\u2019epoca di realizzazione delle opere, ma soprattutto alle stesse opere esposte, dal repertorio cromatico delle quali sono tratti i colori che abbiamo proposto. I nuovi colori si raccordano con i materiali dell\u2019architettura: le nuove pavimentazioni in legno chiaro, e i soffitti preesistenti in legno scuro e in gesso.<\/p>\n<p><img loading=\"lazy\" decoding=\"async\" alt=\"Spaccato assonometrico del primo piano della Pinacoteca Nazionale di Siena\" title=\"Spaccato assonometrico del primo piano della Pinacoteca Nazionale di Siena\" src=\"https:\/\/www.europesays.com\/it\/wp-content\/uploads\/2025\/10\/spaccato-assonometrico-primo-piano.jpg\" width=\"750\" height=\"530\" class=\"lazy\"\/>&#13;<br \/>\nSpaccato assonometrico del primo piano della Pinacoteca Nazionale di Siena&#13;<\/p>\n<p><img loading=\"lazy\" decoding=\"async\" alt=\"Spaccato assonometrico del pianterreno\" title=\"Spaccato assonometrico del pianterreno\" src=\"https:\/\/www.europesays.com\/it\/wp-content\/uploads\/2025\/10\/spaccato-assonometrico-piano-0.jpg\" width=\"750\" height=\"385\" class=\"lazy\"\/>&#13;<br \/>\nSpaccato assonometrico del pianterreno&#13;<\/p>\n<p><strong>Quali criteri hanno guidato le scelte progettuali rispetto alla \u201csedimentazione di stili espositivi\u201d che si \u00e8 stratificata negli anni?<\/strong><\/p>\n<p>La Pinacoteca \u00e8 oggetto di una riqualificazione complessiva, voluta dal direttore Axel H\u00e9mery, sia a livello di ordinamento che di allestimento. Il progetto si basa sul rispetto dell\u2019architettura storica e sul mantenimento di alcuni dei pregevoli allestimenti realizzati negli anni Novanta dagli architetti Nepi e Terrosi, ma la maggioranza delle sale \u00e8 priva di qualsiasi segno progettuale, anche per via della tipologia di opere esposte, quasi esclusivamente dipinti. Per questo siamo intervenuti con coraggio.<\/p>\n<p><strong>Quali soluzioni specifiche adotterete per rendere la Pinacoteca pi\u00f9 accessibile a tutti i pubblici?<\/strong><\/p>\n<p>Gli interventi proposti nel progetto per la riqualificazione della Pinacoteca sono concepiti in modo che tutti gli ambienti siano accessibili. Occorre superare il limite psicologico che contrappone parti espositive e aree di riposo: tutto il palazzo si offrir\u00e0 come una grande area di accoglienza, dotata di elevato comfort a livello di suggestioni culturali come di relax. Il comfort \u00e8 ottenuto attraverso l\u2019integrazione di diverse azioni legate al design, e tra queste la ricerca di un ottimale rapporto visivo a livello di illuminazione naturale e artificiale, ma anche la variet\u00e0 del percorso e l\u2019alternarsi di situazioni diverse e tali da rinnovare l\u2019attenzione del visitatore nel procedere della visita. Oltre a questo saranno introdotti specifici ausili tattili e visivi per la migliore comprensione delle opere da parte di tutti.<\/p>\n<p><img loading=\"lazy\" decoding=\"async\" alt=\"Rendering della corte\" title=\"Rendering della corte\" src=\"https:\/\/www.europesays.com\/it\/wp-content\/uploads\/2025\/10\/rendering-corte.jpg\" width=\"750\" height=\"583\" class=\"lazy\"\/>&#13;<br \/>\nRendering della corte&#13;<\/p>\n<p><img loading=\"lazy\" decoding=\"async\" alt=\"Rendering della Sala 7\" title=\"Rendering della Sala 7\" src=\"https:\/\/www.europesays.com\/it\/wp-content\/uploads\/2025\/10\/rendering-sala-7.jpg\" width=\"750\" height=\"583\" class=\"lazy\"\/>&#13;<br \/>\nRendering della Sala 7&#13;<\/p>\n<p><img loading=\"lazy\" decoding=\"async\" alt=\"Rendering della sala 12\" title=\"Rendering della sala 12\" src=\"https:\/\/www.europesays.com\/it\/wp-content\/uploads\/2025\/10\/rendering-sala-12.jpg\" width=\"750\" height=\"583\" class=\"lazy\"\/>&#13;<br \/>\nRendering della sala 12&#13;<\/p>\n<p><img loading=\"lazy\" decoding=\"async\" alt=\"Rendering della sala 19\" title=\"Rendering della sala 19\" src=\"https:\/\/www.europesays.com\/it\/wp-content\/uploads\/2025\/10\/rendering-sala-19.jpg\" width=\"750\" height=\"583\" class=\"lazy\"\/>&#13;<br \/>\nRendering della sala 19&#13;<\/p>\n<p><img loading=\"lazy\" decoding=\"async\" alt=\"Rendering della sala 37\" title=\"Rendering della sala 37\" src=\"https:\/\/www.europesays.com\/it\/wp-content\/uploads\/2025\/10\/rendering-sala-37.jpg\" width=\"750\" height=\"583\" class=\"lazy\"\/>&#13;<br \/>\nRendering della sala 37&#13;<\/p>\n<p><img loading=\"lazy\" decoding=\"async\" alt=\"Attuale allestimento della sala 12\" title=\"Attuale allestimento della sala 12\" src=\"https:\/\/www.europesays.com\/it\/wp-content\/uploads\/2025\/10\/allestimento-attuale-sala-12.jpg\" width=\"750\" height=\"563\" class=\"lazy\"\/>&#13;<br \/>\nAttuale allestimento della sala 12&#13;<\/p>\n<p><img loading=\"lazy\" decoding=\"async\" alt=\"\" title=\"\" src=\"https:\/\/cdn.finestresullarte.info\/rivista\/immagini\/2025\/3264\/\" width=\"750\" height=\"750\" class=\"lazy\"\/>&#13;<br \/>\n&#13;<\/p>\n<p><strong>Sono previsti elementi innovativi nell\u2019allestimento?<\/strong><\/p>\n<p>L\u2019elemento di novit\u00e0 \u00e8 dato dall\u2019integrazione dei nuovi impianti di climatizzazione, in accordo con l\u2019architettura esistente. L\u2019apparato illuminotecnico, realizzato su progetto di Fulvio Baldeschi, Light Company, \u00e8 stato completamente ripensato e propone una lettura sicuramente innovativa delle straordinarie opere esposte. Le diverse soluzioni proposte per l\u2019illuminazione delle sale sono raggruppate in tre tipologie: per le sale di maggiori dimensioni abbiamo proposto un sistema di illuminazione caratterizzato da una superficie centrale diffondente che crea una luce zenitale d\u2019ambiente, affiancata da un binario perimetrale con faretti che illuminano puntualmente le opere; per le sale con soffitti in legno, perlopi\u00f9 collocate al secondo piano, l\u2019illuminazione \u00e8 stata realizzata con binari e faretti che corrono parallelamente alle travi; in tutte le altre sale, caratterizzate da soffitti piani intonacati, abbiamo inserito un controsoffitto in cartongesso, leggermente staccato dai pannelli a parete, che si distingue per il profilo perimetrale curvo e ospita nella parte centrale binari incassati e faretti disposti su linee parallele.<\/p>\n<p><strong>Secondo Lei, quale sar\u00e0 la differenza pi\u00f9 evidente che i visitatori noteranno dopo la fine dei lavori?<\/strong><\/p>\n<p>I visitatori che torneranno in Pinacoteca dopo i nuovi lavori troveranno un ambiente sorprendente e variato, elegante e sobrio, probabilmente pi\u00f9 attrattivo rispetto alla troppo omogenea scatola bianca che caratterizzava la Pinacoteca di ieri. Se il pubblico di una volta non necessitava di una mediazione forte rispetto alle opere esposte, oggi sembra necessario valorizzare le opere con maggiore vigore, pur cercando di lavorare in modo discreto e rispettoso dell\u2019aura e dei significato delle opere esposte.<\/p>\n<p><\/p>\n<p>                Se ti \u00e8 piaciuto questo articolo abbonati a Finestre sull&#8217;Arte.<br \/>\n\t\t\t\t\t\tal prezzo di 12,00 euro all&#8217;anno avrai accesso illimitato agli articoli pubblicati sul sito di Finestre sull&#8217;Arte e ci aiuterai a crescere e<br \/>\n\t\t\t\t\t\ta<br \/>\n\t\t\t\t\t\tmantenere la nostra informazione libera e indipendente.<br \/>\n\t\t\t\t\t\t<a href=\"https:\/\/shop.finestresullarte.info\/carrello\/?add-to-cart=8971\" rel=\"nofollow noopener\" target=\"_blank\">ABBONATI&#13;<br \/>\n\t\t\t\t\t\tA <br \/>FINESTRE SULL&#8217;ARTE<\/a><br \/>\n                    <\/p>\n<p>                        <img decoding=\"async\" class=\"immagineautoreimg\" src=\"https:\/\/www.europesays.com\/it\/wp-content\/uploads\/2025\/07\/ilaria-baratta.jpg\" title=\"Ilaria Baratta\" alt=\"Ilaria Baratta\"\/><\/p>\n<p style=\"font-size:16px\">L&#8217;autrice di questo articolo: <strong>Ilaria Baratta<\/strong><\/p>\n<p>Giornalista, \u00e8 co-fondatrice di <strong>Finestre sull&#8217;Arte<\/strong> con Federico Giannini. \u00c8 nata a Carrara nel 1987 e si \u00e8 laureata a Pisa. \u00c8 responsabile della redazione di <strong>Finestre sull&#8217;Arte<\/strong>.<\/p>\n","protected":false},"excerpt":{"rendered":"di Ilaria Baratta , scritto il 07\/10\/2025 Categorie: Interviste \/ Argomenti: Musei &#8211; Nuovo allestimento &#8211; Museografia &#8211;&hellip;\n","protected":false},"author":3,"featured_media":152411,"comment_status":"","ping_status":"","sticky":false,"template":"","format":"standard","meta":{"footnotes":""},"categories":[1446],"tags":[1615,1613,1614,1611,1610,1612,203,204,1537,90,89,8399,94277,94276,94278],"class_list":{"0":"post-152410","1":"post","2":"type-post","3":"status-publish","4":"format-standard","5":"has-post-thumbnail","7":"category-arte-e-design","8":"tag-arte","9":"tag-arte-e-design","10":"tag-arteedesign","11":"tag-arts","12":"tag-arts-and-design","13":"tag-design","14":"tag-entertainment","15":"tag-intrattenimento","16":"tag-it","17":"tag-italia","18":"tag-italy","19":"tag-musei","20":"tag-museografia","21":"tag-nuovo-allestimento","22":"tag-pinacoteca-nazionale-di-siena"},"share_on_mastodon":{"url":"","error":""},"_links":{"self":[{"href":"https:\/\/www.europesays.com\/it\/wp-json\/wp\/v2\/posts\/152410","targetHints":{"allow":["GET"]}}],"collection":[{"href":"https:\/\/www.europesays.com\/it\/wp-json\/wp\/v2\/posts"}],"about":[{"href":"https:\/\/www.europesays.com\/it\/wp-json\/wp\/v2\/types\/post"}],"author":[{"embeddable":true,"href":"https:\/\/www.europesays.com\/it\/wp-json\/wp\/v2\/users\/3"}],"replies":[{"embeddable":true,"href":"https:\/\/www.europesays.com\/it\/wp-json\/wp\/v2\/comments?post=152410"}],"version-history":[{"count":0,"href":"https:\/\/www.europesays.com\/it\/wp-json\/wp\/v2\/posts\/152410\/revisions"}],"wp:featuredmedia":[{"embeddable":true,"href":"https:\/\/www.europesays.com\/it\/wp-json\/wp\/v2\/media\/152411"}],"wp:attachment":[{"href":"https:\/\/www.europesays.com\/it\/wp-json\/wp\/v2\/media?parent=152410"}],"wp:term":[{"taxonomy":"category","embeddable":true,"href":"https:\/\/www.europesays.com\/it\/wp-json\/wp\/v2\/categories?post=152410"},{"taxonomy":"post_tag","embeddable":true,"href":"https:\/\/www.europesays.com\/it\/wp-json\/wp\/v2\/tags?post=152410"}],"curies":[{"name":"wp","href":"https:\/\/api.w.org\/{rel}","templated":true}]}}