{"id":152414,"date":"2025-10-08T03:31:22","date_gmt":"2025-10-08T03:31:22","guid":{"rendered":"https:\/\/www.europesays.com\/it\/152414\/"},"modified":"2025-10-08T03:31:22","modified_gmt":"2025-10-08T03:31:22","slug":"cuori-con-frasi-di-vasco-rossi-distribuiti-in-citta-il-flashmob-della-scuola-viene-notato-dal-rocker-gesto-semplice-ma-potente","status":"publish","type":"post","link":"https:\/\/www.europesays.com\/it\/152414\/","title":{"rendered":"Cuori con frasi di Vasco Rossi distribuiti in citt\u00e0, il flashmob della scuola viene notato dal rocker: gesto semplice ma potente"},"content":{"rendered":"<p>&#13;<br \/>\n        &#13;<br \/>\n&#13;<br \/>\n        \t\t\t\t&#13;<br \/>\n&#13;<br \/>\n&#13;<\/p>\n<p>            <img loading=\"lazy\" decoding=\"async\" width=\"300\" height=\"194\" class=\"entry-thumb\" src=\"https:\/\/www.europesays.com\/it\/wp-content\/uploads\/2025\/10\/vasco-rossi-foto-300x194.jpg\"   alt=\"\" title=\"Vasco Rossi Foto\"\/>            <\/p>\n<p>Una bella iniziativa che ha visto l\u2019<strong>entusiasmo del rocker Vasco Rossi. <\/strong>In un istituto di Catanzaro \u00e8 stato organizzato un piccolo flashmob. Gli alunni hanno posto centinaia di <strong>cuori gialli con scritte rosse<\/strong> in vari angoli del corso della citt\u00e0.<\/p>\n<p>\u201cVoce che sparge bellezza\u201d<\/p>\n<p>Con grande entusiasmo hanno <strong>distribuito a passanti e negozianti o lasciato sui parabrezza delle macchine piccoli cuori con frasi tratte dalle canzoni di Vasco Rossi<\/strong>. \u201cUn gesto semplice, ma potente, che ha portato bellezza, riflessione e sorrisi. Ed \u00e8 proprio quello l\u2019intento: essere la voce che sparge bellezza\u201d.<\/p>\n<blockquote class=\"instagram-media\" data-instgrm-captioned=\"\" data-instgrm-permalink=\"https:\/\/www.instagram.com\/p\/DPd7FGOjIGz\/?utm_source=ig_embed&amp;utm_campaign=loading\" data-instgrm-version=\"14\" style=\" background:#FFF; border:0; border-radius:3px; box-shadow:0 0 1px 0 rgba(0,0,0,0.5),0 1px 10px 0 rgba(0,0,0,0.15); margin: 1px; max-width:540px; min-width:326px; padding:0; width:99.375%; width:-webkit-calc(100% - 2px); width:calc(100% - 2px);\"\/>\n<p>\u201cGrazie Vasco\u201d<\/p>\n<p>\u201cGrazie Vasco per aver dato visibilit\u00e0 al cuore della nostra scuola\u201d, ha risposto l\u2019istituto dopo la<strong> ricondivisione del cantante sul suo profilo Instagram. <\/strong><\/p>\n<p>Giornata Mondiale degli Insegnanti, Vasco Rossi sull\u2019ex prof: \u201cDiceva: facile essere dei fenomeni, \u00e8 pi\u00f9 difficile essere normali\u201d<\/p>\n<p>Il 5 ottobre, \u00e8 stata celebrata la<strong>\u00a031esima Giornata Mondiale dell\u2019Insegnante.<\/strong>\u00a0Per l\u2019occasione il cantante\u00a0<a href=\"https:\/\/www.tecnicadellascuola.it\/giornata-mondiale-degli-insegnanti-vasco-rossi-sullex-prof-diceva-facile-essere-dei-fenomeni-e-piu-difficile-essere-normali\" rel=\"nofollow noopener\" target=\"_blank\"><strong>Vasco Rossi\u00a0<\/strong>ha deciso di spendere qualche parola per\u00a0<strong>ricordare un suo ex docente<\/strong>\u00a0delle superiori<\/a>, a cui ha dedicato un post su Instagram.<a target=\"_blank\" href=\"https:\/\/www.invibes.com\/\" rel=\"noreferrer noopener nofollow\"><\/p>\n<p>Ecco le parole del 73enne: \u201cQuando facevo ragioneria avevo un professore di italiano bravissimo, un personaggio eccezionale, mi ha aperto il cervello. Le sue lezioni erano straordinarie, ci faceva pensare e cercava di cambiare il mondo attraverso la cultura. Il Professor Farinelli \u00e8 stato fondamentale per me\u201d.<\/p>\n<p>\u201cLui diceva sempre: Ricordatevi che \u00e8 facile essere dei fenomeni, la cosa pi\u00f9 difficile \u00e8 essere delle persone normali, che vanno a lavorare per mantenere la famiglia. Aveva proprio ragione\u201d, ha concluso.<\/p>\n<p>        &#13;<br \/>\n&#13;<br \/>\n&#13;<br \/>\n        &#13;<br \/>\n                        &#13;<br \/>\n            &#13;<br \/>\n&#13;<br \/>\n                                    \t                &#13;<br \/>\n&#13;<br \/>\n    <script async src=\"\/\/www.instagram.com\/embed.js\"><\/script><\/p>\n","protected":false},"excerpt":{"rendered":"&#13; &#13; &#13; &#13; &#13; &#13; Una bella iniziativa che ha visto l\u2019entusiasmo del rocker Vasco Rossi. In&hellip;\n","protected":false},"author":3,"featured_media":152415,"comment_status":"","ping_status":"","sticky":false,"template":"","format":"standard","meta":{"footnotes":""},"categories":[1443],"tags":[203,204,1537,90,89,1538,1539,2061,5926],"class_list":{"0":"post-152414","1":"post","2":"type-post","3":"status-publish","4":"format-standard","5":"has-post-thumbnail","7":"category-musica","8":"tag-entertainment","9":"tag-intrattenimento","10":"tag-it","11":"tag-italia","12":"tag-italy","13":"tag-music","14":"tag-musica","15":"tag-scuola","16":"tag-studenti"},"share_on_mastodon":{"url":"","error":""},"_links":{"self":[{"href":"https:\/\/www.europesays.com\/it\/wp-json\/wp\/v2\/posts\/152414","targetHints":{"allow":["GET"]}}],"collection":[{"href":"https:\/\/www.europesays.com\/it\/wp-json\/wp\/v2\/posts"}],"about":[{"href":"https:\/\/www.europesays.com\/it\/wp-json\/wp\/v2\/types\/post"}],"author":[{"embeddable":true,"href":"https:\/\/www.europesays.com\/it\/wp-json\/wp\/v2\/users\/3"}],"replies":[{"embeddable":true,"href":"https:\/\/www.europesays.com\/it\/wp-json\/wp\/v2\/comments?post=152414"}],"version-history":[{"count":0,"href":"https:\/\/www.europesays.com\/it\/wp-json\/wp\/v2\/posts\/152414\/revisions"}],"wp:featuredmedia":[{"embeddable":true,"href":"https:\/\/www.europesays.com\/it\/wp-json\/wp\/v2\/media\/152415"}],"wp:attachment":[{"href":"https:\/\/www.europesays.com\/it\/wp-json\/wp\/v2\/media?parent=152414"}],"wp:term":[{"taxonomy":"category","embeddable":true,"href":"https:\/\/www.europesays.com\/it\/wp-json\/wp\/v2\/categories?post=152414"},{"taxonomy":"post_tag","embeddable":true,"href":"https:\/\/www.europesays.com\/it\/wp-json\/wp\/v2\/tags?post=152414"}],"curies":[{"name":"wp","href":"https:\/\/api.w.org\/{rel}","templated":true}]}}