{"id":152430,"date":"2025-10-08T03:40:23","date_gmt":"2025-10-08T03:40:23","guid":{"rendered":"https:\/\/www.europesays.com\/it\/152430\/"},"modified":"2025-10-08T03:40:23","modified_gmt":"2025-10-08T03:40:23","slug":"e-la-posizione-della-santa-sede","status":"publish","type":"post","link":"https:\/\/www.europesays.com\/it\/152430\/","title":{"rendered":"\u00ab\u00c8 la posizione della Santa Sede\u00bb"},"content":{"rendered":"<p>\n                            Il punto sui temi di attualit\u00e0, ogni luned\u00ec<br \/>\n                            <b>Iscriviti<\/b> e ricevi le notizie via email\n                        <\/p>\n<p>Il Sette Ottobre che gi\u00e0 aveva fatto precipitare le relazioni ebraico cristiane al punto pi\u00f9 basso mai raggiunto dal Concilio Vaticano II in poi, di dimostra, ancora una volta, di essere un terreno incandescente. Stavolta ad aver innescato la polemica &#8211; l&#8217;ennesima &#8211; \u00e8 l&#8217;intervista che il cardinale <a href=\"https:\/\/www.ilmessaggero.it\/t\/pietro-parolin\" rel=\"nofollow noopener\" target=\"_blank\">Pietro Parolin<\/a> ha rilasciato ai media vaticani in occasione del pogrom di Hamas, costato la vita a 1200 vittime cacciate di casa in casa nei kibbutz dai terroristi solo perch\u00e8 ebree.\u00a0<\/p>\n<p>&#13;<br \/>\n    APPROFONDIMENTI&#13;<br \/>\n    &#13;<\/p>\n<p><strong>L&#8217;intervista di Parolin (che non piace a Israele)<\/strong><\/p>\n<p>A Israele la riflessione fatta dal cardinale non \u00e8 piaciuta, nonostante fosse lunga e assai articolata. <\/p>\n<p>In un post su X l&#8217;ambasciata israeliana presso la santa Sede scrive che \u00abl&#8217;intervista sicuramente ben intenzionata, rischia di minare gli sforzi per porre fine alla guerra a Gaza e contrastare il crescente antisemitismo. Si concentra sulla critica a Israele, trascurando il continuo rifiuto di Hamas di rilasciare gli ostaggi o di porre fine alla violenza. Ci\u00f2 che pi\u00f9 preoccupa \u00e8 l&#8217;uso problematico dell&#8217;equivalenza morale laddove non \u00e8 pertinente. Ad esempio, l&#8217;applicazione del termine &#8220;massacro&#8221; sia all&#8217;attacco genocida di Hamas del 7 ottobre sia al legittimo diritto di Israele all&#8217;autodifesa. Non esiste equivalenza morale tra uno Stato democratico che protegge i propri cittadini e un&#8217;organizzazione terroristica intenzionata a ucciderli. Ci auguriamo che le dichiarazioni future riflettano questa importante distinzione\u00bb si legge. In un altro passaggio affrontava la questione della non proporzionalit\u00e0.\u00a0\u00ab\u00c8 diritto di chi \u00e8 attaccato difendersi, ma anche la legittima difesa deve rispettare il parametro della proporzionalit\u00e0. Purtroppo, la guerra che ne \u00e8 scaturita ha avuto conseguenze disastrose e disumane\u2026 Mi colpisce e mi affligge il conteggio quotidiano dei morti in Palestina, decine, anzi a volte centinaia al giorno, tantissimi bambini la cui unica colpa sembra essere quella di essere nati l\u00ec: rischiamo di assuefarci a questa carneficina! Persone uccise mentre cercavano di raggiungere un tozzo di pane, persone rimaste sepolte sotto le macerie delle loro case, persone bombardate negli ospedali, nelle tendopoli, sfollati costretti a spostarsi da una parte all\u2019altra di quel territorio angusto e sovrappopolato\u2026 \u00c8 inaccettabile e ingiustificabile ridurre le persone umane a mere \u201cvittime collaterali\u201d\u00bb.<\/p>\n<p><strong>Le parole del cardinale<\/strong><\/p>\n<p>Parolin ricordava, inoltre,\u00a0che sono purtroppo passati gi\u00e0 due anni dal sette ottobre, \u00abalcuni ostaggi sono morti, altri sono stati rilasciati dopo lunghe trattative. Mi colpiscono profondamente e mi addolorano le immagini di queste persone tenute prigioniere nei tunnel e ridotte alla fame. Non possiamo n\u00e9 dobbiamo dimenticarci di loro. Ricordo che Papa Francesco nell\u2019ultimo anno e mezzo della sua vita ha rivolto ben 21 appelli pubblici chiedendo il rilascio degli ostaggi e ha incontrato alcune delle loro famiglie. Il suo successore, Papa Leone XIV, ha continuato a rivolgere questi appelli\u00bb. Il capo delal diplomazia vaticana in diversi altri passaggi evidenziava poi i notevoli problemi che stanno dando (anche ai cristiani) i coloni con il loro espansionismo in Cisgiordania.<\/p>\n<p><strong>La reazione del Papa<\/strong><\/p>\n<p>Papa Leone XIV nel pomeriggio, uscendo da Castelgandolfo, ha voluto difendere il cardinale Parolin dalle critiche sottolineando che il Segretario di Stato in quella intervista \u00abha espresso molto bene la posizione della Santa Sede\u00bb<\/p>\n<p>&#13;<br \/>\n                            \u00a9 RIPRODUZIONE RISERVATA&#13;<\/p>\n<p>&#13;<\/p>\n","protected":false},"excerpt":{"rendered":"Il punto sui temi di attualit\u00e0, ogni luned\u00ec Iscriviti e ricevi le notizie via email Il Sette Ottobre&hellip;\n","protected":false},"author":3,"featured_media":152431,"comment_status":"","ping_status":"","sticky":false,"template":"","format":"standard","meta":{"footnotes":""},"categories":[6],"tags":[94280,14,73,8,72,1537,90,89,1350,7,15,82,9,83,10,94281,13,11,80,84,12,81,85,1329],"class_list":{"0":"post-152430","1":"post","2":"type-post","3":"status-publish","4":"format-standard","5":"has-post-thumbnail","7":"category-ultime-notizie","8":"tag-cardinale-parolin","9":"tag-cronaca","10":"tag-gaza","11":"tag-headlines","12":"tag-israele","13":"tag-it","14":"tag-italia","15":"tag-italy","16":"tag-leone-xiv","17":"tag-news","18":"tag-notizie","19":"tag-notizie-di-cronaca","20":"tag-notizie-principali","21":"tag-notiziedicronaca","22":"tag-notizieprincipali","23":"tag-sette-ottobre","24":"tag-titoli","25":"tag-ultime-notizie","26":"tag-ultime-notizie-di-cronaca","27":"tag-ultime-notizie-e-news-di-oggi","28":"tag-ultimenotizie","29":"tag-ultimenotiziedicronaca","30":"tag-ultimenotizieenewsdioggi","31":"tag-vaticano"},"share_on_mastodon":{"url":"","error":""},"_links":{"self":[{"href":"https:\/\/www.europesays.com\/it\/wp-json\/wp\/v2\/posts\/152430","targetHints":{"allow":["GET"]}}],"collection":[{"href":"https:\/\/www.europesays.com\/it\/wp-json\/wp\/v2\/posts"}],"about":[{"href":"https:\/\/www.europesays.com\/it\/wp-json\/wp\/v2\/types\/post"}],"author":[{"embeddable":true,"href":"https:\/\/www.europesays.com\/it\/wp-json\/wp\/v2\/users\/3"}],"replies":[{"embeddable":true,"href":"https:\/\/www.europesays.com\/it\/wp-json\/wp\/v2\/comments?post=152430"}],"version-history":[{"count":0,"href":"https:\/\/www.europesays.com\/it\/wp-json\/wp\/v2\/posts\/152430\/revisions"}],"wp:featuredmedia":[{"embeddable":true,"href":"https:\/\/www.europesays.com\/it\/wp-json\/wp\/v2\/media\/152431"}],"wp:attachment":[{"href":"https:\/\/www.europesays.com\/it\/wp-json\/wp\/v2\/media?parent=152430"}],"wp:term":[{"taxonomy":"category","embeddable":true,"href":"https:\/\/www.europesays.com\/it\/wp-json\/wp\/v2\/categories?post=152430"},{"taxonomy":"post_tag","embeddable":true,"href":"https:\/\/www.europesays.com\/it\/wp-json\/wp\/v2\/tags?post=152430"}],"curies":[{"name":"wp","href":"https:\/\/api.w.org\/{rel}","templated":true}]}}