{"id":152432,"date":"2025-10-08T03:43:25","date_gmt":"2025-10-08T03:43:25","guid":{"rendered":"https:\/\/www.europesays.com\/it\/152432\/"},"modified":"2025-10-08T03:43:25","modified_gmt":"2025-10-08T03:43:25","slug":"presentazione-della-ricerca-sulla-sanita-a-modena","status":"publish","type":"post","link":"https:\/\/www.europesays.com\/it\/152432\/","title":{"rendered":"presentazione della ricerca sulla sanit\u00e0 a Modena"},"content":{"rendered":"<p>&#13;<br \/>\n      &#13;<br \/>\n&#13;<br \/>\n     &#13;<br \/>\n        &#13;<\/p>\n<p>Qual \u00e8 lo stato di salute della sanit\u00e0 pubblica? E quanto, a Modena, \u00e8 rimasta pubblica? I diritti sono per tutti o le diseguaglianze sono crescenti? E, ancora: la situazione della nostra citt\u00e0 \u00e8 la stessa del resto del Paese? Risponde a questi interrogativi la ricerca \u201cI modenesi e la sanit\u00e0\u201d che la <strong>Fondazione Mario del Monte<\/strong>, insieme alla <strong>Fondazione Gorrieri<\/strong> e al <strong>Centro Analisi Politiche Pubbliche (Capp) di Unimore<\/strong>, ha promosso per contribuire ad un\u2019analisi e ad una riflessione ritenuta urgente e necessaria con l\u2019avvicinarsi al cinquantesimo anniversario dall\u2019istituzione del Servizio Sanitario Nazionale. Nello specifico, si tratta di un\u2019indagine di opinione, condotta da Poleis attraverso un questionario a cura di Demetra Opinioni.net, rivolta a un campione rappresentativo di 650 abitanti della citt\u00e0 di Modena.<\/p>\n<p>L\u2019appuntamento \u00e8 per venerd\u00ec 10 ottobre, alle ore 17, presso la Sala Paganelli (via Emilia Ovest, 101) di Palazzo Europa a Modena. Presiedono <strong>Roberto Guerzoni<\/strong>, presidente della Fondazione Mario Del Monte, e <strong>Claudio Gorrieri<\/strong>, presidente della Fondazione Ermanno Gorrieri. Ad aprire i lavori sar\u00e0 <strong>Marcello Morciano<\/strong>, direttore del Centro Analisi delle Politiche Pubbliche (Capp) di Unimore e docente dell\u2019ateneo. Presentano la ricerca il sociologo <strong>Vittorio Martinelli<\/strong><strong> <\/strong>e il responsabile ricerche di Poleis <strong>Andrea Zoboli<\/strong>. A seguire sono previsti gli interventi del sindaco di Modena <strong>Massimo Mezzetti<\/strong> e del presidente della Regione Emilia-Romagna <strong>Michele de Pascale<\/strong>.<\/p>\n<p>L\u2019incontro sar\u00e0 trasmesso in diretta sul canale YouTube della Fondazione Mario Del Monte.<\/p>\n<p>\u00abRiteniamo che la ricerca possa essere di stimolo e di aiuto per chi quotidianamente opera per una sanit\u00e0 corrispondente al dettato costituzionale e ai principi alla base del Servizio Sanitario Nazionale &#8211; dichiara <strong>Roberto Guerzoni<\/strong>, presidente della Fondazione Mario Del Monte -. Non sta a noi dare una interpretazione univoca e conclusiva dei risultati che ci restituisce l\u2019indagine, dato che sarebbe presuntuoso e non realistico, ma alcune considerazioni crediamo emergano con grande forza e proprie queste saranno oggetto di discussione e riflessione durante la presentazione del 10 ottobre\u00bb.<\/p>\n<p>\u00abLa caratteristica, ed il pregio, di questa indagine, a cui ha contribuito anche il Centro Analisi Politiche Pubbliche (Capp) &#8211; evidenzia <strong>Claudio Gorrieri<\/strong>, presidente della Fondazione Ermanno Gorrieri &#8211; sta proprio nel cercare di ricavare, attraverso interviste ad un campione significativo di cittadini, la loro valutazione sulla copertura dei bisogni, e giudizi sulla qualit\u00e0 dei servizi sanitari messi a disposizione dei cittadini. La limitazione territoriale &#8211; l\u2019indagine ha coperto la citt\u00e0 di Modena &#8211; consente gi\u00e0 di ricavare elementi di riflessione di natura generale e, per alcuni aspetti, anche stimoli che possono essere utili a chi ha ruoli operativi, di indirizzo o di interesse sociale e politico a livello locale\u00bb.<\/p>\n<p> &#13;<br \/>\n       &#13;<br \/>\n&#13;<br \/>\n&#13;<br \/>\n  &#13;<br \/>\n  &#13;<br \/>\n&#13;<br \/>\n    &#13;<br \/>\n&#13;<br \/>\n        &#13;<br \/>\n        &#13;<br \/>\n               &#13;<br \/>\n      &#13;<br \/>\n      &#13;<br \/>\n      &#13;<br \/>\n&#13;<br \/>\n&#13;<br \/>\n            &#13;<br \/>\n   &#13;<br \/>\n&#13;<br \/>\n &#13;<br \/>\n      &#13;<br \/>\n&#13;<br \/>\n      &#13;<\/p>\n","protected":false},"excerpt":{"rendered":"&#13; &#13; &#13; &#13; &#13; Qual \u00e8 lo stato di salute della sanit\u00e0 pubblica? E quanto, a Modena,&hellip;\n","protected":false},"author":3,"featured_media":152433,"comment_status":"","ping_status":"","sticky":false,"template":"","format":"standard","meta":{"footnotes":""},"categories":[1481],"tags":[2065,2066,626,239,2063,2064,7809,1537,90,89,240,301],"class_list":{"0":"post-152432","1":"post","2":"type-post","3":"status-publish","4":"format-standard","5":"has-post-thumbnail","7":"category-assistenza-sanitaria","8":"tag-assistenza-sanitaria","9":"tag-assistenzasanitaria","10":"tag-eventi","11":"tag-health","12":"tag-health-care","13":"tag-healthcare","14":"tag-incontri","15":"tag-it","16":"tag-italia","17":"tag-italy","18":"tag-salute","19":"tag-sanita"},"share_on_mastodon":{"url":"","error":""},"_links":{"self":[{"href":"https:\/\/www.europesays.com\/it\/wp-json\/wp\/v2\/posts\/152432","targetHints":{"allow":["GET"]}}],"collection":[{"href":"https:\/\/www.europesays.com\/it\/wp-json\/wp\/v2\/posts"}],"about":[{"href":"https:\/\/www.europesays.com\/it\/wp-json\/wp\/v2\/types\/post"}],"author":[{"embeddable":true,"href":"https:\/\/www.europesays.com\/it\/wp-json\/wp\/v2\/users\/3"}],"replies":[{"embeddable":true,"href":"https:\/\/www.europesays.com\/it\/wp-json\/wp\/v2\/comments?post=152432"}],"version-history":[{"count":0,"href":"https:\/\/www.europesays.com\/it\/wp-json\/wp\/v2\/posts\/152432\/revisions"}],"wp:featuredmedia":[{"embeddable":true,"href":"https:\/\/www.europesays.com\/it\/wp-json\/wp\/v2\/media\/152433"}],"wp:attachment":[{"href":"https:\/\/www.europesays.com\/it\/wp-json\/wp\/v2\/media?parent=152432"}],"wp:term":[{"taxonomy":"category","embeddable":true,"href":"https:\/\/www.europesays.com\/it\/wp-json\/wp\/v2\/categories?post=152432"},{"taxonomy":"post_tag","embeddable":true,"href":"https:\/\/www.europesays.com\/it\/wp-json\/wp\/v2\/tags?post=152432"}],"curies":[{"name":"wp","href":"https:\/\/api.w.org\/{rel}","templated":true}]}}