{"id":152447,"date":"2025-10-08T03:55:11","date_gmt":"2025-10-08T03:55:11","guid":{"rendered":"https:\/\/www.europesays.com\/it\/152447\/"},"modified":"2025-10-08T03:55:11","modified_gmt":"2025-10-08T03:55:11","slug":"la-famiglia-luzzati-lele-non-avrebbe-approvato-lo-spazio-dato-il-7-ottobre-a-albanese","status":"publish","type":"post","link":"https:\/\/www.europesays.com\/it\/152447\/","title":{"rendered":"La famiglia Luzzati: \u201cLele non avrebbe approvato lo spazio dato il 7 ottobre a Albanese\u201d"},"content":{"rendered":"<p>\u201c<strong>Lele non avrebbe approvato<\/strong> una manifestazione di tale tenore,<strong> il 7 ottobre<\/strong>, nel giorno del ricordo del pi\u00f9 violento pogrom antisemita dopo la Shoah\u201d: la<strong> famiglia Luzzati<\/strong>, erede del grande pittore genovese di origini ebraiche, interviene in un post sui social, nella polemica che sta accompagnando l\u2019arrivo a Genova di <strong>Francesca Albanese<\/strong>, la relatrice speciale alle Nazioni Unite per i territori palestinesi occupati.<\/p>\n<p>L\u2019incidente diplomatico \u00e8 scoppiato quando \u00e8 stata resa nota la data dell\u2019incontro con Albanese, promosso da <strong>Defence for Children, Amnesty International Italia, Anpi e Giuristi Democratici<\/strong>, con il supporto del <strong>Comune di Genova<\/strong>: la coincidenza con il 7 ottobre, giorno dell\u2019anniversario del tragico attacco terroristico di Hamas a Israele, nel 2023, con 1200 morti e 250 ostaggi (dei quali ancora 48 sono nelle mani di Hamas, di cui presumibilmente solo 20 vivi). Per questo, anche se non ufficialmente, \u00e8 stata modificata la sede dell\u2019incontro di Albanese con la cittadinanza, da Palazzo Ducale, dove inizialmente era stato convocato, a un contesto meno ufficiale, per cui l\u2019iniziativa, confermata, \u00e8 stata trasferita ai <strong>giardini Luzzati<\/strong>, intitolati al pittore. Proprio per questo la famiglia ha deciso di dichiarare il proprio disagio, chiarendo per\u00f2 che <strong>sarebbe stato auspicabile soltanto un cambio di data, n\u00e9 la cancellazione di un evento pubblico, n\u00e9 il trasferimento da un luogo all\u2019altro<\/strong>, sottolineano i familiari del grande artista. <\/p>\n<p>    <img decoding=\"async\" src=\"https:\/\/www.europesays.com\/it\/wp-content\/uploads\/2025\/10\/184924171-c7a5fffc-7eed-4c32-8667-32020f4daf26.jpg\" alt=\"Il pittore Lele Luzzati (1921-2007)\" class=\"lazyload\"\/><\/p>\n<p>      Il pittore Lele Luzzati (1921-2007)\u00a0<\/p>\n<p>\u201cLa famiglia di Lele Luzzati disapprova la messa a disposizione alla signora Albanese della location intitolata al loro familiare (sappiamo benissimo che \u00e8 un luogo pubblico) nella giornata odierna \u2013 scrive la famiglia Luzzati \u2013 Lele Luzzati, <strong>uomo di sinistra, pacifista<\/strong>, la cui sorella aveva dovuto fuggire dall\u2019Italia per le <strong>leggi razziste del 1938<\/strong>, e i cui nipoti vivono in un kibbutz a ridosso della cittadina di <strong>Sderot,<\/strong> colpita dai missili di questa guerra, non avrebbe senz\u2019altro approvato una manifestazione di tale tenore nel giorno del ricordo del pi\u00f9 violento pogrom antisemita dopo la <strong>Shoah<\/strong>\u201d. I giardini Luzzati sono da sempre un luogo di diritti, di inclusione e di pace, sede del Village del Pride di Genova ed <strong>\u00e8 la prima volta che la famiglia sente la necessit\u00e0 di prendere le distanze <\/strong>da come avvenga l\u2019utilizzo dello spazio. <\/p>\n<p>Gi\u00e0 subito dopo la diffusione del comunicato stampa che invitava la cittadinanza all\u2019incontro con Francesca Albanese, <strong>la comunit\u00e0 ebraica di Genova<\/strong>, attraverso le parole della sua presidente <strong>Raffaella Petraroli Luzzati<\/strong>, si era definita \u201csconcertata per la concomitanza dell\u2019evento organizzato con Francesca Albanese e la tragica ricorrenza dell\u2019attacco del 7 ottobre\u201d. <\/p>\n<p>La replica dei Giardini Luzzati<\/p>\n<p>Nel tardo pomeriggio i gestori dello spazio comune \u201cGiardini Luzzati\u201d sulla loro pagina Facebook hanno pubblicato un post che risponde anche alle parole dei familiari dell\u2019artista: \u201cApprendiamo e rispettiamo le tante opinioni diverse che ci hanno raggiunto in queste ore, comprese quelle relative a una presunta incongruenza tra questo incontro e le origini ebraiche di Emanuele Luzzati, cui \u00e8 intitolata la piazza che tanto amiamo. Riteniamo che la cultura pacifista e antimilitarista del grande artista, la sua spinta visionaria e creativa per immaginare mondi di colore, siano da sempre un riferimento costante per la nostra attivit\u00e0 culturale\u201d.<\/p>\n","protected":false},"excerpt":{"rendered":"\u201cLele non avrebbe approvato una manifestazione di tale tenore, il 7 ottobre, nel giorno del ricordo del pi\u00f9&hellip;\n","protected":false},"author":3,"featured_media":152448,"comment_status":"","ping_status":"","sticky":false,"template":"","format":"standard","meta":{"footnotes":""},"categories":[1446],"tags":[1615,1613,1614,1611,1610,1612,203,204,1537,90,89],"class_list":{"0":"post-152447","1":"post","2":"type-post","3":"status-publish","4":"format-standard","5":"has-post-thumbnail","7":"category-arte-e-design","8":"tag-arte","9":"tag-arte-e-design","10":"tag-arteedesign","11":"tag-arts","12":"tag-arts-and-design","13":"tag-design","14":"tag-entertainment","15":"tag-intrattenimento","16":"tag-it","17":"tag-italia","18":"tag-italy"},"share_on_mastodon":{"url":"","error":""},"_links":{"self":[{"href":"https:\/\/www.europesays.com\/it\/wp-json\/wp\/v2\/posts\/152447","targetHints":{"allow":["GET"]}}],"collection":[{"href":"https:\/\/www.europesays.com\/it\/wp-json\/wp\/v2\/posts"}],"about":[{"href":"https:\/\/www.europesays.com\/it\/wp-json\/wp\/v2\/types\/post"}],"author":[{"embeddable":true,"href":"https:\/\/www.europesays.com\/it\/wp-json\/wp\/v2\/users\/3"}],"replies":[{"embeddable":true,"href":"https:\/\/www.europesays.com\/it\/wp-json\/wp\/v2\/comments?post=152447"}],"version-history":[{"count":0,"href":"https:\/\/www.europesays.com\/it\/wp-json\/wp\/v2\/posts\/152447\/revisions"}],"wp:featuredmedia":[{"embeddable":true,"href":"https:\/\/www.europesays.com\/it\/wp-json\/wp\/v2\/media\/152448"}],"wp:attachment":[{"href":"https:\/\/www.europesays.com\/it\/wp-json\/wp\/v2\/media?parent=152447"}],"wp:term":[{"taxonomy":"category","embeddable":true,"href":"https:\/\/www.europesays.com\/it\/wp-json\/wp\/v2\/categories?post=152447"},{"taxonomy":"post_tag","embeddable":true,"href":"https:\/\/www.europesays.com\/it\/wp-json\/wp\/v2\/tags?post=152447"}],"curies":[{"name":"wp","href":"https:\/\/api.w.org\/{rel}","templated":true}]}}