{"id":152457,"date":"2025-10-08T04:02:09","date_gmt":"2025-10-08T04:02:09","guid":{"rendered":"https:\/\/www.europesays.com\/it\/152457\/"},"modified":"2025-10-08T04:02:09","modified_gmt":"2025-10-08T04:02:09","slug":"emis-killa-vittima-di-truffa-online-rubati-i-soldi-per-la-bambina-malata","status":"publish","type":"post","link":"https:\/\/www.europesays.com\/it\/152457\/","title":{"rendered":"Emis Killa vittima di truffa online, rubati i soldi per la bambina malata"},"content":{"rendered":"<p>Le<strong> truffe online<\/strong> sono sempre pi\u00f9 frequenti e ingannevoli e chiunque pu\u00f2 esserne vittima, anche i pi\u00f9 famosi. A farne le spese \u00e8 stato Emiliano Rudolf Giambelli, noto con il nome d\u2019arte <strong>Emis Killa<\/strong>. Il rapper 35enne ha raccontato di aver donato del denaro per supportare le cure per una bambina malata, per poi scoprire che quei soldi non sarebbero mai arrivati alla famiglia della piccola paziente.\n<\/p>\n<p>Emis Killa denuncia la truffa online<\/p>\n<p>\u00c8 un qualcosa che abbiamo visto tutti. Immagini di una stanza d\u2019ospedale, con al centro soggetti deboli, per lo pi\u00f9 bambini, qualche volta anziani. Il racconto di un dolore immenso condensato in un reel di pochi secondi. Sono tra i contenuti pi\u00f9 virali del web e, qualche giorno fa, un post del genere \u00e8 stato consegnato anche a <a href=\"https:\/\/dilei.it\/star-e-vip\/emis-killa\/\" rel=\"nofollow noopener\" target=\"_blank\">Emis Killa<\/a>.<\/p>\n<p>In alcune stories pubblicate sul suo profilo Instagram, il rapper di Vimercate ha raccontato: \u201cL\u2019altro ieri notte qualcuno mi ha inviato il video di una povera <strong>bambina visibilmente molto malata<\/strong>, con annesso profilo per avviare raccolta fondi. Clicco sul link e con il cuore a pezzi invio una donazione per completare l\u2019obiettivo segnato\u201d.<\/p>\n<p>Poco dopo Giambelli \u00e8 colto dal sospetto che qualcosa non andasse: \u201cDa l\u00ec una successione di eventi che non sto a elencarvi mi insospettiscono; quindi, mi metto in contatto con una persona di Go Found Me (nota piattaforma di raccolta fondi, ndr) che stamattina mi conferma che <strong>\u00e8 una truffa<\/strong>\u201d. Quel video era stato rubato per estorcere del denaro.<\/p>\n<p>\u201cL\u2019unica cosa che so \u00e8 che da qualche parte nel mondo <strong>questa povera bimba esiste<\/strong> per davvero, ma le persone che speculano su storie come questa per rubare soldi al prossimo con il cuore buono, si dovrebbero cancellare non solo dai social ma dalla faccia della terra\u201d si conclude il messaggio di Emis Killa.<\/p>\n<p>Una bimba malata sfruttata sul web<\/p>\n<p>Nelle ore successive, il rapper ha condiviso la risposta ottenuta dalla piattaforma di raccolta fondi: \u201cLa tua donazione \u00e8 stata <strong>interamente rimborsata<\/strong>. Abbiamo indagato su questa e su altre raccolte simili riconducibili allo stesso account. Tutte le raccolte riconducibili a questo account sono state rimosse e i donatori rimborsati\u201d.<\/p>\n<p>Emis Killa ha dunque lanciato un appello ai propri followers: \u201cGuardatevi bene che, se avete cuore in questo mondo, c\u2019\u00e8 sempre un infame pronto ad approfittarsene. Per quanto riguarda la bambina del video, se qualcuno la conosce, lei o comunque la sua famiglia me lo segnali e sar\u00f2 felice di aiutarla dando a loro la mia donazione e ad avviare <strong>una raccolta vera<\/strong>\u201d.<\/p>\n<p>Il rapper sommerso dalle critiche<\/p>\n<p>I video di denuncia di Emis Killa hanno scatenato una valanga di commenti negativi, che accusavano il rapper di utilizzare questa storia come un <strong>pretesto per farsi buona pubblicit\u00e0<\/strong> (magari dopo i <a href=\"https:\/\/dilei.it\/spettacolo\/emis-killa-ritiro-sanremo-2025\/1620947\/\" rel=\"nofollow noopener\" target=\"_blank\">recenti guai con la legge<\/a>) e paventare impegno nel sociale. Da bravo rapper, la risposta \u00e8 arrivata per le rime: \u201cIl punto non era sulla mia beneficenza, perch\u00e9 la beneficenza l\u2019ho sempre fatta in privato, fino a prova contraria, finch\u00e9 non saltava fuori \u2018sta roba della truffa, nessuno sapeva un ca**o neanche di questo di gesto, perch\u00e9 io le cose le faccio per conto mio\u201d.<\/p>\n<p>\u201cPer\u00f2 se permettete, se vado a scoprire una roba del genere, \u2013 prosegue Giambelli \u2013 quantomeno mi premuro che nessuno venga in***ato come hanno fatto con me e che non si arricchiscano \u2018sti infamoni\u201d. Infine, lo sfogo verso i fan mai soddisfatti: \u201cMannaggia a voi. Poi dite: \u2018Fai denuncia sociale!\u2019, Poi se lo fai rompete i co****ni, non siete <strong>mai contenti<\/strong>\u201d.<\/p>\n","protected":false},"excerpt":{"rendered":"Le truffe online sono sempre pi\u00f9 frequenti e ingannevoli e chiunque pu\u00f2 esserne vittima, anche i pi\u00f9 famosi.&hellip;\n","protected":false},"author":3,"featured_media":152458,"comment_status":"","ping_status":"","sticky":false,"template":"","format":"standard","meta":{"footnotes":""},"categories":[174],"tags":[24295,203,204,1537,90,89,86],"class_list":{"0":"post-152457","1":"post","2":"type-post","3":"status-publish","4":"format-standard","5":"has-post-thumbnail","7":"category-intrattenimento","8":"tag-emis-killa","9":"tag-entertainment","10":"tag-intrattenimento","11":"tag-it","12":"tag-italia","13":"tag-italy","14":"tag-vip"},"share_on_mastodon":{"url":"","error":""},"_links":{"self":[{"href":"https:\/\/www.europesays.com\/it\/wp-json\/wp\/v2\/posts\/152457","targetHints":{"allow":["GET"]}}],"collection":[{"href":"https:\/\/www.europesays.com\/it\/wp-json\/wp\/v2\/posts"}],"about":[{"href":"https:\/\/www.europesays.com\/it\/wp-json\/wp\/v2\/types\/post"}],"author":[{"embeddable":true,"href":"https:\/\/www.europesays.com\/it\/wp-json\/wp\/v2\/users\/3"}],"replies":[{"embeddable":true,"href":"https:\/\/www.europesays.com\/it\/wp-json\/wp\/v2\/comments?post=152457"}],"version-history":[{"count":0,"href":"https:\/\/www.europesays.com\/it\/wp-json\/wp\/v2\/posts\/152457\/revisions"}],"wp:featuredmedia":[{"embeddable":true,"href":"https:\/\/www.europesays.com\/it\/wp-json\/wp\/v2\/media\/152458"}],"wp:attachment":[{"href":"https:\/\/www.europesays.com\/it\/wp-json\/wp\/v2\/media?parent=152457"}],"wp:term":[{"taxonomy":"category","embeddable":true,"href":"https:\/\/www.europesays.com\/it\/wp-json\/wp\/v2\/categories?post=152457"},{"taxonomy":"post_tag","embeddable":true,"href":"https:\/\/www.europesays.com\/it\/wp-json\/wp\/v2\/tags?post=152457"}],"curies":[{"name":"wp","href":"https:\/\/api.w.org\/{rel}","templated":true}]}}