{"id":152469,"date":"2025-10-08T04:10:09","date_gmt":"2025-10-08T04:10:09","guid":{"rendered":"https:\/\/www.europesays.com\/it\/152469\/"},"modified":"2025-10-08T04:10:09","modified_gmt":"2025-10-08T04:10:09","slug":"cure-rapide-e-senza-fare-fila-nel-nuovo-cau","status":"publish","type":"post","link":"https:\/\/www.europesays.com\/it\/152469\/","title":{"rendered":"Cure rapide e senza fare fila nel nuovo Cau"},"content":{"rendered":"<p>Anche Riccione ha il suo Centro di Assistenza e Urgenza a libero accesso, \u00e8 il settimo della provincia sui diciannove attivati nell\u2019Ausl Romagna. Aperto dal primo ottobre, \u00e8 stato inaugurato ieri al pianterreno della palazzina che ospita anche la Direzione sanitaria, in viale Formia 14, accanto all\u2019ospedale. Attivo tutti i giorni, domeniche comprese, dalle 8 alle 20, \u00e8 dotato di un\u2019equipe medico-infermieristica e di vari strumenti. Risponder\u00e0 ai pazienti per problemi di salute urgenti, a bassa complessit\u00e0 sanitaria, si va dalle cefalee ai disturbi della vista, a quelli dell\u2019udito, fino al mal denti, sintomi influenzali, lievi traumi agli arti, piccole ustioni, contratture muscolari e dolori addominali. Al Cau si potr\u00e0 ricorrere pure per cambiare il catetere e togliere punti, per stati ansiosi e variazioni di glicemia e pressione arteriosa. Queste e altre prestazioni verranno offerte in connessione col medico di Medicina generale e col pediatra di libera scelta per dare continuit\u00e0 e integrare le cure. Un particolare: la visita e alcuni accertamenti diagnostici offerti dal Cau, come l\u2019Ecg e alcuni esami ematici, sono gratuiti per i residenti e\/o assistiti della Regione, tutti gli altri per la visita pagheranno 20 euro. L\u2019aspettativa \u00e8 di alleggerire il Pronto soccorso e avere risposte in tempi pi\u00f9 veloci. Al Cau, &#8220;l\u2019attesa massima sar\u00e0 all\u2019incirca di un\u2019ora e mezzo&#8221;, prospetta il direttore generale Tiziano Carradori, presente al taglio del nastro con la sindaca Daniela Angelini, presidente del Comitato di Distretto, la direttrice sanitaria Francesca Bravi, e il direttore distrettuale Martino Ardig\u00f2. &#8220;Questo \u00e8 l\u2019ultimo Cau che dovevamo attivare in quest\u2019ambito \u2013 commenta Carradori \u2013 ci aspettiamo un certo riscontro sulla base dei risultati che stiamo rilevando. Da poco pi\u00f9 di un anno i Centri hanno totalizzato circa 350mila accessi, con giudizi molto positivi della popolazione. Si procede nonostante le enormi difficolt\u00e0 in cui si trova il Servizio Sanitario Nazionale e di conseguenza Regionale, sia di reperimento del personale medico e infermieristico, sia di natura economica per il sottofinanziamento. Nei miei 40 anni di servizio questo \u00e8 il periodo pi\u00f9 critico per il Servizio Sanitario. Non si vede una prospettiva chiara per risolvere le criticit\u00e0&#8221;. &#8220;Questo Centro garantir\u00e0 risposte tempestive e professionali ai bisogni di salute urgenti e a bassa complessit\u00e0, alleggerendo i Pronto Soccorso e rafforzando l\u2019assistenza territoriale \u2013 assicura la sindaca \u2013. Il Cau \u00e8 un tassello fondamentale del percorso, che proseguir\u00e0 con la Casa della Comunit\u00e0 di San Lorenzo, rendendo il nostro sistema pi\u00f9 forte e vicino alle persone&#8221;. Nives Concolino<\/p>\n","protected":false},"excerpt":{"rendered":"Anche Riccione ha il suo Centro di Assistenza e Urgenza a libero accesso, \u00e8 il settimo della provincia&hellip;\n","protected":false},"author":3,"featured_media":152470,"comment_status":"","ping_status":"","sticky":false,"template":"","format":"standard","meta":{"footnotes":""},"categories":[1481],"tags":[2065,2066,2339,1820,239,2063,2064,1537,90,89,68384,240],"class_list":{"0":"post-152469","1":"post","2":"type-post","3":"status-publish","4":"format-standard","5":"has-post-thumbnail","7":"category-assistenza-sanitaria","8":"tag-assistenza-sanitaria","9":"tag-assistenzasanitaria","10":"tag-cure","11":"tag-fila","12":"tag-health","13":"tag-health-care","14":"tag-healthcare","15":"tag-it","16":"tag-italia","17":"tag-italy","18":"tag-rapide","19":"tag-salute"},"share_on_mastodon":{"url":"","error":""},"_links":{"self":[{"href":"https:\/\/www.europesays.com\/it\/wp-json\/wp\/v2\/posts\/152469","targetHints":{"allow":["GET"]}}],"collection":[{"href":"https:\/\/www.europesays.com\/it\/wp-json\/wp\/v2\/posts"}],"about":[{"href":"https:\/\/www.europesays.com\/it\/wp-json\/wp\/v2\/types\/post"}],"author":[{"embeddable":true,"href":"https:\/\/www.europesays.com\/it\/wp-json\/wp\/v2\/users\/3"}],"replies":[{"embeddable":true,"href":"https:\/\/www.europesays.com\/it\/wp-json\/wp\/v2\/comments?post=152469"}],"version-history":[{"count":0,"href":"https:\/\/www.europesays.com\/it\/wp-json\/wp\/v2\/posts\/152469\/revisions"}],"wp:featuredmedia":[{"embeddable":true,"href":"https:\/\/www.europesays.com\/it\/wp-json\/wp\/v2\/media\/152470"}],"wp:attachment":[{"href":"https:\/\/www.europesays.com\/it\/wp-json\/wp\/v2\/media?parent=152469"}],"wp:term":[{"taxonomy":"category","embeddable":true,"href":"https:\/\/www.europesays.com\/it\/wp-json\/wp\/v2\/categories?post=152469"},{"taxonomy":"post_tag","embeddable":true,"href":"https:\/\/www.europesays.com\/it\/wp-json\/wp\/v2\/tags?post=152469"}],"curies":[{"name":"wp","href":"https:\/\/api.w.org\/{rel}","templated":true}]}}