{"id":152477,"date":"2025-10-08T04:16:11","date_gmt":"2025-10-08T04:16:11","guid":{"rendered":"https:\/\/www.europesays.com\/it\/152477\/"},"modified":"2025-10-08T04:16:11","modified_gmt":"2025-10-08T04:16:11","slug":"ce-anche-la-tappa-feltrina","status":"publish","type":"post","link":"https:\/\/www.europesays.com\/it\/152477\/","title":{"rendered":"c&#8217;\u00e8 anche la tappa feltrina"},"content":{"rendered":"<p><strong><a href=\"https:\/\/www.ilgazzettino.it\/t\/feltre\" rel=\"nofollow noopener\" target=\"_blank\">FELTRE<\/a><\/strong> (<strong>TREVISO<\/strong>) &#8211; Torna domani in provincia di Belluno &#8220;Obiettivo Tricolore&#8221;, la grande <strong><a href=\"https:\/\/www.ilgazzettino.it\/t\/staffetta\" rel=\"nofollow noopener\" target=\"_blank\">staffetta<\/a><\/strong> <strong><a href=\"https:\/\/www.ilgazzettino.it\/t\/paralimpica\" rel=\"nofollow noopener\" target=\"_blank\">paralimpica<\/a><\/strong> nata nel 2020 da un&#8217;idea di <strong><a href=\"https:\/\/www.ilgazzettino.it\/t\/alex-zanardi\" rel=\"nofollow noopener\" target=\"_blank\">Alex Zanardi<\/a><\/strong> che attraversa l&#8217;Italia per trasmettere i valori dello sport paralimpico e per promuovere lo sport nella disabilit\u00e0. Domani, mercoled\u00ec 8, ci sar\u00e0 la frazione Paese Fonzaso con transito nel comune di Feltre. La staffetta sar\u00e0 composta dagli atleti paralimpici di Obiettivo3 Marco Cottarelli (47 anni di Verona), Massimo Salmaso (54 anni, di Padova) e Giancarlo Masini (45 anni, di Castiglione delle Stiviere). I tre atleti saranno accompagnati dal campione olimpico Elia Viviani e dall&#8217;attore Paolo Kessisoglu con alcuni membri dell&#8217;associazione &#8216;C&#8217;\u00e8 da Fare&#8217; da lui guidata.<\/p>\n<p>    &#13;<\/p>\n<p>APPROFONDIMENTI<\/p>\n<p>&#13;<br \/>\n        &#13;<\/p>\n<p> IL PERCORSO <\/p>\n<p>Pedaleranno insieme partendo da Paese verso Cornuda, Onigo, Pederobba, Fener, Quero, Sanzan e poi lungo la Feltrina fino alle porte della citt\u00e0 dove sar\u00e0 imboccata la ciclabile di San Paolo e poi la staffetta proseguir\u00e0 verso via Montegrappa e la Culiada scortata dalla polizia locale di Feltre. Chiunque potr\u00e0 pedalare con loro rafforzando il messaggio importante che i ragazzi di Zanardi portano avanti da anni.<\/p>\n<p>LE TAPPE <\/p>\n<p>La Staffetta Tricolore \u00e8 partita il 21 settembre e ha coinvolto 70 atleti paralimpici che stanno attraversando 10 regioni d&#8217;Italia passandosi il testimone in sella a handbike, biciclette e carrozzine olimpiche lungo 23 tappe e per quasi 2.000 chilometri. Partiti da Gallipoli, dopo aver attraversato Puglia, Basilicata, Campania, Abruzzo, Lazio, Umbria, Toscana ed Emilia-Romagna, Obiettivo Tricolore ha raggiunto il Veneto, ultima regione prima del gran finale atteso in Trentino. Domani, appunto, la ventesima tappa partir\u00e0 alle 10.30 da Paese destinazione Mvc Store di Santa Lucia. L&#8217;azienda Castelli, infatti, \u00e8 partner del progetto fin dall&#8217;inizio quando cominci\u00f2 a prendere forma proprio a Feltre, nell&#8217;ambito della 24 ore per volont\u00e0 del campione Zanardi. Al Mvc Store ci sar\u00e0 un momento di benvenuto aperto a tutti per accogliere i ragazzi, il campione Viviani e l&#8217;attore Kessisoglu. Orario previsto di arrivo ore 14 circa.<\/p>\n<p>Il giorno dopo la staffetta della 21. tappa sar\u00e0 formata da Cristian Miloni che sar\u00e0 &#8220;scortato&#8221; per tutto il percorso dal campione Fabio Aru. Ritrovo al Mvc Store alle 8.15 circa, trasferimento a Fonzaso dalla cui piazza principale il sindaco far\u00e0 partire alle 9 la tappa diretta a Predazzo con passaggio sul Passo Rolle. Gran finale venerdi 10 ottobre in Piazza Duomo a Trento, nel contesto del Festival dello Sport. \u00abSpero che molti trovino il modo di accogliere l&#8217;arrivo degli staffettisti gi\u00e0 a Feltre pedalando con loro commenta Alessio Cremonese, presidente di Manifattura Valcismon ci saranno alcuni nostri ragazzi. Abbiamo sempre sostenuto il progetto di Alex Zanardi e come azienda cerchiamo di metterli nelle condizioni migliori per la loro attivit\u00e0 sportiva, sono un esempio importante di valori forti e di tenacia nel voler perseguire i propri sogni nonostante le difficolt\u00e0\u00bb.<\/p>\n<p>\u00a0<\/p>\n","protected":false},"excerpt":{"rendered":"FELTRE (TREVISO) &#8211; Torna domani in provincia di Belluno &#8220;Obiettivo Tricolore&#8221;, la grande staffetta paralimpica nata nel 2020&hellip;\n","protected":false},"author":3,"featured_media":152478,"comment_status":"","ping_status":"","sticky":false,"template":"","format":"standard","meta":{"footnotes":""},"categories":[1456],"tags":[94303,1824,1825,38112,1537,90,89,94304,245,244,20402],"class_list":{"0":"post-152477","1":"post","2":"type-post","3":"status-publish","4":"format-standard","5":"has-post-thumbnail","7":"category-ciclismo","8":"tag-alex-zanardi","9":"tag-ciclismo","10":"tag-cycling","11":"tag-feltre","12":"tag-it","13":"tag-italia","14":"tag-italy","15":"tag-paralimpica","16":"tag-sport","17":"tag-sports","18":"tag-staffetta"},"share_on_mastodon":{"url":"","error":""},"_links":{"self":[{"href":"https:\/\/www.europesays.com\/it\/wp-json\/wp\/v2\/posts\/152477","targetHints":{"allow":["GET"]}}],"collection":[{"href":"https:\/\/www.europesays.com\/it\/wp-json\/wp\/v2\/posts"}],"about":[{"href":"https:\/\/www.europesays.com\/it\/wp-json\/wp\/v2\/types\/post"}],"author":[{"embeddable":true,"href":"https:\/\/www.europesays.com\/it\/wp-json\/wp\/v2\/users\/3"}],"replies":[{"embeddable":true,"href":"https:\/\/www.europesays.com\/it\/wp-json\/wp\/v2\/comments?post=152477"}],"version-history":[{"count":0,"href":"https:\/\/www.europesays.com\/it\/wp-json\/wp\/v2\/posts\/152477\/revisions"}],"wp:featuredmedia":[{"embeddable":true,"href":"https:\/\/www.europesays.com\/it\/wp-json\/wp\/v2\/media\/152478"}],"wp:attachment":[{"href":"https:\/\/www.europesays.com\/it\/wp-json\/wp\/v2\/media?parent=152477"}],"wp:term":[{"taxonomy":"category","embeddable":true,"href":"https:\/\/www.europesays.com\/it\/wp-json\/wp\/v2\/categories?post=152477"},{"taxonomy":"post_tag","embeddable":true,"href":"https:\/\/www.europesays.com\/it\/wp-json\/wp\/v2\/tags?post=152477"}],"curies":[{"name":"wp","href":"https:\/\/api.w.org\/{rel}","templated":true}]}}