{"id":152486,"date":"2025-10-08T04:22:13","date_gmt":"2025-10-08T04:22:13","guid":{"rendered":"https:\/\/www.europesays.com\/it\/152486\/"},"modified":"2025-10-08T04:22:13","modified_gmt":"2025-10-08T04:22:13","slug":"galeries-bartoux-apre-un-colossale-spazio-espositivo-a-venezia","status":"publish","type":"post","link":"https:\/\/www.europesays.com\/it\/152486\/","title":{"rendered":"Galeries Bartoux apre un colossale spazio espositivo a Venezia"},"content":{"rendered":"<p>Nel cuore di <strong>Venezia<\/strong> il gruppo internazionale<strong> Galeries Bartoux<\/strong> inaugura il 10 ottobre 2025 la sua prima sede italiana. A pochi passi dalle Gallerie dell\u2019Accademia, nel sestiere di Dorsoduro \u2013 siamo all\u2019inizio del \u201cMiglio dell\u2019Arte\u201d, dove hanno sede anche le Gallerie dell\u2019Accademia, Punta della Dogana e la Collezione Peggy Guggenheim -, il gruppo occuper\u00e0 infatti l\u2019<strong>ex Cinema Accademia<\/strong> (dopo almeno due anni di restauro) aprendo un <strong>polo per le arti e la cultura.<\/strong><\/p>\n<p><img fetchpriority=\"high\" decoding=\"async\" width=\"1024\" height=\"695\" src=\"https:\/\/www.europesays.com\/it\/wp-content\/uploads\/2025\/10\/galeries-bartoux-venezia-04-1024x695.png\" alt=\"Galeries Bartoux Venezia\" class=\"wp-image-1185148\"  \/>Galeries Bartoux VeneziaIl nuovo spazio di Galeries Bartoux a Venezia<\/p>\n<p>Lo spazio di 1.200 metri quadrati si articola in diversi ambienti: ci saranno sale espositive per mostre permanenti e temporanee con artisti internazionali e giovani talenti; un cinema immersivo di 500 mq e 12 m di altezza, con due produzioni video inedite all\u2019anno realizzate con lo studio francese Superbien; il Caf\u00e9 des Arts curato dal ristorante Le Marcandole; e un giardino privato di sculture. La prima mostra, Dal\u00ed \u00e8 Venezia, realizzata in collaborazione con Dal\u00ed Universe, aprir\u00e0 a dicembre con una selezione di sculture, dipinti e litografie di Salvador Dal\u00ed e un film immersivo che reimmagina Venezia con l\u2019aiuto del maestro surrealista. Si punta insomma su nomi popolari e di facile accesso per un pubblico anche di turisti che in grande massa transita di fronte agli spazi strategicamente collocati vicino al Ponte dell\u2019Accademia.<\/p>\n<p>    L&#8217;articolo continua pi\u00f9 sotto<\/p>\n<p><img loading=\"lazy\" decoding=\"async\" width=\"1024\" height=\"695\" src=\"https:\/\/www.europesays.com\/it\/wp-content\/uploads\/2025\/10\/galeries-bartoux-venezia-02-1024x695.png\" alt=\"Galeries Bartoux Venezia\" class=\"wp-image-1185146\"  \/>Galeries Bartoux VeneziaArte e tecnologia a Venezia<\/p>\n<p>Fondato nel 1993 da Robert e Isabelle Bartoux, il gruppo Galeries Bartoux conta 20 gallerie commerciali nel mondo e adesso introduce il format <strong>Bartoux Experience, tra arte e tecnologia<\/strong>. La direzione \u00e8 affidata alla veneziana <strong>Lorenza<\/strong> <strong>Lain<\/strong>, che ha ricordato che \u201cle sale accoglieranno artisti italiani e internazionali e mostre immersive aperte al pubblico: molto pi\u00f9 di una galleria, un dialogo continuo tra creativit\u00e0, storia e comunit\u00e0\u201d. La programmazione culturale prevede quindi, oltre alle<strong> mostre, eventi di arte, moda e design, aperti al pubblico e in dialogo con la citt\u00e0.<\/strong><\/p>\n<p><img loading=\"lazy\" decoding=\"async\" width=\"866\" height=\"1024\" src=\"https:\/\/www.europesays.com\/it\/wp-content\/uploads\/2025\/10\/lorenza-lain-866x1024.jpeg\" alt=\"lorenza lain Nasce a Venezia un nuovo polo per le arti dentro un vecchio cinema: apre la galleria Bartoux\" class=\"wp-image-1185149\"  \/>Lorenza LainLa nuova vita del vecchio Cinema Accademia di Venezia<\/p>\n<p>Tutto questo, con il patrocinio del Comune, sar\u00e0 all\u2019<strong>ex Cinema Accademia<\/strong>, attivo tra il 1928 e il 2002 e a sua volta costruito su un teatro del Settecento. La famiglia Bartoux ha \u201cvoluto fortemente che questo restauro rispettasse l\u2019architettura originale\u201d, valorizzando le travi in legno, le pietre a vista e le boiserie. Confermando, insomma, le <strong>grandi aspettative accumulatesi in questi due anni<\/strong> e riaprendo uno spazio pubblico che, come ormai \u00e8 norma a Venezia, diventa<strong> l\u2019ultimo di molti riconvertiti con un intervento di capitali privati.<\/strong><\/p>\n<p><img loading=\"lazy\" decoding=\"async\" width=\"1024\" height=\"695\" src=\"https:\/\/www.europesays.com\/it\/wp-content\/uploads\/2025\/10\/galeries-bartoux-venezia-03-1024x695.png\" alt=\"galeries bartoux venezia 03 Nasce a Venezia un nuovo polo per le arti dentro un vecchio cinema: apre la galleria Bartoux\" class=\"wp-image-1185147\"  \/>Galeries Bartoux Venezia<\/p>\n<p class=\"intext-cta\">Artribune \u00e8 anche su Whatsapp.  \u00c8 sufficiente <a href=\"https:\/\/whatsapp.com\/channel\/0029Va9iaYUEFeXeqRR2yT1y\" target=\"_blank\" rel=\"nofollow noopener\">cliccare qui<\/a> per iscriversi al canale ed essere sempre aggiornati<\/p>\n","protected":false},"excerpt":{"rendered":"Nel cuore di Venezia il gruppo internazionale Galeries Bartoux inaugura il 10 ottobre 2025 la sua prima sede&hellip;\n","protected":false},"author":3,"featured_media":152487,"comment_status":"","ping_status":"","sticky":false,"template":"","format":"standard","meta":{"footnotes":""},"categories":[1446],"tags":[1615,1613,1614,1611,1610,1612,203,204,1537,90,89],"class_list":{"0":"post-152486","1":"post","2":"type-post","3":"status-publish","4":"format-standard","5":"has-post-thumbnail","7":"category-arte-e-design","8":"tag-arte","9":"tag-arte-e-design","10":"tag-arteedesign","11":"tag-arts","12":"tag-arts-and-design","13":"tag-design","14":"tag-entertainment","15":"tag-intrattenimento","16":"tag-it","17":"tag-italia","18":"tag-italy"},"share_on_mastodon":{"url":"","error":""},"_links":{"self":[{"href":"https:\/\/www.europesays.com\/it\/wp-json\/wp\/v2\/posts\/152486","targetHints":{"allow":["GET"]}}],"collection":[{"href":"https:\/\/www.europesays.com\/it\/wp-json\/wp\/v2\/posts"}],"about":[{"href":"https:\/\/www.europesays.com\/it\/wp-json\/wp\/v2\/types\/post"}],"author":[{"embeddable":true,"href":"https:\/\/www.europesays.com\/it\/wp-json\/wp\/v2\/users\/3"}],"replies":[{"embeddable":true,"href":"https:\/\/www.europesays.com\/it\/wp-json\/wp\/v2\/comments?post=152486"}],"version-history":[{"count":0,"href":"https:\/\/www.europesays.com\/it\/wp-json\/wp\/v2\/posts\/152486\/revisions"}],"wp:featuredmedia":[{"embeddable":true,"href":"https:\/\/www.europesays.com\/it\/wp-json\/wp\/v2\/media\/152487"}],"wp:attachment":[{"href":"https:\/\/www.europesays.com\/it\/wp-json\/wp\/v2\/media?parent=152486"}],"wp:term":[{"taxonomy":"category","embeddable":true,"href":"https:\/\/www.europesays.com\/it\/wp-json\/wp\/v2\/categories?post=152486"},{"taxonomy":"post_tag","embeddable":true,"href":"https:\/\/www.europesays.com\/it\/wp-json\/wp\/v2\/tags?post=152486"}],"curies":[{"name":"wp","href":"https:\/\/api.w.org\/{rel}","templated":true}]}}