{"id":152492,"date":"2025-10-08T04:25:17","date_gmt":"2025-10-08T04:25:17","guid":{"rendered":"https:\/\/www.europesays.com\/it\/152492\/"},"modified":"2025-10-08T04:25:17","modified_gmt":"2025-10-08T04:25:17","slug":"ho-donato-soldi-per-una-ho-donato-soldi-per-una-bambina-malata-ma-quella-raccolta-era-una-truffa-ce-sempre-un-infame-pronto-ad-approfittarsene-emis-killa-si-sfoga","status":"publish","type":"post","link":"https:\/\/www.europesays.com\/it\/152492\/","title":{"rendered":"&#8220;Ho donato soldi per una &#8220;Ho donato soldi per una bambina malata, ma quella raccolta era una truffa. C&#8217;\u00e8 sempre un infame pronto ad approfittarsene&#8221;: Emis Killa si sfoga"},"content":{"rendered":"<p><strong>Emis Killa<\/strong> \u00e8 stato truffato e ha denunciato tutto sui social. Il mondo della raccolta fondi \u00e8 un ginepraio. Spesso non si hanno certezze su chi apre le donazioni e soprattutto sulla trasparenza di queste operazioni. <strong>\u00c8 sempre bene informarsi prima e verificare tutti i dettagli<\/strong>. Per\u00f2 accade anche alle persone famose di finire nella \u201crete\u201d sbagliata. Ed \u00e8 quello che, purtroppo, \u00e8 accaduto al rapper che ha denunciato tutto sui social.<\/p>\n<p>Tutto nasce da un post commovente e da alcune foto che mostrano una bimba malata. \u201cNon c\u2019\u00e8 limite al peggio \u2013 ha scritto il rapper -.<strong> L\u2019altro ieri notte qualcuno mi ha inviato il video di una povera bambina visibilmente molto malta, con annesso profilo per avviare raccolta fondi<\/strong>. Clicco sul link e con il cuore a pezzi invio una donazione per completare l\u2019obiettivo segnato\u201d.<\/p>\n<p>E ancora: \u201cDa l\u00ec una successione di eventi che non sto a elencarvi mi insospettiscono. Mi metto in contatto con una persona di \u2018Go fund me\u2019 che stamattina mi conferma che \u00e8 una truffa. L\u2019unica cosa che so \u00e8 che da qualche parte nel mondo questa povera bimba esiste per davvero, ma le persone che speculano su storie come questa per rubare soldi al prossimo con il cuore buono\u201d.<\/p>\n<p>Successivamente Emis Killa ha postato un altro frame che documentava il rimborso da parte della piattaforma pi\u00f9 famosa per la raccolta fondi: \u201cLa tua donazione \u00e8 stata interamente rimborsata. Abbiamo indagato su questa e su altre <strong>raccolte simili riconducibili allo stesso account<\/strong>. Tutte le raccolte riconducibili a questo account sono state rimosse e i donatori rimborsati\u201d.<\/p>\n<p>Infine l\u2019appello: \u201cGuardatevi bene che se avete cuore in questo mondo c\u2019\u00e8 sempre un infame pronto ad approfittarsene. Per quanto riguarda la bambina del video,<strong> se qualcuno la conosce, lei o comunque la sua famiglia me lo segnali<\/strong> e sar\u00f2 felice di aiutarla dando a loro la mia donazione e ad avviare una raccolta vera\u201d.<\/p>\n<p>Stranamente per\u00f2 molti follower hanno commentato negativamente questa denuncia, accusando addirittura l\u2019artista di volersi fare pubblicit\u00e0.<strong> Cos\u00ec il rapper ha postato una serie di video, rispondendo per le rime<\/strong>. \u201cRagazzi, non so se \u00e8 ridere o farmi girare i coglioni, cio\u00e8 non so se avete capito cosa in questo momento qualcuno sta insinuando, \u2013 ha spiegato \u2013 che io ho fatto questa denuncia sociale riguardo alla truffa speculando sui bambini malati per un tornaconto personale. Cio\u00e8, non per segnalare che ci sono degli infami, che ancora tra l\u2019altro stanno raccogliendo soldi perch\u00e9 vedo che i profili sono ancora l\u00ec, usando le immagini di una bambina che, ahim\u00e8, ho scoperto che \u00e8 pure venuta a mancare\u201d.<\/p>\n<p>Poi ha aggiunto: \u201cNo, secondo queste persone io dovevo stare zitto, farmi ridare i soldi e non dire niente, perch\u00e9 senn\u00f2 \u00e8 per farti bello.<strong> Se non fosse chiaro il focus: il punto non era sulla mia beneficenza, perch\u00e9 la beneficenza l\u2019ho sempre fatta in privato,<\/strong> fino a prova contraria, finch\u00e9 non saltava fuori \u2018sta roba della truffa, nessuno sapeva un cazzo neanche di questo di gesto, perch\u00e9 io le cose le faccio per conto mio. Per\u00f2 se permettete, se vado a scoprire una roba del genere, <strong>quantomeno mi premuro che nessuno venga inculato come hanno fatto con me<\/strong> e che non si arricchiscano \u2018sti infamoni. Mannaggia a voi. Poi dite: \u2018Fai denuncia sociale!\u2019, Poi se lo fai rompete i coglioni, non siete mai contenti\u201d.<\/p>\n","protected":false},"excerpt":{"rendered":"Emis Killa \u00e8 stato truffato e ha denunciato tutto sui social. Il mondo della raccolta fondi \u00e8 un&hellip;\n","protected":false},"author":3,"featured_media":152493,"comment_status":"","ping_status":"","sticky":false,"template":"","format":"standard","meta":{"footnotes":""},"categories":[1443],"tags":[203,204,1537,90,89,1538,1539],"class_list":{"0":"post-152492","1":"post","2":"type-post","3":"status-publish","4":"format-standard","5":"has-post-thumbnail","7":"category-musica","8":"tag-entertainment","9":"tag-intrattenimento","10":"tag-it","11":"tag-italia","12":"tag-italy","13":"tag-music","14":"tag-musica"},"share_on_mastodon":{"url":"","error":""},"_links":{"self":[{"href":"https:\/\/www.europesays.com\/it\/wp-json\/wp\/v2\/posts\/152492","targetHints":{"allow":["GET"]}}],"collection":[{"href":"https:\/\/www.europesays.com\/it\/wp-json\/wp\/v2\/posts"}],"about":[{"href":"https:\/\/www.europesays.com\/it\/wp-json\/wp\/v2\/types\/post"}],"author":[{"embeddable":true,"href":"https:\/\/www.europesays.com\/it\/wp-json\/wp\/v2\/users\/3"}],"replies":[{"embeddable":true,"href":"https:\/\/www.europesays.com\/it\/wp-json\/wp\/v2\/comments?post=152492"}],"version-history":[{"count":0,"href":"https:\/\/www.europesays.com\/it\/wp-json\/wp\/v2\/posts\/152492\/revisions"}],"wp:featuredmedia":[{"embeddable":true,"href":"https:\/\/www.europesays.com\/it\/wp-json\/wp\/v2\/media\/152493"}],"wp:attachment":[{"href":"https:\/\/www.europesays.com\/it\/wp-json\/wp\/v2\/media?parent=152492"}],"wp:term":[{"taxonomy":"category","embeddable":true,"href":"https:\/\/www.europesays.com\/it\/wp-json\/wp\/v2\/categories?post=152492"},{"taxonomy":"post_tag","embeddable":true,"href":"https:\/\/www.europesays.com\/it\/wp-json\/wp\/v2\/tags?post=152492"}],"curies":[{"name":"wp","href":"https:\/\/api.w.org\/{rel}","templated":true}]}}