{"id":152506,"date":"2025-10-08T04:33:13","date_gmt":"2025-10-08T04:33:13","guid":{"rendered":"https:\/\/www.europesays.com\/it\/152506\/"},"modified":"2025-10-08T04:33:13","modified_gmt":"2025-10-08T04:33:13","slug":"flotilla-dario-crippa-al-presidio-per-la-palestina","status":"publish","type":"post","link":"https:\/\/www.europesays.com\/it\/152506\/","title":{"rendered":"Flotilla, Dario Crippa al presidio per la Palestina"},"content":{"rendered":"\n<p> <a href=\"https:\/\/www.ecodibergamo.it\/stories\/premium\/bergamo-citta\/global-sumud-flotilla-il-bergamasco-dario-crippa-e-atterrato-a-malpensa-o_3364724_11\/\" target=\"_blank\" title=\"www.ecodibergamo.it\" rel=\"nofollow noopener\"> <strong class=\"nero\">Dario Crippa<\/strong> <\/a> sorride, ha voglia anche di ridere. Negli occhi non sembra avere le violenze viste e vissute in carcere in Israele.<\/p>\n<p>  \u00abNon \u00e8 un giorno di festa\u00bb <\/p>\n<p>\u00abGrazie per questi 36 giorni di presidio, sono stati incredibili. Anche in mezzo al mare ho avuto modo di sentire la forza. Ma oggi non \u00e8 un giorno di festa, a Gaza non si festeggia perch\u00e9 gli aiuti umanitari non sono stati recapitati dove dovevano arrivare. Gli occhi che la Flotilla ha avuto su di s\u00e9 devono rivolgersi alla Palestina\u00bb, <strong class=\"nero\">ribadisce Dario Crippa, il 25enne attivista della Global Sumud Flotilla<\/strong> rientrato luned\u00ec 6 ottobre in Italia. Bergamo lo ha accolto, questa sera, marted\u00ec 7 ottobre, sotto Palazzo Frizzoni nel presidio permanente per la Palestina. Striscioni, cori, applausi. Dario li raccoglie, intonando con il pugno alzato \u00abBella ciao\u00bb, dopo aver ribadito le violazioni dei diritti umanitari e internazionali subite dai membri della missione ma che, ribadisce, \u00absono un briciolo di ci\u00f2 che vivono i palestinesi dal 1948\u00bb.<\/p>\n<p><a data-credits=\"Agazzi\" data-title=\"Dario Crippa durante il suo intervento\" href=\"https:\/\/storage.ecodibergamo.it\/media\/photologue\/2025\/10\/7\/photos\/flotilla-dario-crippa-al-presidio-per-la-palestina-non-e-un-giorno-di-festa_7616bc30-a3a5-11f0-ab25-27d30ab876f4_1440_1080.jpg\" title=\"Dario Crippa durante il suo intervento\" rel=\"nofollow noopener\" target=\"_blank\"><br \/>\n<img decoding=\"async\" alt=\"Dario Crippa durante il suo intervento\" class=\"lozad\" src=\"https:\/\/www.europesays.com\/it\/wp-content\/uploads\/2025\/10\/flotilla-dario-crippa-al-presidio-per-la-palestina-non-e-un-giorno-di-festa_7616bc30-a3a5-11f0-ab25-.jpeg\" title=\"Dario Crippa durante il suo intervento\" width=\"100%\"\/><br \/>\n<\/a><\/p>\n<p>        Dario Crippa durante il suo intervento<\/p>\n<p>(Foto di<br \/>\n            Agazzi)<\/p>\n<p><a data-credits=\"Agazzi\" data-title=\"Il presidio\" href=\"https:\/\/storage.ecodibergamo.it\/media\/photologue\/2025\/10\/7\/photos\/flotilla-dario-crippa-al-presidio-per-la-palestina-non-e-un-giorno-di-festa_7778b5b0-a3a5-11f0-ab25-27d30ab876f4_1440_1080.jpg\" title=\"Il presidio\" rel=\"nofollow noopener\" target=\"_blank\"><br \/>\n<img decoding=\"async\" alt=\"Il presidio\" class=\"lozad\" src=\"https:\/\/www.europesays.com\/it\/wp-content\/uploads\/2025\/10\/flotilla-dario-crippa-al-presidio-per-la-palestina-non-e-un-giorno-di-festa_7778b5b0-a3a5-11f0-ab25-.jpeg\" title=\"Il presidio\" width=\"100%\"\/><br \/>\n<\/a><\/p>\n<p>        Il presidio<\/p>\n<p>(Foto di<br \/>\n            Agazzi)<\/p>\n<p>  Il ringraziamento di Carnevali <\/p>\n<p>L\u2019abbraccio della citt\u00e0 \u00e8 arrivato anche attraverso le parole della sindaca Elena Carnevali: \u00abPer noi essere qui <strong class=\"nero\">\u00e8 una manifestazione di affetto, stima e riconoscimento del coraggio che Dario ha avuto, e anche di umanit\u00e0<\/strong> &#8211; ha detto la sindaca -. Grazie a chi per pi\u00f9 di 36 giorni \u00e8 stato qui, ad accompagnare la Flotilla e a chiedere condizioni di pace per un popolo stremato e affamato e il riconoscimento di uno Stato palestinese\u00bb.<\/p>\n","protected":false},"excerpt":{"rendered":"Dario Crippa sorride, ha voglia anche di ridere. Negli occhi non sembra avere le violenze viste e vissute&hellip;\n","protected":false},"author":3,"featured_media":152507,"comment_status":"","ping_status":"","sticky":false,"template":"","format":"standard","meta":{"footnotes":""},"categories":[79],"tags":[80091,1083,14,93,94,80872,1110,94317,59367,77,8330,1537,90,89,7,15,94318,477,9964,2259,2258,11,84,91,12,85,92],"class_list":{"0":"post-152506","1":"post","2":"type-post","3":"status-publish","4":"format-standard","5":"has-post-thumbnail","7":"category-italia","8":"tag-agitazioni","9":"tag-conflitti","10":"tag-cronaca","11":"tag-cronaca-italiana","12":"tag-cronacaitaliana","13":"tag-dario-crippa","14":"tag-diritti-umani","15":"tag-elena-carnevali","16":"tag-global-sumud-flotilla","17":"tag-guerra","18":"tag-guerre","19":"tag-it","20":"tag-italia","21":"tag-italy","22":"tag-news","23":"tag-notizie","24":"tag-palazzo-frizzoni","25":"tag-politica","26":"tag-politica-interna","27":"tag-questioni-sociali-generico","28":"tag-sociale","29":"tag-ultime-notizie","30":"tag-ultime-notizie-e-news-di-oggi","31":"tag-ultime-notizie-italia","32":"tag-ultimenotizie","33":"tag-ultimenotizieenewsdioggi","34":"tag-ultimenotizieitalia"},"share_on_mastodon":{"url":"","error":""},"_links":{"self":[{"href":"https:\/\/www.europesays.com\/it\/wp-json\/wp\/v2\/posts\/152506","targetHints":{"allow":["GET"]}}],"collection":[{"href":"https:\/\/www.europesays.com\/it\/wp-json\/wp\/v2\/posts"}],"about":[{"href":"https:\/\/www.europesays.com\/it\/wp-json\/wp\/v2\/types\/post"}],"author":[{"embeddable":true,"href":"https:\/\/www.europesays.com\/it\/wp-json\/wp\/v2\/users\/3"}],"replies":[{"embeddable":true,"href":"https:\/\/www.europesays.com\/it\/wp-json\/wp\/v2\/comments?post=152506"}],"version-history":[{"count":0,"href":"https:\/\/www.europesays.com\/it\/wp-json\/wp\/v2\/posts\/152506\/revisions"}],"wp:featuredmedia":[{"embeddable":true,"href":"https:\/\/www.europesays.com\/it\/wp-json\/wp\/v2\/media\/152507"}],"wp:attachment":[{"href":"https:\/\/www.europesays.com\/it\/wp-json\/wp\/v2\/media?parent=152506"}],"wp:term":[{"taxonomy":"category","embeddable":true,"href":"https:\/\/www.europesays.com\/it\/wp-json\/wp\/v2\/categories?post=152506"},{"taxonomy":"post_tag","embeddable":true,"href":"https:\/\/www.europesays.com\/it\/wp-json\/wp\/v2\/tags?post=152506"}],"curies":[{"name":"wp","href":"https:\/\/api.w.org\/{rel}","templated":true}]}}